{"id":48214,"date":"2020-06-06T17:32:59","date_gmt":"2020-06-06T17:32:59","guid":{"rendered":"https:\/\/abarevegan.com.br\/index.php\/2020\/06\/06\/homem-e-preso-com-quase-12kg-de-cocaina-em-vila-campinas\/"},"modified":"2020-06-06T17:32:59","modified_gmt":"2020-06-06T17:32:59","slug":"homem-e-preso-com-quase-12kg-de-cocaina-em-vila-campinas","status":"publish","type":"post","link":"https:\/\/nk7-testes.com.br\/agazeta\/homem-e-preso-com-quase-12kg-de-cocaina-em-vila-campinas\/","title":{"rendered":"Homem \u00e9 preso com quase 12kg de coca\u00edna, em Vila Campinas"},"content":{"rendered":"<p style=\"text-align: justify;\"><span style=\"font-size: 13.2px;\">PRF localizou a droga dentro de ve\u00edculo conduzido pelo suspeito<br \/><\/span><\/p>\n<p style=\"text-align: justify;\">No in\u00edcio da manh\u00e3 deste s\u00e1bado (6), durante ronda na BR-364, Km 60, Vila Campinas, interior do Acre, uma equipe da Pol\u00edcia Rodovi\u00e1ria Federal (PRF) determinou que o condutor de um ve\u00edculo parasse. Neste momento, uma guarni\u00e7\u00e3o da Pol\u00edcia Militar (PM) de Vila Campinas parou para dar apoio \u00e0 PRF.<\/p>\n<p style=\"text-align: justify;\">Durante a entrevista policial, o motorista bastante nervoso informou que mora em Ariquemes (RO), que estava com o carro emplacado no Amazonas, e apresentou v\u00e1rias vers\u00f5es para os motivos da viagem.<\/p>\n<p style=\"text-align: justify;\">Diante da fundada suspeita, os policiais decidiram realizar uma fiscaliza\u00e7\u00e3o mais detalhada, quando foi encontrado um local preparado para esconder algo, atr\u00e1s dos bancos. Dentro do compartimento, estavam 11 pacotes contendo subst\u00e2ncia com caracter\u00edsticas de coca\u00edna. No teste inicial, foi confirmado o entorpecente.<\/p>\n<p style=\"text-align: justify;\">Questionado novamente, o motorista informou que foi contratado por uma pessoa que ele n\u00e3o conhece para trazer o carro at\u00e9 a regi\u00e3o das \u201cQuatro Bocas\u201d, na BR-364, no Acre. Pelo servi\u00e7o ele receberia R$ 3 mil.<\/p>\n<p style=\"text-align: justify;\">Diante do flagrante, o homem, de 41 anosm, recebeu voz de pris\u00e3o e foi conduzido, juntamente com o ve\u00edculo, a droga (11,6 Kg) e demais pertences, para a Delegacia de Pol\u00edcia Civil, na capital acreana.<\/p>\n","protected":false},"excerpt":{"rendered":"<p style=\"text-align: justify;\"><span style=\"font-size: 13.2px;\">PRF localizou a droga dentro de ve\u00edculo conduzido pelo suspeito<br \/><\/span><\/p>\n","protected":false},"author":4,"featured_media":48213,"comment_status":"open","ping_status":"open","sticky":false,"template":"","format":"standard","meta":{"jnews-multi-image_gallery":[],"jnews_single_post":[],"jnews_primary_category":[],"jnews_social_meta":[],"jnews_review":[],"enable_review":"","type":"","name":"","summary":"","brand":"","sku":"","good":[],"bad":[],"score_override":"","override_value":"","rating":[],"price":[],"footnotes":""},"categories":[44],"tags":[],"class_list":["post-48214","post","type-post","status-publish","format-standard","has-post-thumbnail","hentry","category-policia"],"yoast_head":"<!-- This site is optimized with the Yoast SEO plugin v26.5 - https:\/\/yoast.com\/wordpress\/plugins\/seo\/ -->\n<title>Homem \u00e9 preso com quase 12kg de coca\u00edna, em Vila Campinas - Agazeta.net<\/title>\n<meta name=\"robots\" content=\"index, follow, max-snippet:-1, max-image-preview:large, max-video-preview:-1\" \/>\n<link rel=\"canonical\" href=\"https:\/\/nk7-testes.com.br\/agazeta\/homem-e-preso-com-quase-12kg-de-cocaina-em-vila-campinas\/\" \/>\n<meta property=\"og:locale\" content=\"pt_BR\" \/>\n<meta property=\"og:type\" content=\"article\" \/>\n<meta property=\"og:title\" content=\"Homem \u00e9 preso com quase 12kg de coca\u00edna, em Vila Campinas - Agazeta.net\" \/>\n<meta property=\"og:description\" content=\"PRF localizou a droga dentro de ve\u00edculo conduzido pelo suspeito\" \/>\n<meta property=\"og:url\" content=\"https:\/\/nk7-testes.com.br\/agazeta\/homem-e-preso-com-quase-12kg-de-cocaina-em-vila-campinas\/\" \/>\n<meta property=\"og:site_name\" content=\"Agazeta.net\" \/>\n<meta property=\"article:published_time\" content=\"2020-06-06T17:32:59+00:00\" \/>\n<meta property=\"og:image\" content=\"https:\/\/nk7-testes.com.br\/agazeta\/wp-content\/uploads\/2020\/06\/06-06-20_apreensao_prf.jpeg\" \/>\n\t<meta property=\"og:image:width\" content=\"455\" \/>\n\t<meta property=\"og:image:height\" content=\"340\" \/>\n\t<meta property=\"og:image:type\" content=\"image\/jpeg\" \/>\n<meta name=\"author\" content=\"Agazeta.Net\" \/>\n<meta name=\"twitter:card\" content=\"summary_large_image\" \/>\n<meta name=\"twitter:label1\" content=\"Escrito por\" \/>\n\t<meta name=\"twitter:data1\" content=\"Agazeta.Net\" \/>\n\t<meta name=\"twitter:label2\" content=\"Est. tempo de leitura\" \/>\n\t<meta name=\"twitter:data2\" content=\"1 minuto\" \/>\n<script type=\"application\/ld+json\" class=\"yoast-schema-graph\">{\"@context\":\"https:\/\/schema.org\",\"@graph\":[{\"@type\":\"WebPage\",\"@id\":\"https:\/\/nk7-testes.com.br\/agazeta\/homem-e-preso-com-quase-12kg-de-cocaina-em-vila-campinas\/\",\"url\":\"https:\/\/nk7-testes.com.br\/agazeta\/homem-e-preso-com-quase-12kg-de-cocaina-em-vila-campinas\/\",\"name\":\"Homem \u00e9 preso com quase 12kg de coca\u00edna, em Vila Campinas - Agazeta.net\",\"isPartOf\":{\"@id\":\"https:\/\/nk7-testes.com.br\/agazeta\/#website\"},\"primaryImageOfPage\":{\"@id\":\"https:\/\/nk7-testes.com.br\/agazeta\/homem-e-preso-com-quase-12kg-de-cocaina-em-vila-campinas\/#primaryimage\"},\"image\":{\"@id\":\"https:\/\/nk7-testes.com.br\/agazeta\/homem-e-preso-com-quase-12kg-de-cocaina-em-vila-campinas\/#primaryimage\"},\"thumbnailUrl\":\"https:\/\/nk7-testes.com.br\/agazeta\/wp-content\/uploads\/2020\/06\/06-06-20_apreensao_prf.jpeg\",\"datePublished\":\"2020-06-06T17:32:59+00:00\",\"author\":{\"@id\":\"https:\/\/nk7-testes.com.br\/agazeta\/#\/schema\/person\/ff6b39d54d6973bfc57f4140f659b23f\"},\"breadcrumb\":{\"@id\":\"https:\/\/nk7-testes.com.br\/agazeta\/homem-e-preso-com-quase-12kg-de-cocaina-em-vila-campinas\/#breadcrumb\"},\"inLanguage\":\"pt-BR\",\"potentialAction\":[{\"@type\":\"ReadAction\",\"target\":[\"https:\/\/nk7-testes.com.br\/agazeta\/homem-e-preso-com-quase-12kg-de-cocaina-em-vila-campinas\/\"]}]},{\"@type\":\"ImageObject\",\"inLanguage\":\"pt-BR\",\"@id\":\"https:\/\/nk7-testes.com.br\/agazeta\/homem-e-preso-com-quase-12kg-de-cocaina-em-vila-campinas\/#primaryimage\",\"url\":\"https:\/\/nk7-testes.com.br\/agazeta\/wp-content\/uploads\/2020\/06\/06-06-20_apreensao_prf.jpeg\",\"contentUrl\":\"https:\/\/nk7-testes.com.br\/agazeta\/wp-content\/uploads\/2020\/06\/06-06-20_apreensao_prf.jpeg\",\"width\":455,\"height\":340,\"caption\":\"06-06-20 apreens\u00e3o prf\"},{\"@type\":\"BreadcrumbList\",\"@id\":\"https:\/\/nk7-testes.com.br\/agazeta\/homem-e-preso-com-quase-12kg-de-cocaina-em-vila-campinas\/#breadcrumb\",\"itemListElement\":[{\"@type\":\"ListItem\",\"position\":1,\"name\":\"In\u00edcio\",\"item\":\"https:\/\/nk7-testes.com.br\/agazeta\/\"},{\"@type\":\"ListItem\",\"position\":2,\"name\":\"Homem \u00e9 preso com quase 12kg de coca\u00edna, em Vila Campinas\"}]},{\"@type\":\"WebSite\",\"@id\":\"https:\/\/nk7-testes.com.br\/agazeta\/#website\",\"url\":\"https:\/\/nk7-testes.com.br\/agazeta\/\",\"name\":\"Agazeta.net\",\"description\":\"Agazeta.net - Not\u00edcias de Rio Branco\/AC\",\"potentialAction\":[{\"@type\":\"SearchAction\",\"target\":{\"@type\":\"EntryPoint\",\"urlTemplate\":\"https:\/\/nk7-testes.com.br\/agazeta\/?s={search_term_string}\"},\"query-input\":{\"@type\":\"PropertyValueSpecification\",\"valueRequired\":true,\"valueName\":\"search_term_string\"}}],\"inLanguage\":\"pt-BR\"},{\"@type\":\"Person\",\"@id\":\"https:\/\/nk7-testes.com.br\/agazeta\/#\/schema\/person\/ff6b39d54d6973bfc57f4140f659b23f\",\"name\":\"Agazeta.Net\",\"url\":\"https:\/\/nk7-testes.com.br\/agazeta\/author\/agazeta\/\"}]}<\/script>\n<!-- \/ Yoast SEO plugin. -->","yoast_head_json":{"title":"Homem \u00e9 preso com quase 12kg de coca\u00edna, em Vila Campinas - Agazeta.net","robots":{"index":"index","follow":"follow","max-snippet":"max-snippet:-1","max-image-preview":"max-image-preview:large","max-video-preview":"max-video-preview:-1"},"canonical":"https:\/\/nk7-testes.com.br\/agazeta\/homem-e-preso-com-quase-12kg-de-cocaina-em-vila-campinas\/","og_locale":"pt_BR","og_type":"article","og_title":"Homem \u00e9 preso com quase 12kg de coca\u00edna, em Vila Campinas - Agazeta.net","og_description":"PRF localizou a droga dentro de ve\u00edculo conduzido pelo suspeito","og_url":"https:\/\/nk7-testes.com.br\/agazeta\/homem-e-preso-com-quase-12kg-de-cocaina-em-vila-campinas\/","og_site_name":"Agazeta.net","article_published_time":"2020-06-06T17:32:59+00:00","og_image":[{"width":455,"height":340,"url":"https:\/\/nk7-testes.com.br\/agazeta\/wp-content\/uploads\/2020\/06\/06-06-20_apreensao_prf.jpeg","type":"image\/jpeg"}],"author":"Agazeta.Net","twitter_card":"summary_large_image","twitter_misc":{"Escrito por":"Agazeta.Net","Est. tempo de leitura":"1 minuto"},"schema":{"@context":"https:\/\/schema.org","@graph":[{"@type":"WebPage","@id":"https:\/\/nk7-testes.com.br\/agazeta\/homem-e-preso-com-quase-12kg-de-cocaina-em-vila-campinas\/","url":"https:\/\/nk7-testes.com.br\/agazeta\/homem-e-preso-com-quase-12kg-de-cocaina-em-vila-campinas\/","name":"Homem \u00e9 preso com quase 12kg de coca\u00edna, em Vila Campinas - Agazeta.net","isPartOf":{"@id":"https:\/\/nk7-testes.com.br\/agazeta\/#website"},"primaryImageOfPage":{"@id":"https:\/\/nk7-testes.com.br\/agazeta\/homem-e-preso-com-quase-12kg-de-cocaina-em-vila-campinas\/#primaryimage"},"image":{"@id":"https:\/\/nk7-testes.com.br\/agazeta\/homem-e-preso-com-quase-12kg-de-cocaina-em-vila-campinas\/#primaryimage"},"thumbnailUrl":"https:\/\/nk7-testes.com.br\/agazeta\/wp-content\/uploads\/2020\/06\/06-06-20_apreensao_prf.jpeg","datePublished":"2020-06-06T17:32:59+00:00","author":{"@id":"https:\/\/nk7-testes.com.br\/agazeta\/#\/schema\/person\/ff6b39d54d6973bfc57f4140f659b23f"},"breadcrumb":{"@id":"https:\/\/nk7-testes.com.br\/agazeta\/homem-e-preso-com-quase-12kg-de-cocaina-em-vila-campinas\/#breadcrumb"},"inLanguage":"pt-BR","potentialAction":[{"@type":"ReadAction","target":["https:\/\/nk7-testes.com.br\/agazeta\/homem-e-preso-com-quase-12kg-de-cocaina-em-vila-campinas\/"]}]},{"@type":"ImageObject","inLanguage":"pt-BR","@id":"https:\/\/nk7-testes.com.br\/agazeta\/homem-e-preso-com-quase-12kg-de-cocaina-em-vila-campinas\/#primaryimage","url":"https:\/\/nk7-testes.com.br\/agazeta\/wp-content\/uploads\/2020\/06\/06-06-20_apreensao_prf.jpeg","contentUrl":"https:\/\/nk7-testes.com.br\/agazeta\/wp-content\/uploads\/2020\/06\/06-06-20_apreensao_prf.jpeg","width":455,"height":340,"caption":"06-06-20 apreens\u00e3o prf"},{"@type":"BreadcrumbList","@id":"https:\/\/nk7-testes.com.br\/agazeta\/homem-e-preso-com-quase-12kg-de-cocaina-em-vila-campinas\/#breadcrumb","itemListElement":[{"@type":"ListItem","position":1,"name":"In\u00edcio","item":"https:\/\/nk7-testes.com.br\/agazeta\/"},{"@type":"ListItem","position":2,"name":"Homem \u00e9 preso com quase 12kg de coca\u00edna, em Vila Campinas"}]},{"@type":"WebSite","@id":"https:\/\/nk7-testes.com.br\/agazeta\/#website","url":"https:\/\/nk7-testes.com.br\/agazeta\/","name":"Agazeta.net","description":"Agazeta.net - Not\u00edcias de Rio Branco\/AC","potentialAction":[{"@type":"SearchAction","target":{"@type":"EntryPoint","urlTemplate":"https:\/\/nk7-testes.com.br\/agazeta\/?s={search_term_string}"},"query-input":{"@type":"PropertyValueSpecification","valueRequired":true,"valueName":"search_term_string"}}],"inLanguage":"pt-BR"},{"@type":"Person","@id":"https:\/\/nk7-testes.com.br\/agazeta\/#\/schema\/person\/ff6b39d54d6973bfc57f4140f659b23f","name":"Agazeta.Net","url":"https:\/\/nk7-testes.com.br\/agazeta\/author\/agazeta\/"}]}},"_links":{"self":[{"href":"https:\/\/nk7-testes.com.br\/agazeta\/wp-json\/wp\/v2\/posts\/48214","targetHints":{"allow":["GET"]}}],"collection":[{"href":"https:\/\/nk7-testes.com.br\/agazeta\/wp-json\/wp\/v2\/posts"}],"about":[{"href":"https:\/\/nk7-testes.com.br\/agazeta\/wp-json\/wp\/v2\/types\/post"}],"author":[{"embeddable":true,"href":"https:\/\/nk7-testes.com.br\/agazeta\/wp-json\/wp\/v2\/users\/4"}],"replies":[{"embeddable":true,"href":"https:\/\/nk7-testes.com.br\/agazeta\/wp-json\/wp\/v2\/comments?post=48214"}],"version-history":[{"count":0,"href":"https:\/\/nk7-testes.com.br\/agazeta\/wp-json\/wp\/v2\/posts\/48214\/revisions"}],"wp:featuredmedia":[{"embeddable":true,"href":"https:\/\/nk7-testes.com.br\/agazeta\/wp-json\/wp\/v2\/media\/48213"}],"wp:attachment":[{"href":"https:\/\/nk7-testes.com.br\/agazeta\/wp-json\/wp\/v2\/media?parent=48214"}],"wp:term":[{"taxonomy":"category","embeddable":true,"href":"https:\/\/nk7-testes.com.br\/agazeta\/wp-json\/wp\/v2\/categories?post=48214"},{"taxonomy":"post_tag","embeddable":true,"href":"https:\/\/nk7-testes.com.br\/agazeta\/wp-json\/wp\/v2\/tags?post=48214"}],"curies":[{"name":"wp","href":"https:\/\/api.w.org\/{rel}","templated":true}]}}