{"id":48212,"date":"2020-06-06T15:05:34","date_gmt":"2020-06-06T15:05:34","guid":{"rendered":"https:\/\/abarevegan.com.br\/index.php\/2020\/06\/06\/prf-apreende-madeira-irregular-e-prende-dois-caminhoneiros\/"},"modified":"2020-06-06T15:05:34","modified_gmt":"2020-06-06T15:05:34","slug":"prf-apreende-madeira-irregular-e-prende-dois-caminhoneiros","status":"publish","type":"post","link":"https:\/\/nk7-testes.com.br\/agazeta\/prf-apreende-madeira-irregular-e-prende-dois-caminhoneiros\/","title":{"rendered":"PRF apreende madeira irregular e prende dois caminhoneiros, no Acre"},"content":{"rendered":"<p style=\"text-align: justify;\"><span style=\"font-size: 13.2px;\">Carga n\u00e3o possu\u00eda Documento de Origem Florestal<\/span><\/p>\n<p><span style=\"font-size: 13.2px;\">Nesta sexta-feira (5), data que se comemora o Dia do Meio Ambiente, em duas ocorr\u00eancias, a Pol\u00edcia Rodovi\u00e1ria Federal (PRF) realizou apreens\u00e3o de madeira e prendeu indiv\u00edduos por crime ambiental. Os dois flagrantes ocorreram na BR-364, em Rio Branco (AC).<\/span><\/p>\n<p>&nbsp;<\/p>\n<p style=\"text-align: justify;\">A primeira ocorr\u00eancia aconteceu no Km 123, nas proximidades da Corrente, por volta de meio-dia, quando em fiscaliza\u00e7\u00e3o de rotina uma Equipe PRF ordenou que o motorista de um caminh\u00e3o parasse.<\/p>\n<p style=\"text-align: justify;\">No compartimento de cargas do ve\u00edculo havia 1,14m\u00b3 de madeira sem o Documento de Origem Florestal (DOF), o motorista tamb\u00e9m n\u00e3o portava a nota fiscal. Ele alegou que apenas estava realizando o frete de forma gratuita, mas que tinha sido contratado por um terceiro homem.<\/p>\n<p style=\"text-align: justify;\">Perante o fato, o motorista assinou o Termo Circunstanciado de Ocorr\u00eancia (TCO), comprometendo-se a comparecer em ju\u00edzo. O caminh\u00e3o e a carga foram apreendidos e encaminhados ao Instituto de Meio Ambiente do estado do Acre (IMAC).<\/p>\n<p style=\"text-align: justify;\">O outro flagrante foi no in\u00edcio da noite, na Unidade Operacional da PRF, bairro Santa Cec\u00edlia, Km 115, da BR-364. Os policiais abordaram outro caminh\u00e3o com madeira. O motorista apresentou o DOF; por\u00e9m, ao realizar a medi\u00e7\u00e3o da carga, os policiais verificaram que havia 13,41m\u00b3 de madeira, enquanto que no documento florestal constavam apenas 11,109m\u00b3. Tal diverg\u00eancia torna o DOF inv\u00e1lido.<\/p>\n<p style=\"text-align: justify;\">O motorista assinou o TCO e responder\u00e1 judicialmente pelo crime ambiental. O ve\u00edculo e a carga foram levados ao IMAC para os procedimentos cab\u00edveis.<\/p>\n","protected":false},"excerpt":{"rendered":"<p style=\"text-align: justify;\"><span style=\"font-size: 13.2px;\">Carga n\u00e3o possu\u00eda Documento de Origem Florestal<\/span><\/p>\n","protected":false},"author":4,"featured_media":48211,"comment_status":"open","ping_status":"open","sticky":false,"template":"","format":"standard","meta":{"jnews-multi-image_gallery":[],"jnews_single_post":[],"jnews_primary_category":[],"jnews_social_meta":[],"jnews_review":[],"enable_review":"","type":"","name":"","summary":"","brand":"","sku":"","good":[],"bad":[],"score_override":"","override_value":"","rating":[],"price":[],"footnotes":""},"categories":[44],"tags":[],"class_list":["post-48212","post","type-post","status-publish","format-standard","has-post-thumbnail","hentry","category-policia"],"yoast_head":"<!-- This site is optimized with the Yoast SEO plugin v26.5 - https:\/\/yoast.com\/wordpress\/plugins\/seo\/ -->\n<title>PRF apreende madeira irregular e prende dois caminhoneiros, no Acre - Agazeta.net<\/title>\n<meta name=\"robots\" content=\"index, follow, max-snippet:-1, max-image-preview:large, max-video-preview:-1\" \/>\n<link rel=\"canonical\" href=\"https:\/\/nk7-testes.com.br\/agazeta\/prf-apreende-madeira-irregular-e-prende-dois-caminhoneiros\/\" \/>\n<meta property=\"og:locale\" content=\"pt_BR\" \/>\n<meta property=\"og:type\" content=\"article\" \/>\n<meta property=\"og:title\" content=\"PRF apreende madeira irregular e prende dois caminhoneiros, no Acre - Agazeta.net\" \/>\n<meta property=\"og:description\" content=\"Carga n\u00e3o possu\u00eda Documento de Origem Florestal\" \/>\n<meta property=\"og:url\" content=\"https:\/\/nk7-testes.com.br\/agazeta\/prf-apreende-madeira-irregular-e-prende-dois-caminhoneiros\/\" \/>\n<meta property=\"og:site_name\" content=\"Agazeta.net\" \/>\n<meta property=\"article:published_time\" content=\"2020-06-06T15:05:34+00:00\" \/>\n<meta property=\"og:image\" content=\"https:\/\/nk7-testes.com.br\/agazeta\/wp-content\/uploads\/2020\/06\/06-06-20_madeira_prf.jpg\" \/>\n\t<meta property=\"og:image:width\" content=\"457\" \/>\n\t<meta property=\"og:image:height\" content=\"340\" \/>\n\t<meta property=\"og:image:type\" content=\"image\/jpeg\" \/>\n<meta name=\"author\" content=\"Agazeta.Net\" \/>\n<meta name=\"twitter:card\" content=\"summary_large_image\" \/>\n<meta name=\"twitter:label1\" content=\"Escrito por\" \/>\n\t<meta name=\"twitter:data1\" content=\"Agazeta.Net\" \/>\n\t<meta name=\"twitter:label2\" content=\"Est. tempo de leitura\" \/>\n\t<meta name=\"twitter:data2\" content=\"1 minuto\" \/>\n<script type=\"application\/ld+json\" class=\"yoast-schema-graph\">{\"@context\":\"https:\/\/schema.org\",\"@graph\":[{\"@type\":\"WebPage\",\"@id\":\"https:\/\/nk7-testes.com.br\/agazeta\/prf-apreende-madeira-irregular-e-prende-dois-caminhoneiros\/\",\"url\":\"https:\/\/nk7-testes.com.br\/agazeta\/prf-apreende-madeira-irregular-e-prende-dois-caminhoneiros\/\",\"name\":\"PRF apreende madeira irregular e prende dois caminhoneiros, no Acre - Agazeta.net\",\"isPartOf\":{\"@id\":\"https:\/\/nk7-testes.com.br\/agazeta\/#website\"},\"primaryImageOfPage\":{\"@id\":\"https:\/\/nk7-testes.com.br\/agazeta\/prf-apreende-madeira-irregular-e-prende-dois-caminhoneiros\/#primaryimage\"},\"image\":{\"@id\":\"https:\/\/nk7-testes.com.br\/agazeta\/prf-apreende-madeira-irregular-e-prende-dois-caminhoneiros\/#primaryimage\"},\"thumbnailUrl\":\"https:\/\/nk7-testes.com.br\/agazeta\/wp-content\/uploads\/2020\/06\/06-06-20_madeira_prf.jpg\",\"datePublished\":\"2020-06-06T15:05:34+00:00\",\"author\":{\"@id\":\"https:\/\/nk7-testes.com.br\/agazeta\/#\/schema\/person\/ff6b39d54d6973bfc57f4140f659b23f\"},\"breadcrumb\":{\"@id\":\"https:\/\/nk7-testes.com.br\/agazeta\/prf-apreende-madeira-irregular-e-prende-dois-caminhoneiros\/#breadcrumb\"},\"inLanguage\":\"pt-BR\",\"potentialAction\":[{\"@type\":\"ReadAction\",\"target\":[\"https:\/\/nk7-testes.com.br\/agazeta\/prf-apreende-madeira-irregular-e-prende-dois-caminhoneiros\/\"]}]},{\"@type\":\"ImageObject\",\"inLanguage\":\"pt-BR\",\"@id\":\"https:\/\/nk7-testes.com.br\/agazeta\/prf-apreende-madeira-irregular-e-prende-dois-caminhoneiros\/#primaryimage\",\"url\":\"https:\/\/nk7-testes.com.br\/agazeta\/wp-content\/uploads\/2020\/06\/06-06-20_madeira_prf.jpg\",\"contentUrl\":\"https:\/\/nk7-testes.com.br\/agazeta\/wp-content\/uploads\/2020\/06\/06-06-20_madeira_prf.jpg\",\"width\":457,\"height\":340,\"caption\":\"06-06-20 madeira prf\"},{\"@type\":\"BreadcrumbList\",\"@id\":\"https:\/\/nk7-testes.com.br\/agazeta\/prf-apreende-madeira-irregular-e-prende-dois-caminhoneiros\/#breadcrumb\",\"itemListElement\":[{\"@type\":\"ListItem\",\"position\":1,\"name\":\"In\u00edcio\",\"item\":\"https:\/\/nk7-testes.com.br\/agazeta\/\"},{\"@type\":\"ListItem\",\"position\":2,\"name\":\"PRF apreende madeira irregular e prende dois caminhoneiros, no Acre\"}]},{\"@type\":\"WebSite\",\"@id\":\"https:\/\/nk7-testes.com.br\/agazeta\/#website\",\"url\":\"https:\/\/nk7-testes.com.br\/agazeta\/\",\"name\":\"Agazeta.net\",\"description\":\"Agazeta.net - Not\u00edcias de Rio Branco\/AC\",\"potentialAction\":[{\"@type\":\"SearchAction\",\"target\":{\"@type\":\"EntryPoint\",\"urlTemplate\":\"https:\/\/nk7-testes.com.br\/agazeta\/?s={search_term_string}\"},\"query-input\":{\"@type\":\"PropertyValueSpecification\",\"valueRequired\":true,\"valueName\":\"search_term_string\"}}],\"inLanguage\":\"pt-BR\"},{\"@type\":\"Person\",\"@id\":\"https:\/\/nk7-testes.com.br\/agazeta\/#\/schema\/person\/ff6b39d54d6973bfc57f4140f659b23f\",\"name\":\"Agazeta.Net\",\"url\":\"https:\/\/nk7-testes.com.br\/agazeta\/author\/agazeta\/\"}]}<\/script>\n<!-- \/ Yoast SEO plugin. -->","yoast_head_json":{"title":"PRF apreende madeira irregular e prende dois caminhoneiros, no Acre - Agazeta.net","robots":{"index":"index","follow":"follow","max-snippet":"max-snippet:-1","max-image-preview":"max-image-preview:large","max-video-preview":"max-video-preview:-1"},"canonical":"https:\/\/nk7-testes.com.br\/agazeta\/prf-apreende-madeira-irregular-e-prende-dois-caminhoneiros\/","og_locale":"pt_BR","og_type":"article","og_title":"PRF apreende madeira irregular e prende dois caminhoneiros, no Acre - Agazeta.net","og_description":"Carga n\u00e3o possu\u00eda Documento de Origem Florestal","og_url":"https:\/\/nk7-testes.com.br\/agazeta\/prf-apreende-madeira-irregular-e-prende-dois-caminhoneiros\/","og_site_name":"Agazeta.net","article_published_time":"2020-06-06T15:05:34+00:00","og_image":[{"width":457,"height":340,"url":"https:\/\/nk7-testes.com.br\/agazeta\/wp-content\/uploads\/2020\/06\/06-06-20_madeira_prf.jpg","type":"image\/jpeg"}],"author":"Agazeta.Net","twitter_card":"summary_large_image","twitter_misc":{"Escrito por":"Agazeta.Net","Est. tempo de leitura":"1 minuto"},"schema":{"@context":"https:\/\/schema.org","@graph":[{"@type":"WebPage","@id":"https:\/\/nk7-testes.com.br\/agazeta\/prf-apreende-madeira-irregular-e-prende-dois-caminhoneiros\/","url":"https:\/\/nk7-testes.com.br\/agazeta\/prf-apreende-madeira-irregular-e-prende-dois-caminhoneiros\/","name":"PRF apreende madeira irregular e prende dois caminhoneiros, no Acre - Agazeta.net","isPartOf":{"@id":"https:\/\/nk7-testes.com.br\/agazeta\/#website"},"primaryImageOfPage":{"@id":"https:\/\/nk7-testes.com.br\/agazeta\/prf-apreende-madeira-irregular-e-prende-dois-caminhoneiros\/#primaryimage"},"image":{"@id":"https:\/\/nk7-testes.com.br\/agazeta\/prf-apreende-madeira-irregular-e-prende-dois-caminhoneiros\/#primaryimage"},"thumbnailUrl":"https:\/\/nk7-testes.com.br\/agazeta\/wp-content\/uploads\/2020\/06\/06-06-20_madeira_prf.jpg","datePublished":"2020-06-06T15:05:34+00:00","author":{"@id":"https:\/\/nk7-testes.com.br\/agazeta\/#\/schema\/person\/ff6b39d54d6973bfc57f4140f659b23f"},"breadcrumb":{"@id":"https:\/\/nk7-testes.com.br\/agazeta\/prf-apreende-madeira-irregular-e-prende-dois-caminhoneiros\/#breadcrumb"},"inLanguage":"pt-BR","potentialAction":[{"@type":"ReadAction","target":["https:\/\/nk7-testes.com.br\/agazeta\/prf-apreende-madeira-irregular-e-prende-dois-caminhoneiros\/"]}]},{"@type":"ImageObject","inLanguage":"pt-BR","@id":"https:\/\/nk7-testes.com.br\/agazeta\/prf-apreende-madeira-irregular-e-prende-dois-caminhoneiros\/#primaryimage","url":"https:\/\/nk7-testes.com.br\/agazeta\/wp-content\/uploads\/2020\/06\/06-06-20_madeira_prf.jpg","contentUrl":"https:\/\/nk7-testes.com.br\/agazeta\/wp-content\/uploads\/2020\/06\/06-06-20_madeira_prf.jpg","width":457,"height":340,"caption":"06-06-20 madeira prf"},{"@type":"BreadcrumbList","@id":"https:\/\/nk7-testes.com.br\/agazeta\/prf-apreende-madeira-irregular-e-prende-dois-caminhoneiros\/#breadcrumb","itemListElement":[{"@type":"ListItem","position":1,"name":"In\u00edcio","item":"https:\/\/nk7-testes.com.br\/agazeta\/"},{"@type":"ListItem","position":2,"name":"PRF apreende madeira irregular e prende dois caminhoneiros, no Acre"}]},{"@type":"WebSite","@id":"https:\/\/nk7-testes.com.br\/agazeta\/#website","url":"https:\/\/nk7-testes.com.br\/agazeta\/","name":"Agazeta.net","description":"Agazeta.net - Not\u00edcias de Rio Branco\/AC","potentialAction":[{"@type":"SearchAction","target":{"@type":"EntryPoint","urlTemplate":"https:\/\/nk7-testes.com.br\/agazeta\/?s={search_term_string}"},"query-input":{"@type":"PropertyValueSpecification","valueRequired":true,"valueName":"search_term_string"}}],"inLanguage":"pt-BR"},{"@type":"Person","@id":"https:\/\/nk7-testes.com.br\/agazeta\/#\/schema\/person\/ff6b39d54d6973bfc57f4140f659b23f","name":"Agazeta.Net","url":"https:\/\/nk7-testes.com.br\/agazeta\/author\/agazeta\/"}]}},"_links":{"self":[{"href":"https:\/\/nk7-testes.com.br\/agazeta\/wp-json\/wp\/v2\/posts\/48212","targetHints":{"allow":["GET"]}}],"collection":[{"href":"https:\/\/nk7-testes.com.br\/agazeta\/wp-json\/wp\/v2\/posts"}],"about":[{"href":"https:\/\/nk7-testes.com.br\/agazeta\/wp-json\/wp\/v2\/types\/post"}],"author":[{"embeddable":true,"href":"https:\/\/nk7-testes.com.br\/agazeta\/wp-json\/wp\/v2\/users\/4"}],"replies":[{"embeddable":true,"href":"https:\/\/nk7-testes.com.br\/agazeta\/wp-json\/wp\/v2\/comments?post=48212"}],"version-history":[{"count":0,"href":"https:\/\/nk7-testes.com.br\/agazeta\/wp-json\/wp\/v2\/posts\/48212\/revisions"}],"wp:featuredmedia":[{"embeddable":true,"href":"https:\/\/nk7-testes.com.br\/agazeta\/wp-json\/wp\/v2\/media\/48211"}],"wp:attachment":[{"href":"https:\/\/nk7-testes.com.br\/agazeta\/wp-json\/wp\/v2\/media?parent=48212"}],"wp:term":[{"taxonomy":"category","embeddable":true,"href":"https:\/\/nk7-testes.com.br\/agazeta\/wp-json\/wp\/v2\/categories?post=48212"},{"taxonomy":"post_tag","embeddable":true,"href":"https:\/\/nk7-testes.com.br\/agazeta\/wp-json\/wp\/v2\/tags?post=48212"}],"curies":[{"name":"wp","href":"https:\/\/api.w.org\/{rel}","templated":true}]}}