{"id":48210,"date":"2020-06-06T14:47:34","date_gmt":"2020-06-06T14:47:34","guid":{"rendered":"https:\/\/abarevegan.com.br\/index.php\/2020\/06\/06\/detentos-tem-plano-de-fuga-frustrado-e-material-ilicito-apreendido\/"},"modified":"2020-06-06T14:47:34","modified_gmt":"2020-06-06T14:47:34","slug":"detentos-tem-plano-de-fuga-frustrado-e-material-ilicito-apreendido","status":"publish","type":"post","link":"https:\/\/nk7-testes.com.br\/agazeta\/detentos-tem-plano-de-fuga-frustrado-e-material-ilicito-apreendido\/","title":{"rendered":"Detentos t\u00eam plano de fuga frustrado e material apreendido"},"content":{"rendered":"<p style=\"text-align: justify;\"><span style=\"font-size: 13.2px;\">Quatro foram encaminhados ao isolamento preventivo<\/span><\/p>\n<p style=\"text-align: justify;\">Tr\u00eas facas artesanais e duas barras de ferro foram apreendidas na noite desta sexta-feira (5), na cela 16 do pavilh\u00e3o K do Complexo Penitenci\u00e1rio de Rio Branco.<\/p>\n<p style=\"text-align: justify;\">Os materiais foram encontrados por policiais penais durante revista e verifica\u00e7\u00e3o de estrutura. Al\u00e9m dos il\u00edcitos, os profissionais identificaram avarias e buracos que possibilitariam a fuga de pelo menos 12 presos.<\/p>\n<p style=\"text-align: justify;\">De acordo com a equipe de plant\u00e3o, por volta das 19h os policiais ouviram barulhos estranhos e entraram no pavilh\u00e3o K com o apoio do Grupo Penitenci\u00e1rio de Opera\u00e7\u00f5es Especiais (Gpoe). Durante a a\u00e7\u00e3o, foi feita a verifica\u00e7\u00e3o nos corredores, refeit\u00f3rio e laje, onde puderam identificar buracos na parede.<\/p>\n<p style=\"text-align: justify;\">A equipe realizou revista no interior das celas e encontrou na cela 16, tr\u00eas facas artesanais e duas barras de ferro, al\u00e9m do in\u00edcio de um buraco. Quatro detentos foram identificados como respons\u00e1veis pelo material e foram encaminhados ao isolamento preventivo.<\/p>\n<p style=\"text-align: justify;\">De acordo com o diretor da unidade, Fagner Souza, um procedimento administrativo ser\u00e1 aberto para apurar as faltas cometidas pelos detentos. Al\u00e9m disso, ele explicou que revistas surpresas tamb\u00e9m v\u00eam sendo realizadas para impedir poss\u00edveis planos de fuga.<\/p>\n","protected":false},"excerpt":{"rendered":"<p style=\"text-align: justify;\"><span style=\"font-size: 13.2px;\">Quatro foram encaminhados ao isolamento preventivo<\/span><\/p>\n","protected":false},"author":4,"featured_media":48209,"comment_status":"open","ping_status":"open","sticky":false,"template":"","format":"standard","meta":{"jnews-multi-image_gallery":[],"jnews_single_post":[],"jnews_primary_category":[],"jnews_social_meta":[],"jnews_review":[],"enable_review":"","type":"","name":"","summary":"","brand":"","sku":"","good":[],"bad":[],"score_override":"","override_value":"","rating":[],"price":[],"footnotes":""},"categories":[44],"tags":[],"class_list":["post-48210","post","type-post","status-publish","format-standard","has-post-thumbnail","hentry","category-policia"],"yoast_head":"<!-- This site is optimized with the Yoast SEO plugin v26.5 - https:\/\/yoast.com\/wordpress\/plugins\/seo\/ -->\n<title>Detentos t\u00eam plano de fuga frustrado e material apreendido - Agazeta.net<\/title>\n<meta name=\"robots\" content=\"index, follow, max-snippet:-1, max-image-preview:large, max-video-preview:-1\" \/>\n<link rel=\"canonical\" href=\"https:\/\/nk7-testes.com.br\/agazeta\/detentos-tem-plano-de-fuga-frustrado-e-material-ilicito-apreendido\/\" \/>\n<meta property=\"og:locale\" content=\"pt_BR\" \/>\n<meta property=\"og:type\" content=\"article\" \/>\n<meta property=\"og:title\" content=\"Detentos t\u00eam plano de fuga frustrado e material apreendido - Agazeta.net\" \/>\n<meta property=\"og:description\" content=\"Quatro foram encaminhados ao isolamento preventivo\" \/>\n<meta property=\"og:url\" content=\"https:\/\/nk7-testes.com.br\/agazeta\/detentos-tem-plano-de-fuga-frustrado-e-material-ilicito-apreendido\/\" \/>\n<meta property=\"og:site_name\" content=\"Agazeta.net\" \/>\n<meta property=\"article:published_time\" content=\"2020-06-06T14:47:34+00:00\" \/>\n<meta property=\"og:image\" content=\"https:\/\/nk7-testes.com.br\/agazeta\/wp-content\/uploads\/2020\/06\/06-06-20_foc.jpg\" \/>\n\t<meta property=\"og:image:width\" content=\"453\" \/>\n\t<meta property=\"og:image:height\" content=\"340\" \/>\n\t<meta property=\"og:image:type\" content=\"image\/jpeg\" \/>\n<meta name=\"author\" content=\"Agazeta.Net\" \/>\n<meta name=\"twitter:card\" content=\"summary_large_image\" \/>\n<meta name=\"twitter:label1\" content=\"Escrito por\" \/>\n\t<meta name=\"twitter:data1\" content=\"Agazeta.Net\" \/>\n\t<meta name=\"twitter:label2\" content=\"Est. tempo de leitura\" \/>\n\t<meta name=\"twitter:data2\" content=\"1 minuto\" \/>\n<script type=\"application\/ld+json\" class=\"yoast-schema-graph\">{\"@context\":\"https:\/\/schema.org\",\"@graph\":[{\"@type\":\"WebPage\",\"@id\":\"https:\/\/nk7-testes.com.br\/agazeta\/detentos-tem-plano-de-fuga-frustrado-e-material-ilicito-apreendido\/\",\"url\":\"https:\/\/nk7-testes.com.br\/agazeta\/detentos-tem-plano-de-fuga-frustrado-e-material-ilicito-apreendido\/\",\"name\":\"Detentos t\u00eam plano de fuga frustrado e material apreendido - Agazeta.net\",\"isPartOf\":{\"@id\":\"https:\/\/nk7-testes.com.br\/agazeta\/#website\"},\"primaryImageOfPage\":{\"@id\":\"https:\/\/nk7-testes.com.br\/agazeta\/detentos-tem-plano-de-fuga-frustrado-e-material-ilicito-apreendido\/#primaryimage\"},\"image\":{\"@id\":\"https:\/\/nk7-testes.com.br\/agazeta\/detentos-tem-plano-de-fuga-frustrado-e-material-ilicito-apreendido\/#primaryimage\"},\"thumbnailUrl\":\"https:\/\/nk7-testes.com.br\/agazeta\/wp-content\/uploads\/2020\/06\/06-06-20_foc.jpg\",\"datePublished\":\"2020-06-06T14:47:34+00:00\",\"author\":{\"@id\":\"https:\/\/nk7-testes.com.br\/agazeta\/#\/schema\/person\/ff6b39d54d6973bfc57f4140f659b23f\"},\"breadcrumb\":{\"@id\":\"https:\/\/nk7-testes.com.br\/agazeta\/detentos-tem-plano-de-fuga-frustrado-e-material-ilicito-apreendido\/#breadcrumb\"},\"inLanguage\":\"pt-BR\",\"potentialAction\":[{\"@type\":\"ReadAction\",\"target\":[\"https:\/\/nk7-testes.com.br\/agazeta\/detentos-tem-plano-de-fuga-frustrado-e-material-ilicito-apreendido\/\"]}]},{\"@type\":\"ImageObject\",\"inLanguage\":\"pt-BR\",\"@id\":\"https:\/\/nk7-testes.com.br\/agazeta\/detentos-tem-plano-de-fuga-frustrado-e-material-ilicito-apreendido\/#primaryimage\",\"url\":\"https:\/\/nk7-testes.com.br\/agazeta\/wp-content\/uploads\/2020\/06\/06-06-20_foc.jpg\",\"contentUrl\":\"https:\/\/nk7-testes.com.br\/agazeta\/wp-content\/uploads\/2020\/06\/06-06-20_foc.jpg\",\"width\":453,\"height\":340,\"caption\":\"06-06-20 foc\"},{\"@type\":\"BreadcrumbList\",\"@id\":\"https:\/\/nk7-testes.com.br\/agazeta\/detentos-tem-plano-de-fuga-frustrado-e-material-ilicito-apreendido\/#breadcrumb\",\"itemListElement\":[{\"@type\":\"ListItem\",\"position\":1,\"name\":\"In\u00edcio\",\"item\":\"https:\/\/nk7-testes.com.br\/agazeta\/\"},{\"@type\":\"ListItem\",\"position\":2,\"name\":\"Detentos t\u00eam plano de fuga frustrado e material apreendido\"}]},{\"@type\":\"WebSite\",\"@id\":\"https:\/\/nk7-testes.com.br\/agazeta\/#website\",\"url\":\"https:\/\/nk7-testes.com.br\/agazeta\/\",\"name\":\"Agazeta.net\",\"description\":\"Agazeta.net - Not\u00edcias de Rio Branco\/AC\",\"potentialAction\":[{\"@type\":\"SearchAction\",\"target\":{\"@type\":\"EntryPoint\",\"urlTemplate\":\"https:\/\/nk7-testes.com.br\/agazeta\/?s={search_term_string}\"},\"query-input\":{\"@type\":\"PropertyValueSpecification\",\"valueRequired\":true,\"valueName\":\"search_term_string\"}}],\"inLanguage\":\"pt-BR\"},{\"@type\":\"Person\",\"@id\":\"https:\/\/nk7-testes.com.br\/agazeta\/#\/schema\/person\/ff6b39d54d6973bfc57f4140f659b23f\",\"name\":\"Agazeta.Net\",\"url\":\"https:\/\/nk7-testes.com.br\/agazeta\/author\/agazeta\/\"}]}<\/script>\n<!-- \/ Yoast SEO plugin. -->","yoast_head_json":{"title":"Detentos t\u00eam plano de fuga frustrado e material apreendido - Agazeta.net","robots":{"index":"index","follow":"follow","max-snippet":"max-snippet:-1","max-image-preview":"max-image-preview:large","max-video-preview":"max-video-preview:-1"},"canonical":"https:\/\/nk7-testes.com.br\/agazeta\/detentos-tem-plano-de-fuga-frustrado-e-material-ilicito-apreendido\/","og_locale":"pt_BR","og_type":"article","og_title":"Detentos t\u00eam plano de fuga frustrado e material apreendido - Agazeta.net","og_description":"Quatro foram encaminhados ao isolamento preventivo","og_url":"https:\/\/nk7-testes.com.br\/agazeta\/detentos-tem-plano-de-fuga-frustrado-e-material-ilicito-apreendido\/","og_site_name":"Agazeta.net","article_published_time":"2020-06-06T14:47:34+00:00","og_image":[{"width":453,"height":340,"url":"https:\/\/nk7-testes.com.br\/agazeta\/wp-content\/uploads\/2020\/06\/06-06-20_foc.jpg","type":"image\/jpeg"}],"author":"Agazeta.Net","twitter_card":"summary_large_image","twitter_misc":{"Escrito por":"Agazeta.Net","Est. tempo de leitura":"1 minuto"},"schema":{"@context":"https:\/\/schema.org","@graph":[{"@type":"WebPage","@id":"https:\/\/nk7-testes.com.br\/agazeta\/detentos-tem-plano-de-fuga-frustrado-e-material-ilicito-apreendido\/","url":"https:\/\/nk7-testes.com.br\/agazeta\/detentos-tem-plano-de-fuga-frustrado-e-material-ilicito-apreendido\/","name":"Detentos t\u00eam plano de fuga frustrado e material apreendido - Agazeta.net","isPartOf":{"@id":"https:\/\/nk7-testes.com.br\/agazeta\/#website"},"primaryImageOfPage":{"@id":"https:\/\/nk7-testes.com.br\/agazeta\/detentos-tem-plano-de-fuga-frustrado-e-material-ilicito-apreendido\/#primaryimage"},"image":{"@id":"https:\/\/nk7-testes.com.br\/agazeta\/detentos-tem-plano-de-fuga-frustrado-e-material-ilicito-apreendido\/#primaryimage"},"thumbnailUrl":"https:\/\/nk7-testes.com.br\/agazeta\/wp-content\/uploads\/2020\/06\/06-06-20_foc.jpg","datePublished":"2020-06-06T14:47:34+00:00","author":{"@id":"https:\/\/nk7-testes.com.br\/agazeta\/#\/schema\/person\/ff6b39d54d6973bfc57f4140f659b23f"},"breadcrumb":{"@id":"https:\/\/nk7-testes.com.br\/agazeta\/detentos-tem-plano-de-fuga-frustrado-e-material-ilicito-apreendido\/#breadcrumb"},"inLanguage":"pt-BR","potentialAction":[{"@type":"ReadAction","target":["https:\/\/nk7-testes.com.br\/agazeta\/detentos-tem-plano-de-fuga-frustrado-e-material-ilicito-apreendido\/"]}]},{"@type":"ImageObject","inLanguage":"pt-BR","@id":"https:\/\/nk7-testes.com.br\/agazeta\/detentos-tem-plano-de-fuga-frustrado-e-material-ilicito-apreendido\/#primaryimage","url":"https:\/\/nk7-testes.com.br\/agazeta\/wp-content\/uploads\/2020\/06\/06-06-20_foc.jpg","contentUrl":"https:\/\/nk7-testes.com.br\/agazeta\/wp-content\/uploads\/2020\/06\/06-06-20_foc.jpg","width":453,"height":340,"caption":"06-06-20 foc"},{"@type":"BreadcrumbList","@id":"https:\/\/nk7-testes.com.br\/agazeta\/detentos-tem-plano-de-fuga-frustrado-e-material-ilicito-apreendido\/#breadcrumb","itemListElement":[{"@type":"ListItem","position":1,"name":"In\u00edcio","item":"https:\/\/nk7-testes.com.br\/agazeta\/"},{"@type":"ListItem","position":2,"name":"Detentos t\u00eam plano de fuga frustrado e material apreendido"}]},{"@type":"WebSite","@id":"https:\/\/nk7-testes.com.br\/agazeta\/#website","url":"https:\/\/nk7-testes.com.br\/agazeta\/","name":"Agazeta.net","description":"Agazeta.net - Not\u00edcias de Rio Branco\/AC","potentialAction":[{"@type":"SearchAction","target":{"@type":"EntryPoint","urlTemplate":"https:\/\/nk7-testes.com.br\/agazeta\/?s={search_term_string}"},"query-input":{"@type":"PropertyValueSpecification","valueRequired":true,"valueName":"search_term_string"}}],"inLanguage":"pt-BR"},{"@type":"Person","@id":"https:\/\/nk7-testes.com.br\/agazeta\/#\/schema\/person\/ff6b39d54d6973bfc57f4140f659b23f","name":"Agazeta.Net","url":"https:\/\/nk7-testes.com.br\/agazeta\/author\/agazeta\/"}]}},"_links":{"self":[{"href":"https:\/\/nk7-testes.com.br\/agazeta\/wp-json\/wp\/v2\/posts\/48210","targetHints":{"allow":["GET"]}}],"collection":[{"href":"https:\/\/nk7-testes.com.br\/agazeta\/wp-json\/wp\/v2\/posts"}],"about":[{"href":"https:\/\/nk7-testes.com.br\/agazeta\/wp-json\/wp\/v2\/types\/post"}],"author":[{"embeddable":true,"href":"https:\/\/nk7-testes.com.br\/agazeta\/wp-json\/wp\/v2\/users\/4"}],"replies":[{"embeddable":true,"href":"https:\/\/nk7-testes.com.br\/agazeta\/wp-json\/wp\/v2\/comments?post=48210"}],"version-history":[{"count":0,"href":"https:\/\/nk7-testes.com.br\/agazeta\/wp-json\/wp\/v2\/posts\/48210\/revisions"}],"wp:featuredmedia":[{"embeddable":true,"href":"https:\/\/nk7-testes.com.br\/agazeta\/wp-json\/wp\/v2\/media\/48209"}],"wp:attachment":[{"href":"https:\/\/nk7-testes.com.br\/agazeta\/wp-json\/wp\/v2\/media?parent=48210"}],"wp:term":[{"taxonomy":"category","embeddable":true,"href":"https:\/\/nk7-testes.com.br\/agazeta\/wp-json\/wp\/v2\/categories?post=48210"},{"taxonomy":"post_tag","embeddable":true,"href":"https:\/\/nk7-testes.com.br\/agazeta\/wp-json\/wp\/v2\/tags?post=48210"}],"curies":[{"name":"wp","href":"https:\/\/api.w.org\/{rel}","templated":true}]}}