{"id":48114,"date":"2020-06-01T20:44:57","date_gmt":"2020-06-01T20:44:57","guid":{"rendered":"https:\/\/abarevegan.com.br\/index.php\/2020\/06\/01\/pmac-prende-homem-que-mantinha-mulher-e-filhos-em-carcere-privado\/"},"modified":"2020-06-01T20:44:57","modified_gmt":"2020-06-01T20:44:57","slug":"pmac-prende-homem-que-mantinha-mulher-e-filhos-em-carcere-privado","status":"publish","type":"post","link":"https:\/\/nk7-testes.com.br\/agazeta\/pmac-prende-homem-que-mantinha-mulher-e-filhos-em-carcere-privado\/","title":{"rendered":"PMAC prende homem que mantinha mulher e filhos em c\u00e1rcere privado"},"content":{"rendered":"<p style=\"text-align: justify;\">Militares foram acionados via Ciosp por den\u00fancia an\u00f4nima<\/p>\n<p style=\"text-align: justify;\">A Pol\u00edcia Militar do Acre, por meio do 1\u00ba Batalh\u00e3o, prendeu um homem de 40 anos que mantinha sua esposa e os dois filhos, de 11 e 10 anos de idade, em c\u00e1rcere privado em sua resid\u00eancia no bairro Tucum\u00e3. O fato ocorreu na tarde deste s\u00e1bado (30), e teve o apoio da Companhia de C\u00e3es do Batalh\u00e3o de Opera\u00e7\u00f5es Especiais (CPC\u00e3es\/Bope).<\/p>\n<p style=\"text-align: justify;\">Acionados via Centro Integrado de Opera\u00e7\u00f5es em Seguran\u00e7a P\u00fablica (Ciosp), os militares chegaram em frente a um residencial onde mora a irm\u00e3 da v\u00edtima, que relatou que estava com sua irm\u00e3, esposa do envolvido, e os dois filhos, quando seu cunhado chegou. Segundo ela, no momento em que a irm\u00e3 abriu a porta, o cunhado entrou e a amea\u00e7ou com uma arma de fogo, ent\u00e3o ela se trancou no quarto e gritou por socorro e o homem saiu e levou a esposa e os filhos.<\/p>\n<p style=\"text-align: justify;\">Os policiais se deslocaram at\u00e9 o local informado, onde encontraram o homem e a esposa que se negavam a sair da casa, juntamente com os dois filhos. No di\u00e1logo iniciado pelos militares, o indiv\u00edduo tamb\u00e9m negava as acusa\u00e7\u00f5es. Iniciou-se uma negocia\u00e7\u00e3o, coordenada pelo tenente-coronel Giovane Galv\u00e3o, comandante do Batalh\u00e3o da \u00e1rea, at\u00e9 que, com a chegada de sua advogada, o homem resolveu se entregar.<\/p>\n<p style=\"text-align: justify;\">Durante as buscas na resid\u00eancia, com a ajuda do c\u00e3o policial, foi encontrada uma trouxinha de maconha e, em uma caixa de gordura, o rev\u00f3lver Taurus calibre .32 no modo \u201cengatilhado\u201d, com cinco muni\u00e7\u00f5es intactas e uma percutida. No interior da caminhonete do suspeito, foram localizados ainda uma barra de ferro com aproximadamente 65 cent\u00edmetros, um ter\u00e7ado com bainha e uma machadinha.<\/p>\n<p style=\"text-align: justify;\">O homem foi encaminhado para a delegacia, onde informou ser usu\u00e1rio de entorpecente, que fazia tratamento e n\u00e3o estava sob o efeito de tais subst\u00e2ncias naquela ocasi\u00e3o. Os itens apreendidos na ocorr\u00eancia tamb\u00e9m foram apresentados na delegacia, para que as medidas cab\u00edveis fossem tomadas.<\/p>\n","protected":false},"excerpt":{"rendered":"<p style=\"text-align: justify;\">Militares foram acionados via Ciosp por den\u00fancia an\u00f4nima<\/p>\n","protected":false},"author":4,"featured_media":48113,"comment_status":"open","ping_status":"open","sticky":false,"template":"","format":"standard","meta":{"jnews-multi-image_gallery":[],"jnews_single_post":[],"jnews_primary_category":[],"jnews_social_meta":[],"jnews_review":[],"enable_review":"","type":"","name":"","summary":"","brand":"","sku":"","good":[],"bad":[],"score_override":"","override_value":"","rating":[],"price":[],"footnotes":""},"categories":[44],"tags":[],"class_list":["post-48114","post","type-post","status-publish","format-standard","has-post-thumbnail","hentry","category-policia"],"yoast_head":"<!-- This site is optimized with the Yoast SEO plugin v26.5 - https:\/\/yoast.com\/wordpress\/plugins\/seo\/ -->\n<title>PMAC prende homem que mantinha mulher e filhos em c\u00e1rcere privado - Agazeta.net<\/title>\n<meta name=\"robots\" content=\"index, follow, max-snippet:-1, max-image-preview:large, max-video-preview:-1\" \/>\n<link rel=\"canonical\" href=\"https:\/\/nk7-testes.com.br\/agazeta\/pmac-prende-homem-que-mantinha-mulher-e-filhos-em-carcere-privado\/\" \/>\n<meta property=\"og:locale\" content=\"pt_BR\" \/>\n<meta property=\"og:type\" content=\"article\" \/>\n<meta property=\"og:title\" content=\"PMAC prende homem que mantinha mulher e filhos em c\u00e1rcere privado - Agazeta.net\" \/>\n<meta property=\"og:description\" content=\"Militares foram acionados via Ciosp por den\u00fancia an\u00f4nima\" \/>\n<meta property=\"og:url\" content=\"https:\/\/nk7-testes.com.br\/agazeta\/pmac-prende-homem-que-mantinha-mulher-e-filhos-em-carcere-privado\/\" \/>\n<meta property=\"og:site_name\" content=\"Agazeta.net\" \/>\n<meta property=\"article:published_time\" content=\"2020-06-01T20:44:57+00:00\" \/>\n<meta property=\"og:image\" content=\"https:\/\/nk7-testes.com.br\/agazeta\/wp-content\/uploads\/2020\/06\/010620-pmac-feminicidio.jpg\" \/>\n\t<meta property=\"og:image:width\" content=\"458\" \/>\n\t<meta property=\"og:image:height\" content=\"340\" \/>\n\t<meta property=\"og:image:type\" content=\"image\/jpeg\" \/>\n<meta name=\"author\" content=\"Agazeta.Net\" \/>\n<meta name=\"twitter:card\" content=\"summary_large_image\" \/>\n<meta name=\"twitter:label1\" content=\"Escrito por\" \/>\n\t<meta name=\"twitter:data1\" content=\"Agazeta.Net\" \/>\n\t<meta name=\"twitter:label2\" content=\"Est. tempo de leitura\" \/>\n\t<meta name=\"twitter:data2\" content=\"2 minutos\" \/>\n<script type=\"application\/ld+json\" class=\"yoast-schema-graph\">{\"@context\":\"https:\/\/schema.org\",\"@graph\":[{\"@type\":\"WebPage\",\"@id\":\"https:\/\/nk7-testes.com.br\/agazeta\/pmac-prende-homem-que-mantinha-mulher-e-filhos-em-carcere-privado\/\",\"url\":\"https:\/\/nk7-testes.com.br\/agazeta\/pmac-prende-homem-que-mantinha-mulher-e-filhos-em-carcere-privado\/\",\"name\":\"PMAC prende homem que mantinha mulher e filhos em c\u00e1rcere privado - Agazeta.net\",\"isPartOf\":{\"@id\":\"https:\/\/nk7-testes.com.br\/agazeta\/#website\"},\"primaryImageOfPage\":{\"@id\":\"https:\/\/nk7-testes.com.br\/agazeta\/pmac-prende-homem-que-mantinha-mulher-e-filhos-em-carcere-privado\/#primaryimage\"},\"image\":{\"@id\":\"https:\/\/nk7-testes.com.br\/agazeta\/pmac-prende-homem-que-mantinha-mulher-e-filhos-em-carcere-privado\/#primaryimage\"},\"thumbnailUrl\":\"https:\/\/nk7-testes.com.br\/agazeta\/wp-content\/uploads\/2020\/06\/010620-pmac-feminicidio.jpg\",\"datePublished\":\"2020-06-01T20:44:57+00:00\",\"author\":{\"@id\":\"https:\/\/nk7-testes.com.br\/agazeta\/#\/schema\/person\/ff6b39d54d6973bfc57f4140f659b23f\"},\"breadcrumb\":{\"@id\":\"https:\/\/nk7-testes.com.br\/agazeta\/pmac-prende-homem-que-mantinha-mulher-e-filhos-em-carcere-privado\/#breadcrumb\"},\"inLanguage\":\"pt-BR\",\"potentialAction\":[{\"@type\":\"ReadAction\",\"target\":[\"https:\/\/nk7-testes.com.br\/agazeta\/pmac-prende-homem-que-mantinha-mulher-e-filhos-em-carcere-privado\/\"]}]},{\"@type\":\"ImageObject\",\"inLanguage\":\"pt-BR\",\"@id\":\"https:\/\/nk7-testes.com.br\/agazeta\/pmac-prende-homem-que-mantinha-mulher-e-filhos-em-carcere-privado\/#primaryimage\",\"url\":\"https:\/\/nk7-testes.com.br\/agazeta\/wp-content\/uploads\/2020\/06\/010620-pmac-feminicidio.jpg\",\"contentUrl\":\"https:\/\/nk7-testes.com.br\/agazeta\/wp-content\/uploads\/2020\/06\/010620-pmac-feminicidio.jpg\",\"width\":458,\"height\":340,\"caption\":\"010620-pmac-feminicidio\"},{\"@type\":\"BreadcrumbList\",\"@id\":\"https:\/\/nk7-testes.com.br\/agazeta\/pmac-prende-homem-que-mantinha-mulher-e-filhos-em-carcere-privado\/#breadcrumb\",\"itemListElement\":[{\"@type\":\"ListItem\",\"position\":1,\"name\":\"In\u00edcio\",\"item\":\"https:\/\/nk7-testes.com.br\/agazeta\/\"},{\"@type\":\"ListItem\",\"position\":2,\"name\":\"PMAC prende homem que mantinha mulher e filhos em c\u00e1rcere privado\"}]},{\"@type\":\"WebSite\",\"@id\":\"https:\/\/nk7-testes.com.br\/agazeta\/#website\",\"url\":\"https:\/\/nk7-testes.com.br\/agazeta\/\",\"name\":\"Agazeta.net\",\"description\":\"Agazeta.net - Not\u00edcias de Rio Branco\/AC\",\"potentialAction\":[{\"@type\":\"SearchAction\",\"target\":{\"@type\":\"EntryPoint\",\"urlTemplate\":\"https:\/\/nk7-testes.com.br\/agazeta\/?s={search_term_string}\"},\"query-input\":{\"@type\":\"PropertyValueSpecification\",\"valueRequired\":true,\"valueName\":\"search_term_string\"}}],\"inLanguage\":\"pt-BR\"},{\"@type\":\"Person\",\"@id\":\"https:\/\/nk7-testes.com.br\/agazeta\/#\/schema\/person\/ff6b39d54d6973bfc57f4140f659b23f\",\"name\":\"Agazeta.Net\",\"url\":\"https:\/\/nk7-testes.com.br\/agazeta\/author\/agazeta\/\"}]}<\/script>\n<!-- \/ Yoast SEO plugin. -->","yoast_head_json":{"title":"PMAC prende homem que mantinha mulher e filhos em c\u00e1rcere privado - Agazeta.net","robots":{"index":"index","follow":"follow","max-snippet":"max-snippet:-1","max-image-preview":"max-image-preview:large","max-video-preview":"max-video-preview:-1"},"canonical":"https:\/\/nk7-testes.com.br\/agazeta\/pmac-prende-homem-que-mantinha-mulher-e-filhos-em-carcere-privado\/","og_locale":"pt_BR","og_type":"article","og_title":"PMAC prende homem que mantinha mulher e filhos em c\u00e1rcere privado - Agazeta.net","og_description":"Militares foram acionados via Ciosp por den\u00fancia an\u00f4nima","og_url":"https:\/\/nk7-testes.com.br\/agazeta\/pmac-prende-homem-que-mantinha-mulher-e-filhos-em-carcere-privado\/","og_site_name":"Agazeta.net","article_published_time":"2020-06-01T20:44:57+00:00","og_image":[{"width":458,"height":340,"url":"https:\/\/nk7-testes.com.br\/agazeta\/wp-content\/uploads\/2020\/06\/010620-pmac-feminicidio.jpg","type":"image\/jpeg"}],"author":"Agazeta.Net","twitter_card":"summary_large_image","twitter_misc":{"Escrito por":"Agazeta.Net","Est. tempo de leitura":"2 minutos"},"schema":{"@context":"https:\/\/schema.org","@graph":[{"@type":"WebPage","@id":"https:\/\/nk7-testes.com.br\/agazeta\/pmac-prende-homem-que-mantinha-mulher-e-filhos-em-carcere-privado\/","url":"https:\/\/nk7-testes.com.br\/agazeta\/pmac-prende-homem-que-mantinha-mulher-e-filhos-em-carcere-privado\/","name":"PMAC prende homem que mantinha mulher e filhos em c\u00e1rcere privado - Agazeta.net","isPartOf":{"@id":"https:\/\/nk7-testes.com.br\/agazeta\/#website"},"primaryImageOfPage":{"@id":"https:\/\/nk7-testes.com.br\/agazeta\/pmac-prende-homem-que-mantinha-mulher-e-filhos-em-carcere-privado\/#primaryimage"},"image":{"@id":"https:\/\/nk7-testes.com.br\/agazeta\/pmac-prende-homem-que-mantinha-mulher-e-filhos-em-carcere-privado\/#primaryimage"},"thumbnailUrl":"https:\/\/nk7-testes.com.br\/agazeta\/wp-content\/uploads\/2020\/06\/010620-pmac-feminicidio.jpg","datePublished":"2020-06-01T20:44:57+00:00","author":{"@id":"https:\/\/nk7-testes.com.br\/agazeta\/#\/schema\/person\/ff6b39d54d6973bfc57f4140f659b23f"},"breadcrumb":{"@id":"https:\/\/nk7-testes.com.br\/agazeta\/pmac-prende-homem-que-mantinha-mulher-e-filhos-em-carcere-privado\/#breadcrumb"},"inLanguage":"pt-BR","potentialAction":[{"@type":"ReadAction","target":["https:\/\/nk7-testes.com.br\/agazeta\/pmac-prende-homem-que-mantinha-mulher-e-filhos-em-carcere-privado\/"]}]},{"@type":"ImageObject","inLanguage":"pt-BR","@id":"https:\/\/nk7-testes.com.br\/agazeta\/pmac-prende-homem-que-mantinha-mulher-e-filhos-em-carcere-privado\/#primaryimage","url":"https:\/\/nk7-testes.com.br\/agazeta\/wp-content\/uploads\/2020\/06\/010620-pmac-feminicidio.jpg","contentUrl":"https:\/\/nk7-testes.com.br\/agazeta\/wp-content\/uploads\/2020\/06\/010620-pmac-feminicidio.jpg","width":458,"height":340,"caption":"010620-pmac-feminicidio"},{"@type":"BreadcrumbList","@id":"https:\/\/nk7-testes.com.br\/agazeta\/pmac-prende-homem-que-mantinha-mulher-e-filhos-em-carcere-privado\/#breadcrumb","itemListElement":[{"@type":"ListItem","position":1,"name":"In\u00edcio","item":"https:\/\/nk7-testes.com.br\/agazeta\/"},{"@type":"ListItem","position":2,"name":"PMAC prende homem que mantinha mulher e filhos em c\u00e1rcere privado"}]},{"@type":"WebSite","@id":"https:\/\/nk7-testes.com.br\/agazeta\/#website","url":"https:\/\/nk7-testes.com.br\/agazeta\/","name":"Agazeta.net","description":"Agazeta.net - Not\u00edcias de Rio Branco\/AC","potentialAction":[{"@type":"SearchAction","target":{"@type":"EntryPoint","urlTemplate":"https:\/\/nk7-testes.com.br\/agazeta\/?s={search_term_string}"},"query-input":{"@type":"PropertyValueSpecification","valueRequired":true,"valueName":"search_term_string"}}],"inLanguage":"pt-BR"},{"@type":"Person","@id":"https:\/\/nk7-testes.com.br\/agazeta\/#\/schema\/person\/ff6b39d54d6973bfc57f4140f659b23f","name":"Agazeta.Net","url":"https:\/\/nk7-testes.com.br\/agazeta\/author\/agazeta\/"}]}},"_links":{"self":[{"href":"https:\/\/nk7-testes.com.br\/agazeta\/wp-json\/wp\/v2\/posts\/48114","targetHints":{"allow":["GET"]}}],"collection":[{"href":"https:\/\/nk7-testes.com.br\/agazeta\/wp-json\/wp\/v2\/posts"}],"about":[{"href":"https:\/\/nk7-testes.com.br\/agazeta\/wp-json\/wp\/v2\/types\/post"}],"author":[{"embeddable":true,"href":"https:\/\/nk7-testes.com.br\/agazeta\/wp-json\/wp\/v2\/users\/4"}],"replies":[{"embeddable":true,"href":"https:\/\/nk7-testes.com.br\/agazeta\/wp-json\/wp\/v2\/comments?post=48114"}],"version-history":[{"count":0,"href":"https:\/\/nk7-testes.com.br\/agazeta\/wp-json\/wp\/v2\/posts\/48114\/revisions"}],"wp:featuredmedia":[{"embeddable":true,"href":"https:\/\/nk7-testes.com.br\/agazeta\/wp-json\/wp\/v2\/media\/48113"}],"wp:attachment":[{"href":"https:\/\/nk7-testes.com.br\/agazeta\/wp-json\/wp\/v2\/media?parent=48114"}],"wp:term":[{"taxonomy":"category","embeddable":true,"href":"https:\/\/nk7-testes.com.br\/agazeta\/wp-json\/wp\/v2\/categories?post=48114"},{"taxonomy":"post_tag","embeddable":true,"href":"https:\/\/nk7-testes.com.br\/agazeta\/wp-json\/wp\/v2\/tags?post=48114"}],"curies":[{"name":"wp","href":"https:\/\/api.w.org\/{rel}","templated":true}]}}