{"id":48071,"date":"2020-05-29T14:51:13","date_gmt":"2020-05-29T14:51:13","guid":{"rendered":"https:\/\/abarevegan.com.br\/index.php\/2020\/05\/29\/detento-e-flagrado-com-drogas-no-complexo-penitenciario\/"},"modified":"2020-05-29T14:51:13","modified_gmt":"2020-05-29T14:51:13","slug":"detento-e-flagrado-com-drogas-no-complexo-penitenciario","status":"publish","type":"post","link":"https:\/\/nk7-testes.com.br\/agazeta\/detento-e-flagrado-com-drogas-no-complexo-penitenciario\/","title":{"rendered":"Detento \u00e9 flagrado com drogas no Complexo Penitenci\u00e1rio"},"content":{"rendered":"<p style=\"text-align: justify;\"><span style=\"font-size: 13.2px;\">Homem foi surpreendido durante revista no pavilh\u00e3o<\/span><\/p>\n<p style=\"text-align: justify;\">Policiais penais flagraram um detento com drogas, dentro do Completo Penitenci\u00e1rio Francisco de Oliveira Conde (FOC), na tarde desta quinta-feira (28).<\/p>\n<p style=\"text-align: justify;\">De acordo com informa\u00e7\u00f5es, os agentes estavam revistando as celas com o objetivo de apreender drogas e celulares. Os entorpecentes foram localizados na cela 23, do pavilh\u00e3o Delta.<\/p>\n<p style=\"text-align: justify;\">O preso assumiu a autoria da droga e foi conduzido \u00e0 Delegacia de Flagrantes (Defla) para ser registrado o flagrante.<\/p>\n","protected":false},"excerpt":{"rendered":"<p style=\"text-align: justify;\"><span style=\"font-size: 13.2px;\">Homem foi surpreendido durante revista no pavilh\u00e3o<\/span><\/p>\n","protected":false},"author":4,"featured_media":48070,"comment_status":"open","ping_status":"open","sticky":false,"template":"","format":"standard","meta":{"jnews-multi-image_gallery":[],"jnews_single_post":[],"jnews_primary_category":[],"jnews_social_meta":[],"jnews_review":[],"enable_review":"","type":"","name":"","summary":"","brand":"","sku":"","good":[],"bad":[],"score_override":"","override_value":"","rating":[],"price":[],"footnotes":""},"categories":[44],"tags":[],"class_list":["post-48071","post","type-post","status-publish","format-standard","has-post-thumbnail","hentry","category-policia"],"yoast_head":"<!-- This site is optimized with the Yoast SEO plugin v26.5 - https:\/\/yoast.com\/wordpress\/plugins\/seo\/ -->\n<title>Detento \u00e9 flagrado com drogas no Complexo Penitenci\u00e1rio - Agazeta.net<\/title>\n<meta name=\"robots\" content=\"index, follow, max-snippet:-1, max-image-preview:large, max-video-preview:-1\" \/>\n<link rel=\"canonical\" href=\"https:\/\/nk7-testes.com.br\/agazeta\/detento-e-flagrado-com-drogas-no-complexo-penitenciario\/\" \/>\n<meta property=\"og:locale\" content=\"pt_BR\" \/>\n<meta property=\"og:type\" content=\"article\" \/>\n<meta property=\"og:title\" content=\"Detento \u00e9 flagrado com drogas no Complexo Penitenci\u00e1rio - Agazeta.net\" \/>\n<meta property=\"og:description\" content=\"Homem foi surpreendido durante revista no pavilh\u00e3o\" \/>\n<meta property=\"og:url\" content=\"https:\/\/nk7-testes.com.br\/agazeta\/detento-e-flagrado-com-drogas-no-complexo-penitenciario\/\" \/>\n<meta property=\"og:site_name\" content=\"Agazeta.net\" \/>\n<meta property=\"article:published_time\" content=\"2020-05-29T14:51:13+00:00\" \/>\n<meta property=\"og:image\" content=\"https:\/\/nk7-testes.com.br\/agazeta\/wp-content\/uploads\/2020\/05\/29-05-20_detento_drogas.jpeg\" \/>\n\t<meta property=\"og:image:width\" content=\"453\" \/>\n\t<meta property=\"og:image:height\" content=\"340\" \/>\n\t<meta property=\"og:image:type\" content=\"image\/jpeg\" \/>\n<meta name=\"author\" content=\"Agazeta.Net\" \/>\n<meta name=\"twitter:card\" content=\"summary_large_image\" \/>\n<meta name=\"twitter:label1\" content=\"Escrito por\" \/>\n\t<meta name=\"twitter:data1\" content=\"Agazeta.Net\" \/>\n<script type=\"application\/ld+json\" class=\"yoast-schema-graph\">{\"@context\":\"https:\/\/schema.org\",\"@graph\":[{\"@type\":\"WebPage\",\"@id\":\"https:\/\/nk7-testes.com.br\/agazeta\/detento-e-flagrado-com-drogas-no-complexo-penitenciario\/\",\"url\":\"https:\/\/nk7-testes.com.br\/agazeta\/detento-e-flagrado-com-drogas-no-complexo-penitenciario\/\",\"name\":\"Detento \u00e9 flagrado com drogas no Complexo Penitenci\u00e1rio - Agazeta.net\",\"isPartOf\":{\"@id\":\"https:\/\/nk7-testes.com.br\/agazeta\/#website\"},\"primaryImageOfPage\":{\"@id\":\"https:\/\/nk7-testes.com.br\/agazeta\/detento-e-flagrado-com-drogas-no-complexo-penitenciario\/#primaryimage\"},\"image\":{\"@id\":\"https:\/\/nk7-testes.com.br\/agazeta\/detento-e-flagrado-com-drogas-no-complexo-penitenciario\/#primaryimage\"},\"thumbnailUrl\":\"https:\/\/nk7-testes.com.br\/agazeta\/wp-content\/uploads\/2020\/05\/29-05-20_detento_drogas.jpeg\",\"datePublished\":\"2020-05-29T14:51:13+00:00\",\"author\":{\"@id\":\"https:\/\/nk7-testes.com.br\/agazeta\/#\/schema\/person\/ff6b39d54d6973bfc57f4140f659b23f\"},\"breadcrumb\":{\"@id\":\"https:\/\/nk7-testes.com.br\/agazeta\/detento-e-flagrado-com-drogas-no-complexo-penitenciario\/#breadcrumb\"},\"inLanguage\":\"pt-BR\",\"potentialAction\":[{\"@type\":\"ReadAction\",\"target\":[\"https:\/\/nk7-testes.com.br\/agazeta\/detento-e-flagrado-com-drogas-no-complexo-penitenciario\/\"]}]},{\"@type\":\"ImageObject\",\"inLanguage\":\"pt-BR\",\"@id\":\"https:\/\/nk7-testes.com.br\/agazeta\/detento-e-flagrado-com-drogas-no-complexo-penitenciario\/#primaryimage\",\"url\":\"https:\/\/nk7-testes.com.br\/agazeta\/wp-content\/uploads\/2020\/05\/29-05-20_detento_drogas.jpeg\",\"contentUrl\":\"https:\/\/nk7-testes.com.br\/agazeta\/wp-content\/uploads\/2020\/05\/29-05-20_detento_drogas.jpeg\",\"width\":453,\"height\":340,\"caption\":\"29-05-20 detento drogas\"},{\"@type\":\"BreadcrumbList\",\"@id\":\"https:\/\/nk7-testes.com.br\/agazeta\/detento-e-flagrado-com-drogas-no-complexo-penitenciario\/#breadcrumb\",\"itemListElement\":[{\"@type\":\"ListItem\",\"position\":1,\"name\":\"In\u00edcio\",\"item\":\"https:\/\/nk7-testes.com.br\/agazeta\/\"},{\"@type\":\"ListItem\",\"position\":2,\"name\":\"Detento \u00e9 flagrado com drogas no Complexo Penitenci\u00e1rio\"}]},{\"@type\":\"WebSite\",\"@id\":\"https:\/\/nk7-testes.com.br\/agazeta\/#website\",\"url\":\"https:\/\/nk7-testes.com.br\/agazeta\/\",\"name\":\"Agazeta.net\",\"description\":\"Agazeta.net - Not\u00edcias de Rio Branco\/AC\",\"potentialAction\":[{\"@type\":\"SearchAction\",\"target\":{\"@type\":\"EntryPoint\",\"urlTemplate\":\"https:\/\/nk7-testes.com.br\/agazeta\/?s={search_term_string}\"},\"query-input\":{\"@type\":\"PropertyValueSpecification\",\"valueRequired\":true,\"valueName\":\"search_term_string\"}}],\"inLanguage\":\"pt-BR\"},{\"@type\":\"Person\",\"@id\":\"https:\/\/nk7-testes.com.br\/agazeta\/#\/schema\/person\/ff6b39d54d6973bfc57f4140f659b23f\",\"name\":\"Agazeta.Net\",\"url\":\"https:\/\/nk7-testes.com.br\/agazeta\/author\/agazeta\/\"}]}<\/script>\n<!-- \/ Yoast SEO plugin. -->","yoast_head_json":{"title":"Detento \u00e9 flagrado com drogas no Complexo Penitenci\u00e1rio - Agazeta.net","robots":{"index":"index","follow":"follow","max-snippet":"max-snippet:-1","max-image-preview":"max-image-preview:large","max-video-preview":"max-video-preview:-1"},"canonical":"https:\/\/nk7-testes.com.br\/agazeta\/detento-e-flagrado-com-drogas-no-complexo-penitenciario\/","og_locale":"pt_BR","og_type":"article","og_title":"Detento \u00e9 flagrado com drogas no Complexo Penitenci\u00e1rio - Agazeta.net","og_description":"Homem foi surpreendido durante revista no pavilh\u00e3o","og_url":"https:\/\/nk7-testes.com.br\/agazeta\/detento-e-flagrado-com-drogas-no-complexo-penitenciario\/","og_site_name":"Agazeta.net","article_published_time":"2020-05-29T14:51:13+00:00","og_image":[{"width":453,"height":340,"url":"https:\/\/nk7-testes.com.br\/agazeta\/wp-content\/uploads\/2020\/05\/29-05-20_detento_drogas.jpeg","type":"image\/jpeg"}],"author":"Agazeta.Net","twitter_card":"summary_large_image","twitter_misc":{"Escrito por":"Agazeta.Net"},"schema":{"@context":"https:\/\/schema.org","@graph":[{"@type":"WebPage","@id":"https:\/\/nk7-testes.com.br\/agazeta\/detento-e-flagrado-com-drogas-no-complexo-penitenciario\/","url":"https:\/\/nk7-testes.com.br\/agazeta\/detento-e-flagrado-com-drogas-no-complexo-penitenciario\/","name":"Detento \u00e9 flagrado com drogas no Complexo Penitenci\u00e1rio - Agazeta.net","isPartOf":{"@id":"https:\/\/nk7-testes.com.br\/agazeta\/#website"},"primaryImageOfPage":{"@id":"https:\/\/nk7-testes.com.br\/agazeta\/detento-e-flagrado-com-drogas-no-complexo-penitenciario\/#primaryimage"},"image":{"@id":"https:\/\/nk7-testes.com.br\/agazeta\/detento-e-flagrado-com-drogas-no-complexo-penitenciario\/#primaryimage"},"thumbnailUrl":"https:\/\/nk7-testes.com.br\/agazeta\/wp-content\/uploads\/2020\/05\/29-05-20_detento_drogas.jpeg","datePublished":"2020-05-29T14:51:13+00:00","author":{"@id":"https:\/\/nk7-testes.com.br\/agazeta\/#\/schema\/person\/ff6b39d54d6973bfc57f4140f659b23f"},"breadcrumb":{"@id":"https:\/\/nk7-testes.com.br\/agazeta\/detento-e-flagrado-com-drogas-no-complexo-penitenciario\/#breadcrumb"},"inLanguage":"pt-BR","potentialAction":[{"@type":"ReadAction","target":["https:\/\/nk7-testes.com.br\/agazeta\/detento-e-flagrado-com-drogas-no-complexo-penitenciario\/"]}]},{"@type":"ImageObject","inLanguage":"pt-BR","@id":"https:\/\/nk7-testes.com.br\/agazeta\/detento-e-flagrado-com-drogas-no-complexo-penitenciario\/#primaryimage","url":"https:\/\/nk7-testes.com.br\/agazeta\/wp-content\/uploads\/2020\/05\/29-05-20_detento_drogas.jpeg","contentUrl":"https:\/\/nk7-testes.com.br\/agazeta\/wp-content\/uploads\/2020\/05\/29-05-20_detento_drogas.jpeg","width":453,"height":340,"caption":"29-05-20 detento drogas"},{"@type":"BreadcrumbList","@id":"https:\/\/nk7-testes.com.br\/agazeta\/detento-e-flagrado-com-drogas-no-complexo-penitenciario\/#breadcrumb","itemListElement":[{"@type":"ListItem","position":1,"name":"In\u00edcio","item":"https:\/\/nk7-testes.com.br\/agazeta\/"},{"@type":"ListItem","position":2,"name":"Detento \u00e9 flagrado com drogas no Complexo Penitenci\u00e1rio"}]},{"@type":"WebSite","@id":"https:\/\/nk7-testes.com.br\/agazeta\/#website","url":"https:\/\/nk7-testes.com.br\/agazeta\/","name":"Agazeta.net","description":"Agazeta.net - Not\u00edcias de Rio Branco\/AC","potentialAction":[{"@type":"SearchAction","target":{"@type":"EntryPoint","urlTemplate":"https:\/\/nk7-testes.com.br\/agazeta\/?s={search_term_string}"},"query-input":{"@type":"PropertyValueSpecification","valueRequired":true,"valueName":"search_term_string"}}],"inLanguage":"pt-BR"},{"@type":"Person","@id":"https:\/\/nk7-testes.com.br\/agazeta\/#\/schema\/person\/ff6b39d54d6973bfc57f4140f659b23f","name":"Agazeta.Net","url":"https:\/\/nk7-testes.com.br\/agazeta\/author\/agazeta\/"}]}},"_links":{"self":[{"href":"https:\/\/nk7-testes.com.br\/agazeta\/wp-json\/wp\/v2\/posts\/48071","targetHints":{"allow":["GET"]}}],"collection":[{"href":"https:\/\/nk7-testes.com.br\/agazeta\/wp-json\/wp\/v2\/posts"}],"about":[{"href":"https:\/\/nk7-testes.com.br\/agazeta\/wp-json\/wp\/v2\/types\/post"}],"author":[{"embeddable":true,"href":"https:\/\/nk7-testes.com.br\/agazeta\/wp-json\/wp\/v2\/users\/4"}],"replies":[{"embeddable":true,"href":"https:\/\/nk7-testes.com.br\/agazeta\/wp-json\/wp\/v2\/comments?post=48071"}],"version-history":[{"count":0,"href":"https:\/\/nk7-testes.com.br\/agazeta\/wp-json\/wp\/v2\/posts\/48071\/revisions"}],"wp:featuredmedia":[{"embeddable":true,"href":"https:\/\/nk7-testes.com.br\/agazeta\/wp-json\/wp\/v2\/media\/48070"}],"wp:attachment":[{"href":"https:\/\/nk7-testes.com.br\/agazeta\/wp-json\/wp\/v2\/media?parent=48071"}],"wp:term":[{"taxonomy":"category","embeddable":true,"href":"https:\/\/nk7-testes.com.br\/agazeta\/wp-json\/wp\/v2\/categories?post=48071"},{"taxonomy":"post_tag","embeddable":true,"href":"https:\/\/nk7-testes.com.br\/agazeta\/wp-json\/wp\/v2\/tags?post=48071"}],"curies":[{"name":"wp","href":"https:\/\/api.w.org\/{rel}","templated":true}]}}