{"id":48056,"date":"2020-05-28T18:43:15","date_gmt":"2020-05-28T18:43:15","guid":{"rendered":"https:\/\/abarevegan.com.br\/index.php\/2020\/05\/28\/casal-agride-prfs-e-e-preso-com-arma-de-fogo-na-br-364-no-acre\/"},"modified":"2020-05-28T18:43:15","modified_gmt":"2020-05-28T18:43:15","slug":"casal-agride-prfs-e-e-preso-com-arma-de-fogo-na-br-364-no-acre","status":"publish","type":"post","link":"https:\/\/nk7-testes.com.br\/agazeta\/casal-agride-prfs-e-e-preso-com-arma-de-fogo-na-br-364-no-acre\/","title":{"rendered":"Casal agride PRFs e \u00e9 preso com arma de fogo na BR-364, no Acre"},"content":{"rendered":"<p style=\"text-align: justify;\">Com a dupla foram encontrados ainda latas de cerveja vazias<\/p>\n<p style=\"text-align: justify;\">Na manh\u00e3 dessa quinta-feira (28), durante servi\u00e7o de ronda nas proximidades do km 124, da BR-364, na Corrente, em Rio Branco (AC), uma equipe da Pol\u00edcia Rodovi\u00e1ria Federal (PRF) visualizou um caminh\u00e3o que estava parado. O motorista informou aos policiais que um ve\u00edculo tinha colidido na parte traseira do seu ve\u00edculo e o condutor fugiu do local do acidente.<\/p>\n<p style=\"text-align: justify;\">Em seguida, os policiais encontraram um ve\u00edculo com as mesmas caracter\u00edsticas informadas pelo caminhoneiro e com a parte frontal avariada. Quando o condutor tentava realizar o retorno na rodovia, a equipe PRF ordenou que parasse e ao mesmo tempo o motorista e a passageira, visivelmente embriagados e alterados, j\u00e1 foram saindo do ve\u00edculo.<\/p>\n<p style=\"text-align: justify;\">Com a mulher foi encontrada uma pistola 7.65 sem muni\u00e7\u00e3o e a passageira recebeu voz de pris\u00e3o; diante disso, o motorista, que estava mais alterado, partiu em dire\u00e7\u00e3o aos policiais. O homem falou que a arma de fogo era dele e disse diversos palavr\u00f5es, amea\u00e7ou de morte parte da equipe e desferiu socos e chutes que atingiram alguns policiais. Nesse momento, os PRFs conseguiram conter o indiv\u00edduo.<\/p>\n<p style=\"text-align: justify;\">Dentro do autom\u00f3vel, os policiais ainda visualizaram que os air-bags estavam acionados e encontraram v\u00e1rias latas de cervejas vazias, outras cheias, al\u00e9m de 4 muni\u00e7\u00f5es intactas e um cartucho deflagrado. Diante dos fatos, o casal foi conduzido \u00e0 Delegacia Central de Flagrantes (Defla), na capital acreana, para os procedimentos legais.<\/p>\n","protected":false},"excerpt":{"rendered":"<p style=\"text-align: justify;\">Com a dupla foram encontrados ainda latas de cerveja vazias<\/p>\n","protected":false},"author":4,"featured_media":48055,"comment_status":"open","ping_status":"open","sticky":false,"template":"","format":"standard","meta":{"jnews-multi-image_gallery":[],"jnews_single_post":[],"jnews_primary_category":[],"jnews_social_meta":[],"jnews_review":[],"enable_review":"","type":"","name":"","summary":"","brand":"","sku":"","good":[],"bad":[],"score_override":"","override_value":"","rating":[],"price":[],"footnotes":""},"categories":[44],"tags":[],"class_list":["post-48056","post","type-post","status-publish","format-standard","has-post-thumbnail","hentry","category-policia"],"yoast_head":"<!-- This site is optimized with the Yoast SEO plugin v26.5 - https:\/\/yoast.com\/wordpress\/plugins\/seo\/ -->\n<title>Casal agride PRFs e \u00e9 preso com arma de fogo na BR-364, no Acre - Agazeta.net<\/title>\n<meta name=\"robots\" content=\"index, follow, max-snippet:-1, max-image-preview:large, max-video-preview:-1\" \/>\n<link rel=\"canonical\" href=\"https:\/\/nk7-testes.com.br\/agazeta\/casal-agride-prfs-e-e-preso-com-arma-de-fogo-na-br-364-no-acre\/\" \/>\n<meta property=\"og:locale\" content=\"pt_BR\" \/>\n<meta property=\"og:type\" content=\"article\" \/>\n<meta property=\"og:title\" content=\"Casal agride PRFs e \u00e9 preso com arma de fogo na BR-364, no Acre - Agazeta.net\" \/>\n<meta property=\"og:description\" content=\"Com a dupla foram encontrados ainda latas de cerveja vazias\" \/>\n<meta property=\"og:url\" content=\"https:\/\/nk7-testes.com.br\/agazeta\/casal-agride-prfs-e-e-preso-com-arma-de-fogo-na-br-364-no-acre\/\" \/>\n<meta property=\"og:site_name\" content=\"Agazeta.net\" \/>\n<meta property=\"article:published_time\" content=\"2020-05-28T18:43:15+00:00\" \/>\n<meta property=\"og:image\" content=\"https:\/\/nk7-testes.com.br\/agazeta\/wp-content\/uploads\/2020\/05\/280520-prf-acre-casal-acidente-bebados.jpg\" \/>\n\t<meta property=\"og:image:width\" content=\"458\" \/>\n\t<meta property=\"og:image:height\" content=\"340\" \/>\n\t<meta property=\"og:image:type\" content=\"image\/jpeg\" \/>\n<meta name=\"author\" content=\"Agazeta.Net\" \/>\n<meta name=\"twitter:card\" content=\"summary_large_image\" \/>\n<meta name=\"twitter:label1\" content=\"Escrito por\" \/>\n\t<meta name=\"twitter:data1\" content=\"Agazeta.Net\" \/>\n\t<meta name=\"twitter:label2\" content=\"Est. tempo de leitura\" \/>\n\t<meta name=\"twitter:data2\" content=\"1 minuto\" \/>\n<script type=\"application\/ld+json\" class=\"yoast-schema-graph\">{\"@context\":\"https:\/\/schema.org\",\"@graph\":[{\"@type\":\"WebPage\",\"@id\":\"https:\/\/nk7-testes.com.br\/agazeta\/casal-agride-prfs-e-e-preso-com-arma-de-fogo-na-br-364-no-acre\/\",\"url\":\"https:\/\/nk7-testes.com.br\/agazeta\/casal-agride-prfs-e-e-preso-com-arma-de-fogo-na-br-364-no-acre\/\",\"name\":\"Casal agride PRFs e \u00e9 preso com arma de fogo na BR-364, no Acre - Agazeta.net\",\"isPartOf\":{\"@id\":\"https:\/\/nk7-testes.com.br\/agazeta\/#website\"},\"primaryImageOfPage\":{\"@id\":\"https:\/\/nk7-testes.com.br\/agazeta\/casal-agride-prfs-e-e-preso-com-arma-de-fogo-na-br-364-no-acre\/#primaryimage\"},\"image\":{\"@id\":\"https:\/\/nk7-testes.com.br\/agazeta\/casal-agride-prfs-e-e-preso-com-arma-de-fogo-na-br-364-no-acre\/#primaryimage\"},\"thumbnailUrl\":\"https:\/\/nk7-testes.com.br\/agazeta\/wp-content\/uploads\/2020\/05\/280520-prf-acre-casal-acidente-bebados.jpg\",\"datePublished\":\"2020-05-28T18:43:15+00:00\",\"author\":{\"@id\":\"https:\/\/nk7-testes.com.br\/agazeta\/#\/schema\/person\/ff6b39d54d6973bfc57f4140f659b23f\"},\"breadcrumb\":{\"@id\":\"https:\/\/nk7-testes.com.br\/agazeta\/casal-agride-prfs-e-e-preso-com-arma-de-fogo-na-br-364-no-acre\/#breadcrumb\"},\"inLanguage\":\"pt-BR\",\"potentialAction\":[{\"@type\":\"ReadAction\",\"target\":[\"https:\/\/nk7-testes.com.br\/agazeta\/casal-agride-prfs-e-e-preso-com-arma-de-fogo-na-br-364-no-acre\/\"]}]},{\"@type\":\"ImageObject\",\"inLanguage\":\"pt-BR\",\"@id\":\"https:\/\/nk7-testes.com.br\/agazeta\/casal-agride-prfs-e-e-preso-com-arma-de-fogo-na-br-364-no-acre\/#primaryimage\",\"url\":\"https:\/\/nk7-testes.com.br\/agazeta\/wp-content\/uploads\/2020\/05\/280520-prf-acre-casal-acidente-bebados.jpg\",\"contentUrl\":\"https:\/\/nk7-testes.com.br\/agazeta\/wp-content\/uploads\/2020\/05\/280520-prf-acre-casal-acidente-bebados.jpg\",\"width\":458,\"height\":340,\"caption\":\"280520-prf-acre-casal-acidente-bebados\"},{\"@type\":\"BreadcrumbList\",\"@id\":\"https:\/\/nk7-testes.com.br\/agazeta\/casal-agride-prfs-e-e-preso-com-arma-de-fogo-na-br-364-no-acre\/#breadcrumb\",\"itemListElement\":[{\"@type\":\"ListItem\",\"position\":1,\"name\":\"In\u00edcio\",\"item\":\"https:\/\/nk7-testes.com.br\/agazeta\/\"},{\"@type\":\"ListItem\",\"position\":2,\"name\":\"Casal agride PRFs e \u00e9 preso com arma de fogo na BR-364, no Acre\"}]},{\"@type\":\"WebSite\",\"@id\":\"https:\/\/nk7-testes.com.br\/agazeta\/#website\",\"url\":\"https:\/\/nk7-testes.com.br\/agazeta\/\",\"name\":\"Agazeta.net\",\"description\":\"Agazeta.net - Not\u00edcias de Rio Branco\/AC\",\"potentialAction\":[{\"@type\":\"SearchAction\",\"target\":{\"@type\":\"EntryPoint\",\"urlTemplate\":\"https:\/\/nk7-testes.com.br\/agazeta\/?s={search_term_string}\"},\"query-input\":{\"@type\":\"PropertyValueSpecification\",\"valueRequired\":true,\"valueName\":\"search_term_string\"}}],\"inLanguage\":\"pt-BR\"},{\"@type\":\"Person\",\"@id\":\"https:\/\/nk7-testes.com.br\/agazeta\/#\/schema\/person\/ff6b39d54d6973bfc57f4140f659b23f\",\"name\":\"Agazeta.Net\",\"url\":\"https:\/\/nk7-testes.com.br\/agazeta\/author\/agazeta\/\"}]}<\/script>\n<!-- \/ Yoast SEO plugin. -->","yoast_head_json":{"title":"Casal agride PRFs e \u00e9 preso com arma de fogo na BR-364, no Acre - Agazeta.net","robots":{"index":"index","follow":"follow","max-snippet":"max-snippet:-1","max-image-preview":"max-image-preview:large","max-video-preview":"max-video-preview:-1"},"canonical":"https:\/\/nk7-testes.com.br\/agazeta\/casal-agride-prfs-e-e-preso-com-arma-de-fogo-na-br-364-no-acre\/","og_locale":"pt_BR","og_type":"article","og_title":"Casal agride PRFs e \u00e9 preso com arma de fogo na BR-364, no Acre - Agazeta.net","og_description":"Com a dupla foram encontrados ainda latas de cerveja vazias","og_url":"https:\/\/nk7-testes.com.br\/agazeta\/casal-agride-prfs-e-e-preso-com-arma-de-fogo-na-br-364-no-acre\/","og_site_name":"Agazeta.net","article_published_time":"2020-05-28T18:43:15+00:00","og_image":[{"width":458,"height":340,"url":"https:\/\/nk7-testes.com.br\/agazeta\/wp-content\/uploads\/2020\/05\/280520-prf-acre-casal-acidente-bebados.jpg","type":"image\/jpeg"}],"author":"Agazeta.Net","twitter_card":"summary_large_image","twitter_misc":{"Escrito por":"Agazeta.Net","Est. tempo de leitura":"1 minuto"},"schema":{"@context":"https:\/\/schema.org","@graph":[{"@type":"WebPage","@id":"https:\/\/nk7-testes.com.br\/agazeta\/casal-agride-prfs-e-e-preso-com-arma-de-fogo-na-br-364-no-acre\/","url":"https:\/\/nk7-testes.com.br\/agazeta\/casal-agride-prfs-e-e-preso-com-arma-de-fogo-na-br-364-no-acre\/","name":"Casal agride PRFs e \u00e9 preso com arma de fogo na BR-364, no Acre - Agazeta.net","isPartOf":{"@id":"https:\/\/nk7-testes.com.br\/agazeta\/#website"},"primaryImageOfPage":{"@id":"https:\/\/nk7-testes.com.br\/agazeta\/casal-agride-prfs-e-e-preso-com-arma-de-fogo-na-br-364-no-acre\/#primaryimage"},"image":{"@id":"https:\/\/nk7-testes.com.br\/agazeta\/casal-agride-prfs-e-e-preso-com-arma-de-fogo-na-br-364-no-acre\/#primaryimage"},"thumbnailUrl":"https:\/\/nk7-testes.com.br\/agazeta\/wp-content\/uploads\/2020\/05\/280520-prf-acre-casal-acidente-bebados.jpg","datePublished":"2020-05-28T18:43:15+00:00","author":{"@id":"https:\/\/nk7-testes.com.br\/agazeta\/#\/schema\/person\/ff6b39d54d6973bfc57f4140f659b23f"},"breadcrumb":{"@id":"https:\/\/nk7-testes.com.br\/agazeta\/casal-agride-prfs-e-e-preso-com-arma-de-fogo-na-br-364-no-acre\/#breadcrumb"},"inLanguage":"pt-BR","potentialAction":[{"@type":"ReadAction","target":["https:\/\/nk7-testes.com.br\/agazeta\/casal-agride-prfs-e-e-preso-com-arma-de-fogo-na-br-364-no-acre\/"]}]},{"@type":"ImageObject","inLanguage":"pt-BR","@id":"https:\/\/nk7-testes.com.br\/agazeta\/casal-agride-prfs-e-e-preso-com-arma-de-fogo-na-br-364-no-acre\/#primaryimage","url":"https:\/\/nk7-testes.com.br\/agazeta\/wp-content\/uploads\/2020\/05\/280520-prf-acre-casal-acidente-bebados.jpg","contentUrl":"https:\/\/nk7-testes.com.br\/agazeta\/wp-content\/uploads\/2020\/05\/280520-prf-acre-casal-acidente-bebados.jpg","width":458,"height":340,"caption":"280520-prf-acre-casal-acidente-bebados"},{"@type":"BreadcrumbList","@id":"https:\/\/nk7-testes.com.br\/agazeta\/casal-agride-prfs-e-e-preso-com-arma-de-fogo-na-br-364-no-acre\/#breadcrumb","itemListElement":[{"@type":"ListItem","position":1,"name":"In\u00edcio","item":"https:\/\/nk7-testes.com.br\/agazeta\/"},{"@type":"ListItem","position":2,"name":"Casal agride PRFs e \u00e9 preso com arma de fogo na BR-364, no Acre"}]},{"@type":"WebSite","@id":"https:\/\/nk7-testes.com.br\/agazeta\/#website","url":"https:\/\/nk7-testes.com.br\/agazeta\/","name":"Agazeta.net","description":"Agazeta.net - Not\u00edcias de Rio Branco\/AC","potentialAction":[{"@type":"SearchAction","target":{"@type":"EntryPoint","urlTemplate":"https:\/\/nk7-testes.com.br\/agazeta\/?s={search_term_string}"},"query-input":{"@type":"PropertyValueSpecification","valueRequired":true,"valueName":"search_term_string"}}],"inLanguage":"pt-BR"},{"@type":"Person","@id":"https:\/\/nk7-testes.com.br\/agazeta\/#\/schema\/person\/ff6b39d54d6973bfc57f4140f659b23f","name":"Agazeta.Net","url":"https:\/\/nk7-testes.com.br\/agazeta\/author\/agazeta\/"}]}},"_links":{"self":[{"href":"https:\/\/nk7-testes.com.br\/agazeta\/wp-json\/wp\/v2\/posts\/48056","targetHints":{"allow":["GET"]}}],"collection":[{"href":"https:\/\/nk7-testes.com.br\/agazeta\/wp-json\/wp\/v2\/posts"}],"about":[{"href":"https:\/\/nk7-testes.com.br\/agazeta\/wp-json\/wp\/v2\/types\/post"}],"author":[{"embeddable":true,"href":"https:\/\/nk7-testes.com.br\/agazeta\/wp-json\/wp\/v2\/users\/4"}],"replies":[{"embeddable":true,"href":"https:\/\/nk7-testes.com.br\/agazeta\/wp-json\/wp\/v2\/comments?post=48056"}],"version-history":[{"count":0,"href":"https:\/\/nk7-testes.com.br\/agazeta\/wp-json\/wp\/v2\/posts\/48056\/revisions"}],"wp:featuredmedia":[{"embeddable":true,"href":"https:\/\/nk7-testes.com.br\/agazeta\/wp-json\/wp\/v2\/media\/48055"}],"wp:attachment":[{"href":"https:\/\/nk7-testes.com.br\/agazeta\/wp-json\/wp\/v2\/media?parent=48056"}],"wp:term":[{"taxonomy":"category","embeddable":true,"href":"https:\/\/nk7-testes.com.br\/agazeta\/wp-json\/wp\/v2\/categories?post=48056"},{"taxonomy":"post_tag","embeddable":true,"href":"https:\/\/nk7-testes.com.br\/agazeta\/wp-json\/wp\/v2\/tags?post=48056"}],"curies":[{"name":"wp","href":"https:\/\/api.w.org\/{rel}","templated":true}]}}