{"id":48002,"date":"2020-05-26T15:41:53","date_gmt":"2020-05-26T15:41:53","guid":{"rendered":"https:\/\/abarevegan.com.br\/index.php\/2020\/05\/26\/carro-colide-contra-motocicleta-e-deixa-tres-pessoas-feridas\/"},"modified":"2020-05-26T15:41:53","modified_gmt":"2020-05-26T15:41:53","slug":"carro-colide-contra-motocicleta-e-deixa-tres-pessoas-feridas","status":"publish","type":"post","link":"https:\/\/nk7-testes.com.br\/agazeta\/carro-colide-contra-motocicleta-e-deixa-tres-pessoas-feridas\/","title":{"rendered":"Carro colide contra motocicleta e deixa tr\u00eas pessoas feridas"},"content":{"rendered":"<p style=\"text-align: justify;\"><span style=\"font-size: 13.2px;\">Uma das v\u00edtimas n\u00e3o resistiu e morreu na ambul\u00e2ncia do Samu<\/span><\/p>\n<p style=\"text-align: justify;\">Uma pessoa morreu e duas ficaram bastante feridas em um acidente envolvendo um carro e uma motocicleta, na noite desta segunda-feira (25), na BR-317, pr\u00f3ximo ao munic\u00edpio de Capixaba.<\/p>\n<p style=\"text-align: justify;\">De acordo com informa\u00e7\u00f5es repassadas \u00e0 pol\u00edcia, o condutor do ve\u00edculo teria atingido a moto, que seguia no sentido contr\u00e1rio, ao realizar uma ultrapassagem na via. O motorista fugiu do local ap\u00f3s a colis\u00e3o.<\/p>\n<p style=\"text-align: justify;\">As tr\u00eas pessoas que estavam na moto ficaram feridas. O Servi\u00e7o de Atendimento M\u00f3vel de Urg\u00eancia (Samu) foi acionado, e levou duas v\u00edtimas para o hospital de Senador Guiomard.<\/p>\n<p style=\"text-align: justify;\">A terceira v\u00edtima, identificada como Jos\u00e9 de Oliveira Santos, de 39 anos, ficou em estado mais grave e precisou ser conduzido para a capital. Ele n\u00e3o resistiu aos ferimentos e morreu na ambul\u00e2ncia.<\/p>\n","protected":false},"excerpt":{"rendered":"<p style=\"text-align: justify;\"><span style=\"font-size: 13.2px;\">Uma das v\u00edtimas n\u00e3o resistiu e morreu na ambul\u00e2ncia do Samu<\/span><\/p>\n","protected":false},"author":4,"featured_media":48001,"comment_status":"open","ping_status":"open","sticky":false,"template":"","format":"standard","meta":{"jnews-multi-image_gallery":[],"jnews_single_post":[],"jnews_primary_category":[],"jnews_social_meta":[],"jnews_review":[],"enable_review":"","type":"","name":"","summary":"","brand":"","sku":"","good":[],"bad":[],"score_override":"","override_value":"","rating":[],"price":[],"footnotes":""},"categories":[44],"tags":[],"class_list":["post-48002","post","type-post","status-publish","format-standard","has-post-thumbnail","hentry","category-policia"],"yoast_head":"<!-- This site is optimized with the Yoast SEO plugin v26.5 - https:\/\/yoast.com\/wordpress\/plugins\/seo\/ -->\n<title>Carro colide contra motocicleta e deixa tr\u00eas pessoas feridas - Agazeta.net<\/title>\n<meta name=\"robots\" content=\"index, follow, max-snippet:-1, max-image-preview:large, max-video-preview:-1\" \/>\n<link rel=\"canonical\" href=\"https:\/\/nk7-testes.com.br\/agazeta\/carro-colide-contra-motocicleta-e-deixa-tres-pessoas-feridas\/\" \/>\n<meta property=\"og:locale\" content=\"pt_BR\" \/>\n<meta property=\"og:type\" content=\"article\" \/>\n<meta property=\"og:title\" content=\"Carro colide contra motocicleta e deixa tr\u00eas pessoas feridas - Agazeta.net\" \/>\n<meta property=\"og:description\" content=\"Uma das v\u00edtimas n\u00e3o resistiu e morreu na ambul\u00e2ncia do Samu\" \/>\n<meta property=\"og:url\" content=\"https:\/\/nk7-testes.com.br\/agazeta\/carro-colide-contra-motocicleta-e-deixa-tres-pessoas-feridas\/\" \/>\n<meta property=\"og:site_name\" content=\"Agazeta.net\" \/>\n<meta property=\"article:published_time\" content=\"2020-05-26T15:41:53+00:00\" \/>\n<meta property=\"og:image\" content=\"https:\/\/nk7-testes.com.br\/agazeta\/wp-content\/uploads\/2020\/05\/26-05-20_samu.jpeg\" \/>\n\t<meta property=\"og:image:width\" content=\"453\" \/>\n\t<meta property=\"og:image:height\" content=\"340\" \/>\n\t<meta property=\"og:image:type\" content=\"image\/jpeg\" \/>\n<meta name=\"author\" content=\"Agazeta.Net\" \/>\n<meta name=\"twitter:card\" content=\"summary_large_image\" \/>\n<meta name=\"twitter:label1\" content=\"Escrito por\" \/>\n\t<meta name=\"twitter:data1\" content=\"Agazeta.Net\" \/>\n\t<meta name=\"twitter:label2\" content=\"Est. tempo de leitura\" \/>\n\t<meta name=\"twitter:data2\" content=\"1 minuto\" \/>\n<script type=\"application\/ld+json\" class=\"yoast-schema-graph\">{\"@context\":\"https:\/\/schema.org\",\"@graph\":[{\"@type\":\"WebPage\",\"@id\":\"https:\/\/nk7-testes.com.br\/agazeta\/carro-colide-contra-motocicleta-e-deixa-tres-pessoas-feridas\/\",\"url\":\"https:\/\/nk7-testes.com.br\/agazeta\/carro-colide-contra-motocicleta-e-deixa-tres-pessoas-feridas\/\",\"name\":\"Carro colide contra motocicleta e deixa tr\u00eas pessoas feridas - Agazeta.net\",\"isPartOf\":{\"@id\":\"https:\/\/nk7-testes.com.br\/agazeta\/#website\"},\"primaryImageOfPage\":{\"@id\":\"https:\/\/nk7-testes.com.br\/agazeta\/carro-colide-contra-motocicleta-e-deixa-tres-pessoas-feridas\/#primaryimage\"},\"image\":{\"@id\":\"https:\/\/nk7-testes.com.br\/agazeta\/carro-colide-contra-motocicleta-e-deixa-tres-pessoas-feridas\/#primaryimage\"},\"thumbnailUrl\":\"https:\/\/nk7-testes.com.br\/agazeta\/wp-content\/uploads\/2020\/05\/26-05-20_samu.jpeg\",\"datePublished\":\"2020-05-26T15:41:53+00:00\",\"author\":{\"@id\":\"https:\/\/nk7-testes.com.br\/agazeta\/#\/schema\/person\/ff6b39d54d6973bfc57f4140f659b23f\"},\"breadcrumb\":{\"@id\":\"https:\/\/nk7-testes.com.br\/agazeta\/carro-colide-contra-motocicleta-e-deixa-tres-pessoas-feridas\/#breadcrumb\"},\"inLanguage\":\"pt-BR\",\"potentialAction\":[{\"@type\":\"ReadAction\",\"target\":[\"https:\/\/nk7-testes.com.br\/agazeta\/carro-colide-contra-motocicleta-e-deixa-tres-pessoas-feridas\/\"]}]},{\"@type\":\"ImageObject\",\"inLanguage\":\"pt-BR\",\"@id\":\"https:\/\/nk7-testes.com.br\/agazeta\/carro-colide-contra-motocicleta-e-deixa-tres-pessoas-feridas\/#primaryimage\",\"url\":\"https:\/\/nk7-testes.com.br\/agazeta\/wp-content\/uploads\/2020\/05\/26-05-20_samu.jpeg\",\"contentUrl\":\"https:\/\/nk7-testes.com.br\/agazeta\/wp-content\/uploads\/2020\/05\/26-05-20_samu.jpeg\",\"width\":453,\"height\":340,\"caption\":\"26-05-20 samu\"},{\"@type\":\"BreadcrumbList\",\"@id\":\"https:\/\/nk7-testes.com.br\/agazeta\/carro-colide-contra-motocicleta-e-deixa-tres-pessoas-feridas\/#breadcrumb\",\"itemListElement\":[{\"@type\":\"ListItem\",\"position\":1,\"name\":\"In\u00edcio\",\"item\":\"https:\/\/nk7-testes.com.br\/agazeta\/\"},{\"@type\":\"ListItem\",\"position\":2,\"name\":\"Carro colide contra motocicleta e deixa tr\u00eas pessoas feridas\"}]},{\"@type\":\"WebSite\",\"@id\":\"https:\/\/nk7-testes.com.br\/agazeta\/#website\",\"url\":\"https:\/\/nk7-testes.com.br\/agazeta\/\",\"name\":\"Agazeta.net\",\"description\":\"Agazeta.net - Not\u00edcias de Rio Branco\/AC\",\"potentialAction\":[{\"@type\":\"SearchAction\",\"target\":{\"@type\":\"EntryPoint\",\"urlTemplate\":\"https:\/\/nk7-testes.com.br\/agazeta\/?s={search_term_string}\"},\"query-input\":{\"@type\":\"PropertyValueSpecification\",\"valueRequired\":true,\"valueName\":\"search_term_string\"}}],\"inLanguage\":\"pt-BR\"},{\"@type\":\"Person\",\"@id\":\"https:\/\/nk7-testes.com.br\/agazeta\/#\/schema\/person\/ff6b39d54d6973bfc57f4140f659b23f\",\"name\":\"Agazeta.Net\",\"url\":\"https:\/\/nk7-testes.com.br\/agazeta\/author\/agazeta\/\"}]}<\/script>\n<!-- \/ Yoast SEO plugin. -->","yoast_head_json":{"title":"Carro colide contra motocicleta e deixa tr\u00eas pessoas feridas - Agazeta.net","robots":{"index":"index","follow":"follow","max-snippet":"max-snippet:-1","max-image-preview":"max-image-preview:large","max-video-preview":"max-video-preview:-1"},"canonical":"https:\/\/nk7-testes.com.br\/agazeta\/carro-colide-contra-motocicleta-e-deixa-tres-pessoas-feridas\/","og_locale":"pt_BR","og_type":"article","og_title":"Carro colide contra motocicleta e deixa tr\u00eas pessoas feridas - Agazeta.net","og_description":"Uma das v\u00edtimas n\u00e3o resistiu e morreu na ambul\u00e2ncia do Samu","og_url":"https:\/\/nk7-testes.com.br\/agazeta\/carro-colide-contra-motocicleta-e-deixa-tres-pessoas-feridas\/","og_site_name":"Agazeta.net","article_published_time":"2020-05-26T15:41:53+00:00","og_image":[{"width":453,"height":340,"url":"https:\/\/nk7-testes.com.br\/agazeta\/wp-content\/uploads\/2020\/05\/26-05-20_samu.jpeg","type":"image\/jpeg"}],"author":"Agazeta.Net","twitter_card":"summary_large_image","twitter_misc":{"Escrito por":"Agazeta.Net","Est. tempo de leitura":"1 minuto"},"schema":{"@context":"https:\/\/schema.org","@graph":[{"@type":"WebPage","@id":"https:\/\/nk7-testes.com.br\/agazeta\/carro-colide-contra-motocicleta-e-deixa-tres-pessoas-feridas\/","url":"https:\/\/nk7-testes.com.br\/agazeta\/carro-colide-contra-motocicleta-e-deixa-tres-pessoas-feridas\/","name":"Carro colide contra motocicleta e deixa tr\u00eas pessoas feridas - Agazeta.net","isPartOf":{"@id":"https:\/\/nk7-testes.com.br\/agazeta\/#website"},"primaryImageOfPage":{"@id":"https:\/\/nk7-testes.com.br\/agazeta\/carro-colide-contra-motocicleta-e-deixa-tres-pessoas-feridas\/#primaryimage"},"image":{"@id":"https:\/\/nk7-testes.com.br\/agazeta\/carro-colide-contra-motocicleta-e-deixa-tres-pessoas-feridas\/#primaryimage"},"thumbnailUrl":"https:\/\/nk7-testes.com.br\/agazeta\/wp-content\/uploads\/2020\/05\/26-05-20_samu.jpeg","datePublished":"2020-05-26T15:41:53+00:00","author":{"@id":"https:\/\/nk7-testes.com.br\/agazeta\/#\/schema\/person\/ff6b39d54d6973bfc57f4140f659b23f"},"breadcrumb":{"@id":"https:\/\/nk7-testes.com.br\/agazeta\/carro-colide-contra-motocicleta-e-deixa-tres-pessoas-feridas\/#breadcrumb"},"inLanguage":"pt-BR","potentialAction":[{"@type":"ReadAction","target":["https:\/\/nk7-testes.com.br\/agazeta\/carro-colide-contra-motocicleta-e-deixa-tres-pessoas-feridas\/"]}]},{"@type":"ImageObject","inLanguage":"pt-BR","@id":"https:\/\/nk7-testes.com.br\/agazeta\/carro-colide-contra-motocicleta-e-deixa-tres-pessoas-feridas\/#primaryimage","url":"https:\/\/nk7-testes.com.br\/agazeta\/wp-content\/uploads\/2020\/05\/26-05-20_samu.jpeg","contentUrl":"https:\/\/nk7-testes.com.br\/agazeta\/wp-content\/uploads\/2020\/05\/26-05-20_samu.jpeg","width":453,"height":340,"caption":"26-05-20 samu"},{"@type":"BreadcrumbList","@id":"https:\/\/nk7-testes.com.br\/agazeta\/carro-colide-contra-motocicleta-e-deixa-tres-pessoas-feridas\/#breadcrumb","itemListElement":[{"@type":"ListItem","position":1,"name":"In\u00edcio","item":"https:\/\/nk7-testes.com.br\/agazeta\/"},{"@type":"ListItem","position":2,"name":"Carro colide contra motocicleta e deixa tr\u00eas pessoas feridas"}]},{"@type":"WebSite","@id":"https:\/\/nk7-testes.com.br\/agazeta\/#website","url":"https:\/\/nk7-testes.com.br\/agazeta\/","name":"Agazeta.net","description":"Agazeta.net - Not\u00edcias de Rio Branco\/AC","potentialAction":[{"@type":"SearchAction","target":{"@type":"EntryPoint","urlTemplate":"https:\/\/nk7-testes.com.br\/agazeta\/?s={search_term_string}"},"query-input":{"@type":"PropertyValueSpecification","valueRequired":true,"valueName":"search_term_string"}}],"inLanguage":"pt-BR"},{"@type":"Person","@id":"https:\/\/nk7-testes.com.br\/agazeta\/#\/schema\/person\/ff6b39d54d6973bfc57f4140f659b23f","name":"Agazeta.Net","url":"https:\/\/nk7-testes.com.br\/agazeta\/author\/agazeta\/"}]}},"_links":{"self":[{"href":"https:\/\/nk7-testes.com.br\/agazeta\/wp-json\/wp\/v2\/posts\/48002","targetHints":{"allow":["GET"]}}],"collection":[{"href":"https:\/\/nk7-testes.com.br\/agazeta\/wp-json\/wp\/v2\/posts"}],"about":[{"href":"https:\/\/nk7-testes.com.br\/agazeta\/wp-json\/wp\/v2\/types\/post"}],"author":[{"embeddable":true,"href":"https:\/\/nk7-testes.com.br\/agazeta\/wp-json\/wp\/v2\/users\/4"}],"replies":[{"embeddable":true,"href":"https:\/\/nk7-testes.com.br\/agazeta\/wp-json\/wp\/v2\/comments?post=48002"}],"version-history":[{"count":0,"href":"https:\/\/nk7-testes.com.br\/agazeta\/wp-json\/wp\/v2\/posts\/48002\/revisions"}],"wp:featuredmedia":[{"embeddable":true,"href":"https:\/\/nk7-testes.com.br\/agazeta\/wp-json\/wp\/v2\/media\/48001"}],"wp:attachment":[{"href":"https:\/\/nk7-testes.com.br\/agazeta\/wp-json\/wp\/v2\/media?parent=48002"}],"wp:term":[{"taxonomy":"category","embeddable":true,"href":"https:\/\/nk7-testes.com.br\/agazeta\/wp-json\/wp\/v2\/categories?post=48002"},{"taxonomy":"post_tag","embeddable":true,"href":"https:\/\/nk7-testes.com.br\/agazeta\/wp-json\/wp\/v2\/tags?post=48002"}],"curies":[{"name":"wp","href":"https:\/\/api.w.org\/{rel}","templated":true}]}}