{"id":47971,"date":"2020-05-25T12:47:18","date_gmt":"2020-05-25T12:47:18","guid":{"rendered":"https:\/\/abarevegan.com.br\/index.php\/2020\/05\/25\/detentos-do-foc-tem-mais-um-plano-de-fuga-frustrado\/"},"modified":"2020-05-25T12:47:18","modified_gmt":"2020-05-25T12:47:18","slug":"detentos-do-foc-tem-mais-um-plano-de-fuga-frustrado","status":"publish","type":"post","link":"https:\/\/nk7-testes.com.br\/agazeta\/detentos-do-foc-tem-mais-um-plano-de-fuga-frustrado\/","title":{"rendered":"Detentos do FOC t\u00eam mais um plano de fuga frustrado"},"content":{"rendered":"<p style=\"text-align: justify;\"><span style=\"font-size: 13.2px;\">Escada e corda artesanais foram encontrados em cela<\/span><\/p>\n<p style=\"text-align: justify;\">Sete detentos do pavilh\u00e3o I do Complexo Penitenci\u00e1rio Francisco de Oliveira Conde (FOC), em Rio Branco, tiveram o plano de fuga frustrado na tarde deste domingo (24). A ocorr\u00eancia aconteceu na unidade destinada aos presos sentenciados.<\/p>\n<p style=\"text-align: justify;\">Segundo os policiais penais, durante verifica\u00e7\u00e3o de estrutura foi encontrada uma escada artesanal, um aparelho celular, uma faca e uma tereza (corda artesanal).<\/p>\n<p style=\"text-align: justify;\">O material foi encontrado na cela 22, onde sete detentos cumprem pena. Devido \u00e0 apreens\u00e3o, os detentos foram encaminhados ao isolamento preventivo e responder\u00e3o a procedimento administrativo disciplinar para apurar a falta cometida.<\/p>\n","protected":false},"excerpt":{"rendered":"<p style=\"text-align: justify;\"><span style=\"font-size: 13.2px;\">Escada e corda artesanais foram encontrados em cela<\/span><\/p>\n","protected":false},"author":4,"featured_media":47970,"comment_status":"open","ping_status":"open","sticky":false,"template":"","format":"standard","meta":{"jnews-multi-image_gallery":[],"jnews_single_post":[],"jnews_primary_category":[],"jnews_social_meta":[],"jnews_review":[],"enable_review":"","type":"","name":"","summary":"","brand":"","sku":"","good":[],"bad":[],"score_override":"","override_value":"","rating":[],"price":[],"footnotes":""},"categories":[44],"tags":[],"class_list":["post-47971","post","type-post","status-publish","format-standard","has-post-thumbnail","hentry","category-policia"],"yoast_head":"<!-- This site is optimized with the Yoast SEO plugin v26.5 - https:\/\/yoast.com\/wordpress\/plugins\/seo\/ -->\n<title>Detentos do FOC t\u00eam mais um plano de fuga frustrado - Agazeta.net<\/title>\n<meta name=\"robots\" content=\"index, follow, max-snippet:-1, max-image-preview:large, max-video-preview:-1\" \/>\n<link rel=\"canonical\" href=\"https:\/\/nk7-testes.com.br\/agazeta\/detentos-do-foc-tem-mais-um-plano-de-fuga-frustrado\/\" \/>\n<meta property=\"og:locale\" content=\"pt_BR\" \/>\n<meta property=\"og:type\" content=\"article\" \/>\n<meta property=\"og:title\" content=\"Detentos do FOC t\u00eam mais um plano de fuga frustrado - Agazeta.net\" \/>\n<meta property=\"og:description\" content=\"Escada e corda artesanais foram encontrados em cela\" \/>\n<meta property=\"og:url\" content=\"https:\/\/nk7-testes.com.br\/agazeta\/detentos-do-foc-tem-mais-um-plano-de-fuga-frustrado\/\" \/>\n<meta property=\"og:site_name\" content=\"Agazeta.net\" \/>\n<meta property=\"article:published_time\" content=\"2020-05-25T12:47:18+00:00\" \/>\n<meta property=\"og:image\" content=\"https:\/\/nk7-testes.com.br\/agazeta\/wp-content\/uploads\/2020\/05\/25-05-20_tentativa_fuga.jpg\" \/>\n\t<meta property=\"og:image:width\" content=\"452\" \/>\n\t<meta property=\"og:image:height\" content=\"340\" \/>\n\t<meta property=\"og:image:type\" content=\"image\/jpeg\" \/>\n<meta name=\"author\" content=\"Agazeta.Net\" \/>\n<meta name=\"twitter:card\" content=\"summary_large_image\" \/>\n<meta name=\"twitter:label1\" content=\"Escrito por\" \/>\n\t<meta name=\"twitter:data1\" content=\"Agazeta.Net\" \/>\n\t<meta name=\"twitter:label2\" content=\"Est. tempo de leitura\" \/>\n\t<meta name=\"twitter:data2\" content=\"1 minuto\" \/>\n<script type=\"application\/ld+json\" class=\"yoast-schema-graph\">{\"@context\":\"https:\/\/schema.org\",\"@graph\":[{\"@type\":\"WebPage\",\"@id\":\"https:\/\/nk7-testes.com.br\/agazeta\/detentos-do-foc-tem-mais-um-plano-de-fuga-frustrado\/\",\"url\":\"https:\/\/nk7-testes.com.br\/agazeta\/detentos-do-foc-tem-mais-um-plano-de-fuga-frustrado\/\",\"name\":\"Detentos do FOC t\u00eam mais um plano de fuga frustrado - Agazeta.net\",\"isPartOf\":{\"@id\":\"https:\/\/nk7-testes.com.br\/agazeta\/#website\"},\"primaryImageOfPage\":{\"@id\":\"https:\/\/nk7-testes.com.br\/agazeta\/detentos-do-foc-tem-mais-um-plano-de-fuga-frustrado\/#primaryimage\"},\"image\":{\"@id\":\"https:\/\/nk7-testes.com.br\/agazeta\/detentos-do-foc-tem-mais-um-plano-de-fuga-frustrado\/#primaryimage\"},\"thumbnailUrl\":\"https:\/\/nk7-testes.com.br\/agazeta\/wp-content\/uploads\/2020\/05\/25-05-20_tentativa_fuga.jpg\",\"datePublished\":\"2020-05-25T12:47:18+00:00\",\"author\":{\"@id\":\"https:\/\/nk7-testes.com.br\/agazeta\/#\/schema\/person\/ff6b39d54d6973bfc57f4140f659b23f\"},\"breadcrumb\":{\"@id\":\"https:\/\/nk7-testes.com.br\/agazeta\/detentos-do-foc-tem-mais-um-plano-de-fuga-frustrado\/#breadcrumb\"},\"inLanguage\":\"pt-BR\",\"potentialAction\":[{\"@type\":\"ReadAction\",\"target\":[\"https:\/\/nk7-testes.com.br\/agazeta\/detentos-do-foc-tem-mais-um-plano-de-fuga-frustrado\/\"]}]},{\"@type\":\"ImageObject\",\"inLanguage\":\"pt-BR\",\"@id\":\"https:\/\/nk7-testes.com.br\/agazeta\/detentos-do-foc-tem-mais-um-plano-de-fuga-frustrado\/#primaryimage\",\"url\":\"https:\/\/nk7-testes.com.br\/agazeta\/wp-content\/uploads\/2020\/05\/25-05-20_tentativa_fuga.jpg\",\"contentUrl\":\"https:\/\/nk7-testes.com.br\/agazeta\/wp-content\/uploads\/2020\/05\/25-05-20_tentativa_fuga.jpg\",\"width\":452,\"height\":340,\"caption\":\"25-05-20 tentativa fuga\"},{\"@type\":\"BreadcrumbList\",\"@id\":\"https:\/\/nk7-testes.com.br\/agazeta\/detentos-do-foc-tem-mais-um-plano-de-fuga-frustrado\/#breadcrumb\",\"itemListElement\":[{\"@type\":\"ListItem\",\"position\":1,\"name\":\"In\u00edcio\",\"item\":\"https:\/\/nk7-testes.com.br\/agazeta\/\"},{\"@type\":\"ListItem\",\"position\":2,\"name\":\"Detentos do FOC t\u00eam mais um plano de fuga frustrado\"}]},{\"@type\":\"WebSite\",\"@id\":\"https:\/\/nk7-testes.com.br\/agazeta\/#website\",\"url\":\"https:\/\/nk7-testes.com.br\/agazeta\/\",\"name\":\"Agazeta.net\",\"description\":\"Agazeta.net - Not\u00edcias de Rio Branco\/AC\",\"potentialAction\":[{\"@type\":\"SearchAction\",\"target\":{\"@type\":\"EntryPoint\",\"urlTemplate\":\"https:\/\/nk7-testes.com.br\/agazeta\/?s={search_term_string}\"},\"query-input\":{\"@type\":\"PropertyValueSpecification\",\"valueRequired\":true,\"valueName\":\"search_term_string\"}}],\"inLanguage\":\"pt-BR\"},{\"@type\":\"Person\",\"@id\":\"https:\/\/nk7-testes.com.br\/agazeta\/#\/schema\/person\/ff6b39d54d6973bfc57f4140f659b23f\",\"name\":\"Agazeta.Net\",\"url\":\"https:\/\/nk7-testes.com.br\/agazeta\/author\/agazeta\/\"}]}<\/script>\n<!-- \/ Yoast SEO plugin. -->","yoast_head_json":{"title":"Detentos do FOC t\u00eam mais um plano de fuga frustrado - Agazeta.net","robots":{"index":"index","follow":"follow","max-snippet":"max-snippet:-1","max-image-preview":"max-image-preview:large","max-video-preview":"max-video-preview:-1"},"canonical":"https:\/\/nk7-testes.com.br\/agazeta\/detentos-do-foc-tem-mais-um-plano-de-fuga-frustrado\/","og_locale":"pt_BR","og_type":"article","og_title":"Detentos do FOC t\u00eam mais um plano de fuga frustrado - Agazeta.net","og_description":"Escada e corda artesanais foram encontrados em cela","og_url":"https:\/\/nk7-testes.com.br\/agazeta\/detentos-do-foc-tem-mais-um-plano-de-fuga-frustrado\/","og_site_name":"Agazeta.net","article_published_time":"2020-05-25T12:47:18+00:00","og_image":[{"width":452,"height":340,"url":"https:\/\/nk7-testes.com.br\/agazeta\/wp-content\/uploads\/2020\/05\/25-05-20_tentativa_fuga.jpg","type":"image\/jpeg"}],"author":"Agazeta.Net","twitter_card":"summary_large_image","twitter_misc":{"Escrito por":"Agazeta.Net","Est. tempo de leitura":"1 minuto"},"schema":{"@context":"https:\/\/schema.org","@graph":[{"@type":"WebPage","@id":"https:\/\/nk7-testes.com.br\/agazeta\/detentos-do-foc-tem-mais-um-plano-de-fuga-frustrado\/","url":"https:\/\/nk7-testes.com.br\/agazeta\/detentos-do-foc-tem-mais-um-plano-de-fuga-frustrado\/","name":"Detentos do FOC t\u00eam mais um plano de fuga frustrado - Agazeta.net","isPartOf":{"@id":"https:\/\/nk7-testes.com.br\/agazeta\/#website"},"primaryImageOfPage":{"@id":"https:\/\/nk7-testes.com.br\/agazeta\/detentos-do-foc-tem-mais-um-plano-de-fuga-frustrado\/#primaryimage"},"image":{"@id":"https:\/\/nk7-testes.com.br\/agazeta\/detentos-do-foc-tem-mais-um-plano-de-fuga-frustrado\/#primaryimage"},"thumbnailUrl":"https:\/\/nk7-testes.com.br\/agazeta\/wp-content\/uploads\/2020\/05\/25-05-20_tentativa_fuga.jpg","datePublished":"2020-05-25T12:47:18+00:00","author":{"@id":"https:\/\/nk7-testes.com.br\/agazeta\/#\/schema\/person\/ff6b39d54d6973bfc57f4140f659b23f"},"breadcrumb":{"@id":"https:\/\/nk7-testes.com.br\/agazeta\/detentos-do-foc-tem-mais-um-plano-de-fuga-frustrado\/#breadcrumb"},"inLanguage":"pt-BR","potentialAction":[{"@type":"ReadAction","target":["https:\/\/nk7-testes.com.br\/agazeta\/detentos-do-foc-tem-mais-um-plano-de-fuga-frustrado\/"]}]},{"@type":"ImageObject","inLanguage":"pt-BR","@id":"https:\/\/nk7-testes.com.br\/agazeta\/detentos-do-foc-tem-mais-um-plano-de-fuga-frustrado\/#primaryimage","url":"https:\/\/nk7-testes.com.br\/agazeta\/wp-content\/uploads\/2020\/05\/25-05-20_tentativa_fuga.jpg","contentUrl":"https:\/\/nk7-testes.com.br\/agazeta\/wp-content\/uploads\/2020\/05\/25-05-20_tentativa_fuga.jpg","width":452,"height":340,"caption":"25-05-20 tentativa fuga"},{"@type":"BreadcrumbList","@id":"https:\/\/nk7-testes.com.br\/agazeta\/detentos-do-foc-tem-mais-um-plano-de-fuga-frustrado\/#breadcrumb","itemListElement":[{"@type":"ListItem","position":1,"name":"In\u00edcio","item":"https:\/\/nk7-testes.com.br\/agazeta\/"},{"@type":"ListItem","position":2,"name":"Detentos do FOC t\u00eam mais um plano de fuga frustrado"}]},{"@type":"WebSite","@id":"https:\/\/nk7-testes.com.br\/agazeta\/#website","url":"https:\/\/nk7-testes.com.br\/agazeta\/","name":"Agazeta.net","description":"Agazeta.net - Not\u00edcias de Rio Branco\/AC","potentialAction":[{"@type":"SearchAction","target":{"@type":"EntryPoint","urlTemplate":"https:\/\/nk7-testes.com.br\/agazeta\/?s={search_term_string}"},"query-input":{"@type":"PropertyValueSpecification","valueRequired":true,"valueName":"search_term_string"}}],"inLanguage":"pt-BR"},{"@type":"Person","@id":"https:\/\/nk7-testes.com.br\/agazeta\/#\/schema\/person\/ff6b39d54d6973bfc57f4140f659b23f","name":"Agazeta.Net","url":"https:\/\/nk7-testes.com.br\/agazeta\/author\/agazeta\/"}]}},"_links":{"self":[{"href":"https:\/\/nk7-testes.com.br\/agazeta\/wp-json\/wp\/v2\/posts\/47971","targetHints":{"allow":["GET"]}}],"collection":[{"href":"https:\/\/nk7-testes.com.br\/agazeta\/wp-json\/wp\/v2\/posts"}],"about":[{"href":"https:\/\/nk7-testes.com.br\/agazeta\/wp-json\/wp\/v2\/types\/post"}],"author":[{"embeddable":true,"href":"https:\/\/nk7-testes.com.br\/agazeta\/wp-json\/wp\/v2\/users\/4"}],"replies":[{"embeddable":true,"href":"https:\/\/nk7-testes.com.br\/agazeta\/wp-json\/wp\/v2\/comments?post=47971"}],"version-history":[{"count":0,"href":"https:\/\/nk7-testes.com.br\/agazeta\/wp-json\/wp\/v2\/posts\/47971\/revisions"}],"wp:featuredmedia":[{"embeddable":true,"href":"https:\/\/nk7-testes.com.br\/agazeta\/wp-json\/wp\/v2\/media\/47970"}],"wp:attachment":[{"href":"https:\/\/nk7-testes.com.br\/agazeta\/wp-json\/wp\/v2\/media?parent=47971"}],"wp:term":[{"taxonomy":"category","embeddable":true,"href":"https:\/\/nk7-testes.com.br\/agazeta\/wp-json\/wp\/v2\/categories?post=47971"},{"taxonomy":"post_tag","embeddable":true,"href":"https:\/\/nk7-testes.com.br\/agazeta\/wp-json\/wp\/v2\/tags?post=47971"}],"curies":[{"name":"wp","href":"https:\/\/api.w.org\/{rel}","templated":true}]}}