{"id":47968,"date":"2020-05-23T20:09:40","date_gmt":"2020-05-23T20:09:40","guid":{"rendered":"https:\/\/abarevegan.com.br\/index.php\/2020\/05\/23\/policia-civil-prende-acusados-de-integrar-organizacao-criminosa\/"},"modified":"2020-05-23T20:09:40","modified_gmt":"2020-05-23T20:09:40","slug":"policia-civil-prende-acusados-de-integrar-organizacao-criminosa","status":"publish","type":"post","link":"https:\/\/nk7-testes.com.br\/agazeta\/policia-civil-prende-acusados-de-integrar-organizacao-criminosa\/","title":{"rendered":"Pol\u00edcia Civil prende acusados de integrar organiza\u00e7\u00e3o criminosa"},"content":{"rendered":"<p style=\"text-align: justify;\"><span style=\"font-size: 13.2px;\">12 pris\u00f5es aconteceram na capital, em Cruzeiro do Sul e Pl\u00e1cido de Castro<\/span><\/p>\n<p style=\"text-align: justify;\">Em opera\u00e7\u00e3o realizada pela Pol\u00edcia Civil do Acre, na manh\u00e3 deste s\u00e1bado (23), 12 pessoas foram presas sob a acusa\u00e7\u00e3o de integrar organiza\u00e7\u00e3o criminosa. A a\u00e7\u00e3o foi coordenada pelo Departamento de Intelig\u00eancia (DI) e aconteceu em Rio Branco, Cruzeiro do Sul e Pl\u00e1cido de Castro.<\/p>\n<p style=\"text-align: justify;\">Em Rio Branco foram realizadas pris\u00f5es no complexo penitenci\u00e1rio Francisco de Oliveira Conde (FOC) e nos bairros Calafate, Conquista, Jorge Lavocat e Papouco.<\/p>\n<p style=\"text-align: justify;\">Ainda ocorreram dois cumprimentos de mandados na penitenci\u00e1ria de Cruzeiro do Sul e outras duas na cidade de Pl\u00e1cido de Castro. A Opera\u00e7\u00e3o teve o apoio da Pol\u00edcia Penal acreana e do GAECO do Minist\u00e9rio P\u00fablico do Acre.<\/p>\n<p style=\"text-align: justify;\">Entre os presos estavam tr\u00eas lideran\u00e7as importantes da organiza\u00e7\u00e3o criminosa que gozavam do beneficio da liberdade provis\u00f3ria. O trio, aproveitando da liberdade, coordenavam diversas a\u00e7\u00f5es criminosas em todo estado do Acre.<\/p>\n<p style=\"text-align: justify;\">\u201cEssas pris\u00f5es s\u00e3o mais uma prova do trabalho incans\u00e1vel e eficiente de nossos policiais que disp\u00f5em de t\u00e9cnicas apuradas de investiga\u00e7\u00e3o e de intelig\u00eancia garantindo o sucesso de nossas opera\u00e7\u00f5es\u201d, declarou o delegado geral da Pol\u00edcia Civil, Jos\u00e9 Henrique Maciel.<\/p>\n","protected":false},"excerpt":{"rendered":"<p style=\"text-align: justify;\"><span style=\"font-size: 13.2px;\">12 pris\u00f5es aconteceram na capital, em Cruzeiro do Sul e Pl\u00e1cido de Castro<\/span><\/p>\n","protected":false},"author":4,"featured_media":47967,"comment_status":"open","ping_status":"open","sticky":false,"template":"","format":"standard","meta":{"jnews-multi-image_gallery":[],"jnews_single_post":[],"jnews_primary_category":[],"jnews_social_meta":[],"jnews_review":[],"enable_review":"","type":"","name":"","summary":"","brand":"","sku":"","good":[],"bad":[],"score_override":"","override_value":"","rating":[],"price":[],"footnotes":""},"categories":[44],"tags":[],"class_list":["post-47968","post","type-post","status-publish","format-standard","has-post-thumbnail","hentry","category-policia"],"yoast_head":"<!-- This site is optimized with the Yoast SEO plugin v26.5 - https:\/\/yoast.com\/wordpress\/plugins\/seo\/ -->\n<title>Pol\u00edcia Civil prende acusados de integrar organiza\u00e7\u00e3o criminosa - Agazeta.net<\/title>\n<meta name=\"robots\" content=\"index, follow, max-snippet:-1, max-image-preview:large, max-video-preview:-1\" \/>\n<link rel=\"canonical\" href=\"https:\/\/nk7-testes.com.br\/agazeta\/policia-civil-prende-acusados-de-integrar-organizacao-criminosa\/\" \/>\n<meta property=\"og:locale\" content=\"pt_BR\" \/>\n<meta property=\"og:type\" content=\"article\" \/>\n<meta property=\"og:title\" content=\"Pol\u00edcia Civil prende acusados de integrar organiza\u00e7\u00e3o criminosa - Agazeta.net\" \/>\n<meta property=\"og:description\" content=\"12 pris\u00f5es aconteceram na capital, em Cruzeiro do Sul e Pl\u00e1cido de Castro\" \/>\n<meta property=\"og:url\" content=\"https:\/\/nk7-testes.com.br\/agazeta\/policia-civil-prende-acusados-de-integrar-organizacao-criminosa\/\" \/>\n<meta property=\"og:site_name\" content=\"Agazeta.net\" \/>\n<meta property=\"article:published_time\" content=\"2020-05-23T20:09:40+00:00\" \/>\n<meta property=\"og:image\" content=\"https:\/\/nk7-testes.com.br\/agazeta\/wp-content\/uploads\/2020\/05\/23-05-20_operacao_policia_civil.png\" \/>\n\t<meta property=\"og:image:width\" content=\"456\" \/>\n\t<meta property=\"og:image:height\" content=\"340\" \/>\n\t<meta property=\"og:image:type\" content=\"image\/png\" \/>\n<meta name=\"author\" content=\"Agazeta.Net\" \/>\n<meta name=\"twitter:card\" content=\"summary_large_image\" \/>\n<meta name=\"twitter:label1\" content=\"Escrito por\" \/>\n\t<meta name=\"twitter:data1\" content=\"Agazeta.Net\" \/>\n\t<meta name=\"twitter:label2\" content=\"Est. tempo de leitura\" \/>\n\t<meta name=\"twitter:data2\" content=\"1 minuto\" \/>\n<script type=\"application\/ld+json\" class=\"yoast-schema-graph\">{\"@context\":\"https:\/\/schema.org\",\"@graph\":[{\"@type\":\"WebPage\",\"@id\":\"https:\/\/nk7-testes.com.br\/agazeta\/policia-civil-prende-acusados-de-integrar-organizacao-criminosa\/\",\"url\":\"https:\/\/nk7-testes.com.br\/agazeta\/policia-civil-prende-acusados-de-integrar-organizacao-criminosa\/\",\"name\":\"Pol\u00edcia Civil prende acusados de integrar organiza\u00e7\u00e3o criminosa - Agazeta.net\",\"isPartOf\":{\"@id\":\"https:\/\/nk7-testes.com.br\/agazeta\/#website\"},\"primaryImageOfPage\":{\"@id\":\"https:\/\/nk7-testes.com.br\/agazeta\/policia-civil-prende-acusados-de-integrar-organizacao-criminosa\/#primaryimage\"},\"image\":{\"@id\":\"https:\/\/nk7-testes.com.br\/agazeta\/policia-civil-prende-acusados-de-integrar-organizacao-criminosa\/#primaryimage\"},\"thumbnailUrl\":\"https:\/\/nk7-testes.com.br\/agazeta\/wp-content\/uploads\/2020\/05\/23-05-20_operacao_policia_civil.png\",\"datePublished\":\"2020-05-23T20:09:40+00:00\",\"author\":{\"@id\":\"https:\/\/nk7-testes.com.br\/agazeta\/#\/schema\/person\/ff6b39d54d6973bfc57f4140f659b23f\"},\"breadcrumb\":{\"@id\":\"https:\/\/nk7-testes.com.br\/agazeta\/policia-civil-prende-acusados-de-integrar-organizacao-criminosa\/#breadcrumb\"},\"inLanguage\":\"pt-BR\",\"potentialAction\":[{\"@type\":\"ReadAction\",\"target\":[\"https:\/\/nk7-testes.com.br\/agazeta\/policia-civil-prende-acusados-de-integrar-organizacao-criminosa\/\"]}]},{\"@type\":\"ImageObject\",\"inLanguage\":\"pt-BR\",\"@id\":\"https:\/\/nk7-testes.com.br\/agazeta\/policia-civil-prende-acusados-de-integrar-organizacao-criminosa\/#primaryimage\",\"url\":\"https:\/\/nk7-testes.com.br\/agazeta\/wp-content\/uploads\/2020\/05\/23-05-20_operacao_policia_civil.png\",\"contentUrl\":\"https:\/\/nk7-testes.com.br\/agazeta\/wp-content\/uploads\/2020\/05\/23-05-20_operacao_policia_civil.png\",\"width\":456,\"height\":340,\"caption\":\"23-05-20 opera\u00e7\u00e3o policia civil\"},{\"@type\":\"BreadcrumbList\",\"@id\":\"https:\/\/nk7-testes.com.br\/agazeta\/policia-civil-prende-acusados-de-integrar-organizacao-criminosa\/#breadcrumb\",\"itemListElement\":[{\"@type\":\"ListItem\",\"position\":1,\"name\":\"In\u00edcio\",\"item\":\"https:\/\/nk7-testes.com.br\/agazeta\/\"},{\"@type\":\"ListItem\",\"position\":2,\"name\":\"Pol\u00edcia Civil prende acusados de integrar organiza\u00e7\u00e3o criminosa\"}]},{\"@type\":\"WebSite\",\"@id\":\"https:\/\/nk7-testes.com.br\/agazeta\/#website\",\"url\":\"https:\/\/nk7-testes.com.br\/agazeta\/\",\"name\":\"Agazeta.net\",\"description\":\"Agazeta.net - Not\u00edcias de Rio Branco\/AC\",\"potentialAction\":[{\"@type\":\"SearchAction\",\"target\":{\"@type\":\"EntryPoint\",\"urlTemplate\":\"https:\/\/nk7-testes.com.br\/agazeta\/?s={search_term_string}\"},\"query-input\":{\"@type\":\"PropertyValueSpecification\",\"valueRequired\":true,\"valueName\":\"search_term_string\"}}],\"inLanguage\":\"pt-BR\"},{\"@type\":\"Person\",\"@id\":\"https:\/\/nk7-testes.com.br\/agazeta\/#\/schema\/person\/ff6b39d54d6973bfc57f4140f659b23f\",\"name\":\"Agazeta.Net\",\"url\":\"https:\/\/nk7-testes.com.br\/agazeta\/author\/agazeta\/\"}]}<\/script>\n<!-- \/ Yoast SEO plugin. -->","yoast_head_json":{"title":"Pol\u00edcia Civil prende acusados de integrar organiza\u00e7\u00e3o criminosa - Agazeta.net","robots":{"index":"index","follow":"follow","max-snippet":"max-snippet:-1","max-image-preview":"max-image-preview:large","max-video-preview":"max-video-preview:-1"},"canonical":"https:\/\/nk7-testes.com.br\/agazeta\/policia-civil-prende-acusados-de-integrar-organizacao-criminosa\/","og_locale":"pt_BR","og_type":"article","og_title":"Pol\u00edcia Civil prende acusados de integrar organiza\u00e7\u00e3o criminosa - Agazeta.net","og_description":"12 pris\u00f5es aconteceram na capital, em Cruzeiro do Sul e Pl\u00e1cido de Castro","og_url":"https:\/\/nk7-testes.com.br\/agazeta\/policia-civil-prende-acusados-de-integrar-organizacao-criminosa\/","og_site_name":"Agazeta.net","article_published_time":"2020-05-23T20:09:40+00:00","og_image":[{"width":456,"height":340,"url":"https:\/\/nk7-testes.com.br\/agazeta\/wp-content\/uploads\/2020\/05\/23-05-20_operacao_policia_civil.png","type":"image\/png"}],"author":"Agazeta.Net","twitter_card":"summary_large_image","twitter_misc":{"Escrito por":"Agazeta.Net","Est. tempo de leitura":"1 minuto"},"schema":{"@context":"https:\/\/schema.org","@graph":[{"@type":"WebPage","@id":"https:\/\/nk7-testes.com.br\/agazeta\/policia-civil-prende-acusados-de-integrar-organizacao-criminosa\/","url":"https:\/\/nk7-testes.com.br\/agazeta\/policia-civil-prende-acusados-de-integrar-organizacao-criminosa\/","name":"Pol\u00edcia Civil prende acusados de integrar organiza\u00e7\u00e3o criminosa - Agazeta.net","isPartOf":{"@id":"https:\/\/nk7-testes.com.br\/agazeta\/#website"},"primaryImageOfPage":{"@id":"https:\/\/nk7-testes.com.br\/agazeta\/policia-civil-prende-acusados-de-integrar-organizacao-criminosa\/#primaryimage"},"image":{"@id":"https:\/\/nk7-testes.com.br\/agazeta\/policia-civil-prende-acusados-de-integrar-organizacao-criminosa\/#primaryimage"},"thumbnailUrl":"https:\/\/nk7-testes.com.br\/agazeta\/wp-content\/uploads\/2020\/05\/23-05-20_operacao_policia_civil.png","datePublished":"2020-05-23T20:09:40+00:00","author":{"@id":"https:\/\/nk7-testes.com.br\/agazeta\/#\/schema\/person\/ff6b39d54d6973bfc57f4140f659b23f"},"breadcrumb":{"@id":"https:\/\/nk7-testes.com.br\/agazeta\/policia-civil-prende-acusados-de-integrar-organizacao-criminosa\/#breadcrumb"},"inLanguage":"pt-BR","potentialAction":[{"@type":"ReadAction","target":["https:\/\/nk7-testes.com.br\/agazeta\/policia-civil-prende-acusados-de-integrar-organizacao-criminosa\/"]}]},{"@type":"ImageObject","inLanguage":"pt-BR","@id":"https:\/\/nk7-testes.com.br\/agazeta\/policia-civil-prende-acusados-de-integrar-organizacao-criminosa\/#primaryimage","url":"https:\/\/nk7-testes.com.br\/agazeta\/wp-content\/uploads\/2020\/05\/23-05-20_operacao_policia_civil.png","contentUrl":"https:\/\/nk7-testes.com.br\/agazeta\/wp-content\/uploads\/2020\/05\/23-05-20_operacao_policia_civil.png","width":456,"height":340,"caption":"23-05-20 opera\u00e7\u00e3o policia civil"},{"@type":"BreadcrumbList","@id":"https:\/\/nk7-testes.com.br\/agazeta\/policia-civil-prende-acusados-de-integrar-organizacao-criminosa\/#breadcrumb","itemListElement":[{"@type":"ListItem","position":1,"name":"In\u00edcio","item":"https:\/\/nk7-testes.com.br\/agazeta\/"},{"@type":"ListItem","position":2,"name":"Pol\u00edcia Civil prende acusados de integrar organiza\u00e7\u00e3o criminosa"}]},{"@type":"WebSite","@id":"https:\/\/nk7-testes.com.br\/agazeta\/#website","url":"https:\/\/nk7-testes.com.br\/agazeta\/","name":"Agazeta.net","description":"Agazeta.net - Not\u00edcias de Rio Branco\/AC","potentialAction":[{"@type":"SearchAction","target":{"@type":"EntryPoint","urlTemplate":"https:\/\/nk7-testes.com.br\/agazeta\/?s={search_term_string}"},"query-input":{"@type":"PropertyValueSpecification","valueRequired":true,"valueName":"search_term_string"}}],"inLanguage":"pt-BR"},{"@type":"Person","@id":"https:\/\/nk7-testes.com.br\/agazeta\/#\/schema\/person\/ff6b39d54d6973bfc57f4140f659b23f","name":"Agazeta.Net","url":"https:\/\/nk7-testes.com.br\/agazeta\/author\/agazeta\/"}]}},"_links":{"self":[{"href":"https:\/\/nk7-testes.com.br\/agazeta\/wp-json\/wp\/v2\/posts\/47968","targetHints":{"allow":["GET"]}}],"collection":[{"href":"https:\/\/nk7-testes.com.br\/agazeta\/wp-json\/wp\/v2\/posts"}],"about":[{"href":"https:\/\/nk7-testes.com.br\/agazeta\/wp-json\/wp\/v2\/types\/post"}],"author":[{"embeddable":true,"href":"https:\/\/nk7-testes.com.br\/agazeta\/wp-json\/wp\/v2\/users\/4"}],"replies":[{"embeddable":true,"href":"https:\/\/nk7-testes.com.br\/agazeta\/wp-json\/wp\/v2\/comments?post=47968"}],"version-history":[{"count":0,"href":"https:\/\/nk7-testes.com.br\/agazeta\/wp-json\/wp\/v2\/posts\/47968\/revisions"}],"wp:featuredmedia":[{"embeddable":true,"href":"https:\/\/nk7-testes.com.br\/agazeta\/wp-json\/wp\/v2\/media\/47967"}],"wp:attachment":[{"href":"https:\/\/nk7-testes.com.br\/agazeta\/wp-json\/wp\/v2\/media?parent=47968"}],"wp:term":[{"taxonomy":"category","embeddable":true,"href":"https:\/\/nk7-testes.com.br\/agazeta\/wp-json\/wp\/v2\/categories?post=47968"},{"taxonomy":"post_tag","embeddable":true,"href":"https:\/\/nk7-testes.com.br\/agazeta\/wp-json\/wp\/v2\/tags?post=47968"}],"curies":[{"name":"wp","href":"https:\/\/api.w.org\/{rel}","templated":true}]}}