{"id":47933,"date":"2020-05-22T12:54:43","date_gmt":"2020-05-22T12:54:43","guid":{"rendered":"https:\/\/abarevegan.com.br\/index.php\/2020\/05\/22\/bptran-prende-homem-e-apreende-menor-em-flagrante\/"},"modified":"2020-05-22T12:54:43","modified_gmt":"2020-05-22T12:54:43","slug":"bptran-prende-homem-e-apreende-menor-em-flagrante","status":"publish","type":"post","link":"https:\/\/nk7-testes.com.br\/agazeta\/bptran-prende-homem-e-apreende-menor-em-flagrante\/","title":{"rendered":"BPTran prende homem e apreende menor em flagrante"},"content":{"rendered":"<p style=\"text-align: justify;\"><span style=\"font-size: 13.2px;\">Dupla estava armada e assaltou farm\u00e1cia no 2\u00ba Distrito da capital<\/span><\/p>\n<p style=\"text-align: justify;\">Na noite desta quinta-feira (21), o Batalh\u00e3o de Policiamento de Tr\u00e2nsito (BPTran) realizou a pris\u00e3o de um homem, em flagrante, e a apreens\u00e3o de um menor de idade, na via Chico Mendes, 2\u00ba Distrito de Rio Branco.<\/p>\n<p style=\"text-align: justify;\">De acordo com os policiais, uma pessoa chegou ao Batalh\u00e3o pedindo por socorro e relatou que dois homens armados estariam assaltando uma farm\u00e1cia das proximidades.<\/p>\n<p style=\"text-align: justify;\">A guarni\u00e7\u00e3o foi ao local e conseguiu flagrar o momento em que os suspeitos sa\u00edam do estabelecimento. Com eles foi encontrado um rev\u00f3lver calibre 38, com seis muni\u00e7\u00f5es. A pol\u00edcia tamb\u00e9m recuperou o celular de uma das v\u00edtimas e R$704 em esp\u00e9cie.<\/p>\n<p style=\"text-align: justify;\">O homem de 21 anos, recebeu voz de pris\u00e3o, e o adolescente, de 17, foi apreendido. A dupla foi conduzida para a Delegacia de Flagrantes (Defla), para a realiza\u00e7\u00e3o dos procedimentos necess\u00e1rios.<\/p>\n","protected":false},"excerpt":{"rendered":"<p style=\"text-align: justify;\"><span style=\"font-size: 13.2px;\">Dupla estava armada e assaltou farm\u00e1cia no 2\u00ba Distrito da capital<\/span><\/p>\n","protected":false},"author":4,"featured_media":47932,"comment_status":"open","ping_status":"open","sticky":false,"template":"","format":"standard","meta":{"jnews-multi-image_gallery":[],"jnews_single_post":[],"jnews_primary_category":[],"jnews_social_meta":[],"jnews_review":[],"enable_review":"","type":"","name":"","summary":"","brand":"","sku":"","good":[],"bad":[],"score_override":"","override_value":"","rating":[],"price":[],"footnotes":""},"categories":[44],"tags":[],"class_list":["post-47933","post","type-post","status-publish","format-standard","has-post-thumbnail","hentry","category-policia"],"yoast_head":"<!-- This site is optimized with the Yoast SEO plugin v26.5 - https:\/\/yoast.com\/wordpress\/plugins\/seo\/ -->\n<title>BPTran prende homem e apreende menor em flagrante - Agazeta.net<\/title>\n<meta name=\"robots\" content=\"index, follow, max-snippet:-1, max-image-preview:large, max-video-preview:-1\" \/>\n<link rel=\"canonical\" href=\"https:\/\/nk7-testes.com.br\/agazeta\/bptran-prende-homem-e-apreende-menor-em-flagrante\/\" \/>\n<meta property=\"og:locale\" content=\"pt_BR\" \/>\n<meta property=\"og:type\" content=\"article\" \/>\n<meta property=\"og:title\" content=\"BPTran prende homem e apreende menor em flagrante - Agazeta.net\" \/>\n<meta property=\"og:description\" content=\"Dupla estava armada e assaltou farm\u00e1cia no 2\u00ba Distrito da capital\" \/>\n<meta property=\"og:url\" content=\"https:\/\/nk7-testes.com.br\/agazeta\/bptran-prende-homem-e-apreende-menor-em-flagrante\/\" \/>\n<meta property=\"og:site_name\" content=\"Agazeta.net\" \/>\n<meta property=\"article:published_time\" content=\"2020-05-22T12:54:43+00:00\" \/>\n<meta property=\"og:image\" content=\"https:\/\/nk7-testes.com.br\/agazeta\/wp-content\/uploads\/2020\/05\/22-05-20_apreensao.jpg\" \/>\n\t<meta property=\"og:image:width\" content=\"453\" \/>\n\t<meta property=\"og:image:height\" content=\"340\" \/>\n\t<meta property=\"og:image:type\" content=\"image\/jpeg\" \/>\n<meta name=\"author\" content=\"Agazeta.Net\" \/>\n<meta name=\"twitter:card\" content=\"summary_large_image\" \/>\n<meta name=\"twitter:label1\" content=\"Escrito por\" \/>\n\t<meta name=\"twitter:data1\" content=\"Agazeta.Net\" \/>\n\t<meta name=\"twitter:label2\" content=\"Est. tempo de leitura\" \/>\n\t<meta name=\"twitter:data2\" content=\"1 minuto\" \/>\n<script type=\"application\/ld+json\" class=\"yoast-schema-graph\">{\"@context\":\"https:\/\/schema.org\",\"@graph\":[{\"@type\":\"WebPage\",\"@id\":\"https:\/\/nk7-testes.com.br\/agazeta\/bptran-prende-homem-e-apreende-menor-em-flagrante\/\",\"url\":\"https:\/\/nk7-testes.com.br\/agazeta\/bptran-prende-homem-e-apreende-menor-em-flagrante\/\",\"name\":\"BPTran prende homem e apreende menor em flagrante - Agazeta.net\",\"isPartOf\":{\"@id\":\"https:\/\/nk7-testes.com.br\/agazeta\/#website\"},\"primaryImageOfPage\":{\"@id\":\"https:\/\/nk7-testes.com.br\/agazeta\/bptran-prende-homem-e-apreende-menor-em-flagrante\/#primaryimage\"},\"image\":{\"@id\":\"https:\/\/nk7-testes.com.br\/agazeta\/bptran-prende-homem-e-apreende-menor-em-flagrante\/#primaryimage\"},\"thumbnailUrl\":\"https:\/\/nk7-testes.com.br\/agazeta\/wp-content\/uploads\/2020\/05\/22-05-20_apreensao.jpg\",\"datePublished\":\"2020-05-22T12:54:43+00:00\",\"author\":{\"@id\":\"https:\/\/nk7-testes.com.br\/agazeta\/#\/schema\/person\/ff6b39d54d6973bfc57f4140f659b23f\"},\"breadcrumb\":{\"@id\":\"https:\/\/nk7-testes.com.br\/agazeta\/bptran-prende-homem-e-apreende-menor-em-flagrante\/#breadcrumb\"},\"inLanguage\":\"pt-BR\",\"potentialAction\":[{\"@type\":\"ReadAction\",\"target\":[\"https:\/\/nk7-testes.com.br\/agazeta\/bptran-prende-homem-e-apreende-menor-em-flagrante\/\"]}]},{\"@type\":\"ImageObject\",\"inLanguage\":\"pt-BR\",\"@id\":\"https:\/\/nk7-testes.com.br\/agazeta\/bptran-prende-homem-e-apreende-menor-em-flagrante\/#primaryimage\",\"url\":\"https:\/\/nk7-testes.com.br\/agazeta\/wp-content\/uploads\/2020\/05\/22-05-20_apreensao.jpg\",\"contentUrl\":\"https:\/\/nk7-testes.com.br\/agazeta\/wp-content\/uploads\/2020\/05\/22-05-20_apreensao.jpg\",\"width\":453,\"height\":340,\"caption\":\"22-05-20 apreensao\"},{\"@type\":\"BreadcrumbList\",\"@id\":\"https:\/\/nk7-testes.com.br\/agazeta\/bptran-prende-homem-e-apreende-menor-em-flagrante\/#breadcrumb\",\"itemListElement\":[{\"@type\":\"ListItem\",\"position\":1,\"name\":\"In\u00edcio\",\"item\":\"https:\/\/nk7-testes.com.br\/agazeta\/\"},{\"@type\":\"ListItem\",\"position\":2,\"name\":\"BPTran prende homem e apreende menor em flagrante\"}]},{\"@type\":\"WebSite\",\"@id\":\"https:\/\/nk7-testes.com.br\/agazeta\/#website\",\"url\":\"https:\/\/nk7-testes.com.br\/agazeta\/\",\"name\":\"Agazeta.net\",\"description\":\"Agazeta.net - Not\u00edcias de Rio Branco\/AC\",\"potentialAction\":[{\"@type\":\"SearchAction\",\"target\":{\"@type\":\"EntryPoint\",\"urlTemplate\":\"https:\/\/nk7-testes.com.br\/agazeta\/?s={search_term_string}\"},\"query-input\":{\"@type\":\"PropertyValueSpecification\",\"valueRequired\":true,\"valueName\":\"search_term_string\"}}],\"inLanguage\":\"pt-BR\"},{\"@type\":\"Person\",\"@id\":\"https:\/\/nk7-testes.com.br\/agazeta\/#\/schema\/person\/ff6b39d54d6973bfc57f4140f659b23f\",\"name\":\"Agazeta.Net\",\"url\":\"https:\/\/nk7-testes.com.br\/agazeta\/author\/agazeta\/\"}]}<\/script>\n<!-- \/ Yoast SEO plugin. -->","yoast_head_json":{"title":"BPTran prende homem e apreende menor em flagrante - Agazeta.net","robots":{"index":"index","follow":"follow","max-snippet":"max-snippet:-1","max-image-preview":"max-image-preview:large","max-video-preview":"max-video-preview:-1"},"canonical":"https:\/\/nk7-testes.com.br\/agazeta\/bptran-prende-homem-e-apreende-menor-em-flagrante\/","og_locale":"pt_BR","og_type":"article","og_title":"BPTran prende homem e apreende menor em flagrante - Agazeta.net","og_description":"Dupla estava armada e assaltou farm\u00e1cia no 2\u00ba Distrito da capital","og_url":"https:\/\/nk7-testes.com.br\/agazeta\/bptran-prende-homem-e-apreende-menor-em-flagrante\/","og_site_name":"Agazeta.net","article_published_time":"2020-05-22T12:54:43+00:00","og_image":[{"width":453,"height":340,"url":"https:\/\/nk7-testes.com.br\/agazeta\/wp-content\/uploads\/2020\/05\/22-05-20_apreensao.jpg","type":"image\/jpeg"}],"author":"Agazeta.Net","twitter_card":"summary_large_image","twitter_misc":{"Escrito por":"Agazeta.Net","Est. tempo de leitura":"1 minuto"},"schema":{"@context":"https:\/\/schema.org","@graph":[{"@type":"WebPage","@id":"https:\/\/nk7-testes.com.br\/agazeta\/bptran-prende-homem-e-apreende-menor-em-flagrante\/","url":"https:\/\/nk7-testes.com.br\/agazeta\/bptran-prende-homem-e-apreende-menor-em-flagrante\/","name":"BPTran prende homem e apreende menor em flagrante - Agazeta.net","isPartOf":{"@id":"https:\/\/nk7-testes.com.br\/agazeta\/#website"},"primaryImageOfPage":{"@id":"https:\/\/nk7-testes.com.br\/agazeta\/bptran-prende-homem-e-apreende-menor-em-flagrante\/#primaryimage"},"image":{"@id":"https:\/\/nk7-testes.com.br\/agazeta\/bptran-prende-homem-e-apreende-menor-em-flagrante\/#primaryimage"},"thumbnailUrl":"https:\/\/nk7-testes.com.br\/agazeta\/wp-content\/uploads\/2020\/05\/22-05-20_apreensao.jpg","datePublished":"2020-05-22T12:54:43+00:00","author":{"@id":"https:\/\/nk7-testes.com.br\/agazeta\/#\/schema\/person\/ff6b39d54d6973bfc57f4140f659b23f"},"breadcrumb":{"@id":"https:\/\/nk7-testes.com.br\/agazeta\/bptran-prende-homem-e-apreende-menor-em-flagrante\/#breadcrumb"},"inLanguage":"pt-BR","potentialAction":[{"@type":"ReadAction","target":["https:\/\/nk7-testes.com.br\/agazeta\/bptran-prende-homem-e-apreende-menor-em-flagrante\/"]}]},{"@type":"ImageObject","inLanguage":"pt-BR","@id":"https:\/\/nk7-testes.com.br\/agazeta\/bptran-prende-homem-e-apreende-menor-em-flagrante\/#primaryimage","url":"https:\/\/nk7-testes.com.br\/agazeta\/wp-content\/uploads\/2020\/05\/22-05-20_apreensao.jpg","contentUrl":"https:\/\/nk7-testes.com.br\/agazeta\/wp-content\/uploads\/2020\/05\/22-05-20_apreensao.jpg","width":453,"height":340,"caption":"22-05-20 apreensao"},{"@type":"BreadcrumbList","@id":"https:\/\/nk7-testes.com.br\/agazeta\/bptran-prende-homem-e-apreende-menor-em-flagrante\/#breadcrumb","itemListElement":[{"@type":"ListItem","position":1,"name":"In\u00edcio","item":"https:\/\/nk7-testes.com.br\/agazeta\/"},{"@type":"ListItem","position":2,"name":"BPTran prende homem e apreende menor em flagrante"}]},{"@type":"WebSite","@id":"https:\/\/nk7-testes.com.br\/agazeta\/#website","url":"https:\/\/nk7-testes.com.br\/agazeta\/","name":"Agazeta.net","description":"Agazeta.net - Not\u00edcias de Rio Branco\/AC","potentialAction":[{"@type":"SearchAction","target":{"@type":"EntryPoint","urlTemplate":"https:\/\/nk7-testes.com.br\/agazeta\/?s={search_term_string}"},"query-input":{"@type":"PropertyValueSpecification","valueRequired":true,"valueName":"search_term_string"}}],"inLanguage":"pt-BR"},{"@type":"Person","@id":"https:\/\/nk7-testes.com.br\/agazeta\/#\/schema\/person\/ff6b39d54d6973bfc57f4140f659b23f","name":"Agazeta.Net","url":"https:\/\/nk7-testes.com.br\/agazeta\/author\/agazeta\/"}]}},"_links":{"self":[{"href":"https:\/\/nk7-testes.com.br\/agazeta\/wp-json\/wp\/v2\/posts\/47933","targetHints":{"allow":["GET"]}}],"collection":[{"href":"https:\/\/nk7-testes.com.br\/agazeta\/wp-json\/wp\/v2\/posts"}],"about":[{"href":"https:\/\/nk7-testes.com.br\/agazeta\/wp-json\/wp\/v2\/types\/post"}],"author":[{"embeddable":true,"href":"https:\/\/nk7-testes.com.br\/agazeta\/wp-json\/wp\/v2\/users\/4"}],"replies":[{"embeddable":true,"href":"https:\/\/nk7-testes.com.br\/agazeta\/wp-json\/wp\/v2\/comments?post=47933"}],"version-history":[{"count":0,"href":"https:\/\/nk7-testes.com.br\/agazeta\/wp-json\/wp\/v2\/posts\/47933\/revisions"}],"wp:featuredmedia":[{"embeddable":true,"href":"https:\/\/nk7-testes.com.br\/agazeta\/wp-json\/wp\/v2\/media\/47932"}],"wp:attachment":[{"href":"https:\/\/nk7-testes.com.br\/agazeta\/wp-json\/wp\/v2\/media?parent=47933"}],"wp:term":[{"taxonomy":"category","embeddable":true,"href":"https:\/\/nk7-testes.com.br\/agazeta\/wp-json\/wp\/v2\/categories?post=47933"},{"taxonomy":"post_tag","embeddable":true,"href":"https:\/\/nk7-testes.com.br\/agazeta\/wp-json\/wp\/v2\/tags?post=47933"}],"curies":[{"name":"wp","href":"https:\/\/api.w.org\/{rel}","templated":true}]}}