{"id":47914,"date":"2020-05-21T15:34:44","date_gmt":"2020-05-21T15:34:44","guid":{"rendered":"https:\/\/abarevegan.com.br\/index.php\/2020\/05\/21\/jovem-e-preso-em-flagrante-ao-invadir-casa-para-furtar\/"},"modified":"2020-05-21T15:34:44","modified_gmt":"2020-05-21T15:34:44","slug":"jovem-e-preso-em-flagrante-ao-invadir-casa-para-furtar","status":"publish","type":"post","link":"https:\/\/nk7-testes.com.br\/agazeta\/jovem-e-preso-em-flagrante-ao-invadir-casa-para-furtar\/","title":{"rendered":"Jovem \u00e9 preso em flagrante ao invadir casa para furtar"},"content":{"rendered":"<p style=\"text-align: justify;\"><span style=\"font-size: 13.2px;\">A\u00e7\u00e3o criminosa aconteceu no munic\u00edpio de Epitaciol\u00e2ndia<\/span><\/p>\n<p style=\"text-align: justify;\">K\u00e1ssio Raylan dos Santos, de 19 anos, foi preso em flagrante por furto, na tarde desta quarta-feira (20), no bairro Jos\u00e9 Hassem, em Epitaciol\u00e2ndia.<\/p>\n<p style=\"text-align: justify;\">A Pol\u00edcia Militar se dirigiu ao local ap\u00f3s uma den\u00fancia de viola\u00e7\u00e3o de resid\u00eancia, dando conta que o suspeito ainda estaria no local.<\/p>\n<p style=\"text-align: justify;\">De acordo com informa\u00e7\u00f5es da PM, o jovem teria arrombado a porta e a janela da casa para subtrair objetos do propriet\u00e1rio, que estaria viajando.<\/p>\n<p style=\"text-align: justify;\">Com a chegada da guarni\u00e7\u00e3o, o jovem tentou fugir, mas foi seguido e foi localizado na pr\u00f3pria casa dele, onde tentou se esconder. No local tamb\u00e9m foi encontrada uma espingarda, sem cano.<\/p>\n<p style=\"text-align: justify;\">A desculpa passada pelo acusado era que estava a procura de um cano compat\u00edvel para fazer uma arma artesanal, j\u00e1 que a original teria vendido para comparsas do grupo criminoso.<\/p>\n<p style=\"text-align: justify;\">O jovem foi detido, levado para a delegacia do munic\u00edpio e poder\u00e1 responder por viola\u00e7\u00e3o domiciliar, amea\u00e7as, porte de arma de fogo (simulacro), entre outros delitos previstos no C\u00f3digo Penal.<\/p>\n","protected":false},"excerpt":{"rendered":"<p style=\"text-align: justify;\"><span style=\"font-size: 13.2px;\">A\u00e7\u00e3o criminosa aconteceu no munic\u00edpio de Epitaciol\u00e2ndia<\/span><\/p>\n","protected":false},"author":4,"featured_media":47913,"comment_status":"open","ping_status":"open","sticky":false,"template":"","format":"standard","meta":{"jnews-multi-image_gallery":[],"jnews_single_post":[],"jnews_primary_category":[],"jnews_social_meta":[],"jnews_review":[],"enable_review":"","type":"","name":"","summary":"","brand":"","sku":"","good":[],"bad":[],"score_override":"","override_value":"","rating":[],"price":[],"footnotes":""},"categories":[44],"tags":[],"class_list":["post-47914","post","type-post","status-publish","format-standard","has-post-thumbnail","hentry","category-policia"],"yoast_head":"<!-- This site is optimized with the Yoast SEO plugin v26.5 - https:\/\/yoast.com\/wordpress\/plugins\/seo\/ -->\n<title>Jovem \u00e9 preso em flagrante ao invadir casa para furtar - Agazeta.net<\/title>\n<meta name=\"robots\" content=\"index, follow, max-snippet:-1, max-image-preview:large, max-video-preview:-1\" \/>\n<link rel=\"canonical\" href=\"https:\/\/nk7-testes.com.br\/agazeta\/jovem-e-preso-em-flagrante-ao-invadir-casa-para-furtar\/\" \/>\n<meta property=\"og:locale\" content=\"pt_BR\" \/>\n<meta property=\"og:type\" content=\"article\" \/>\n<meta property=\"og:title\" content=\"Jovem \u00e9 preso em flagrante ao invadir casa para furtar - Agazeta.net\" \/>\n<meta property=\"og:description\" content=\"A\u00e7\u00e3o criminosa aconteceu no munic\u00edpio de Epitaciol\u00e2ndia\" \/>\n<meta property=\"og:url\" content=\"https:\/\/nk7-testes.com.br\/agazeta\/jovem-e-preso-em-flagrante-ao-invadir-casa-para-furtar\/\" \/>\n<meta property=\"og:site_name\" content=\"Agazeta.net\" \/>\n<meta property=\"article:published_time\" content=\"2020-05-21T15:34:44+00:00\" \/>\n<meta property=\"og:image\" content=\"https:\/\/nk7-testes.com.br\/agazeta\/wp-content\/uploads\/2020\/05\/21-05-20_furto_epitaciolandia.jpeg\" \/>\n\t<meta property=\"og:image:width\" content=\"452\" \/>\n\t<meta property=\"og:image:height\" content=\"340\" \/>\n\t<meta property=\"og:image:type\" content=\"image\/jpeg\" \/>\n<meta name=\"author\" content=\"Agazeta.Net\" \/>\n<meta name=\"twitter:card\" content=\"summary_large_image\" \/>\n<meta name=\"twitter:label1\" content=\"Escrito por\" \/>\n\t<meta name=\"twitter:data1\" content=\"Agazeta.Net\" \/>\n\t<meta name=\"twitter:label2\" content=\"Est. tempo de leitura\" \/>\n\t<meta name=\"twitter:data2\" content=\"1 minuto\" \/>\n<script type=\"application\/ld+json\" class=\"yoast-schema-graph\">{\"@context\":\"https:\/\/schema.org\",\"@graph\":[{\"@type\":\"WebPage\",\"@id\":\"https:\/\/nk7-testes.com.br\/agazeta\/jovem-e-preso-em-flagrante-ao-invadir-casa-para-furtar\/\",\"url\":\"https:\/\/nk7-testes.com.br\/agazeta\/jovem-e-preso-em-flagrante-ao-invadir-casa-para-furtar\/\",\"name\":\"Jovem \u00e9 preso em flagrante ao invadir casa para furtar - Agazeta.net\",\"isPartOf\":{\"@id\":\"https:\/\/nk7-testes.com.br\/agazeta\/#website\"},\"primaryImageOfPage\":{\"@id\":\"https:\/\/nk7-testes.com.br\/agazeta\/jovem-e-preso-em-flagrante-ao-invadir-casa-para-furtar\/#primaryimage\"},\"image\":{\"@id\":\"https:\/\/nk7-testes.com.br\/agazeta\/jovem-e-preso-em-flagrante-ao-invadir-casa-para-furtar\/#primaryimage\"},\"thumbnailUrl\":\"https:\/\/nk7-testes.com.br\/agazeta\/wp-content\/uploads\/2020\/05\/21-05-20_furto_epitaciolandia.jpeg\",\"datePublished\":\"2020-05-21T15:34:44+00:00\",\"author\":{\"@id\":\"https:\/\/nk7-testes.com.br\/agazeta\/#\/schema\/person\/ff6b39d54d6973bfc57f4140f659b23f\"},\"breadcrumb\":{\"@id\":\"https:\/\/nk7-testes.com.br\/agazeta\/jovem-e-preso-em-flagrante-ao-invadir-casa-para-furtar\/#breadcrumb\"},\"inLanguage\":\"pt-BR\",\"potentialAction\":[{\"@type\":\"ReadAction\",\"target\":[\"https:\/\/nk7-testes.com.br\/agazeta\/jovem-e-preso-em-flagrante-ao-invadir-casa-para-furtar\/\"]}]},{\"@type\":\"ImageObject\",\"inLanguage\":\"pt-BR\",\"@id\":\"https:\/\/nk7-testes.com.br\/agazeta\/jovem-e-preso-em-flagrante-ao-invadir-casa-para-furtar\/#primaryimage\",\"url\":\"https:\/\/nk7-testes.com.br\/agazeta\/wp-content\/uploads\/2020\/05\/21-05-20_furto_epitaciolandia.jpeg\",\"contentUrl\":\"https:\/\/nk7-testes.com.br\/agazeta\/wp-content\/uploads\/2020\/05\/21-05-20_furto_epitaciolandia.jpeg\",\"width\":452,\"height\":340,\"caption\":\"21-05-20 furto epitaciolandia\"},{\"@type\":\"BreadcrumbList\",\"@id\":\"https:\/\/nk7-testes.com.br\/agazeta\/jovem-e-preso-em-flagrante-ao-invadir-casa-para-furtar\/#breadcrumb\",\"itemListElement\":[{\"@type\":\"ListItem\",\"position\":1,\"name\":\"In\u00edcio\",\"item\":\"https:\/\/nk7-testes.com.br\/agazeta\/\"},{\"@type\":\"ListItem\",\"position\":2,\"name\":\"Jovem \u00e9 preso em flagrante ao invadir casa para furtar\"}]},{\"@type\":\"WebSite\",\"@id\":\"https:\/\/nk7-testes.com.br\/agazeta\/#website\",\"url\":\"https:\/\/nk7-testes.com.br\/agazeta\/\",\"name\":\"Agazeta.net\",\"description\":\"Agazeta.net - Not\u00edcias de Rio Branco\/AC\",\"potentialAction\":[{\"@type\":\"SearchAction\",\"target\":{\"@type\":\"EntryPoint\",\"urlTemplate\":\"https:\/\/nk7-testes.com.br\/agazeta\/?s={search_term_string}\"},\"query-input\":{\"@type\":\"PropertyValueSpecification\",\"valueRequired\":true,\"valueName\":\"search_term_string\"}}],\"inLanguage\":\"pt-BR\"},{\"@type\":\"Person\",\"@id\":\"https:\/\/nk7-testes.com.br\/agazeta\/#\/schema\/person\/ff6b39d54d6973bfc57f4140f659b23f\",\"name\":\"Agazeta.Net\",\"url\":\"https:\/\/nk7-testes.com.br\/agazeta\/author\/agazeta\/\"}]}<\/script>\n<!-- \/ Yoast SEO plugin. -->","yoast_head_json":{"title":"Jovem \u00e9 preso em flagrante ao invadir casa para furtar - Agazeta.net","robots":{"index":"index","follow":"follow","max-snippet":"max-snippet:-1","max-image-preview":"max-image-preview:large","max-video-preview":"max-video-preview:-1"},"canonical":"https:\/\/nk7-testes.com.br\/agazeta\/jovem-e-preso-em-flagrante-ao-invadir-casa-para-furtar\/","og_locale":"pt_BR","og_type":"article","og_title":"Jovem \u00e9 preso em flagrante ao invadir casa para furtar - Agazeta.net","og_description":"A\u00e7\u00e3o criminosa aconteceu no munic\u00edpio de Epitaciol\u00e2ndia","og_url":"https:\/\/nk7-testes.com.br\/agazeta\/jovem-e-preso-em-flagrante-ao-invadir-casa-para-furtar\/","og_site_name":"Agazeta.net","article_published_time":"2020-05-21T15:34:44+00:00","og_image":[{"width":452,"height":340,"url":"https:\/\/nk7-testes.com.br\/agazeta\/wp-content\/uploads\/2020\/05\/21-05-20_furto_epitaciolandia.jpeg","type":"image\/jpeg"}],"author":"Agazeta.Net","twitter_card":"summary_large_image","twitter_misc":{"Escrito por":"Agazeta.Net","Est. tempo de leitura":"1 minuto"},"schema":{"@context":"https:\/\/schema.org","@graph":[{"@type":"WebPage","@id":"https:\/\/nk7-testes.com.br\/agazeta\/jovem-e-preso-em-flagrante-ao-invadir-casa-para-furtar\/","url":"https:\/\/nk7-testes.com.br\/agazeta\/jovem-e-preso-em-flagrante-ao-invadir-casa-para-furtar\/","name":"Jovem \u00e9 preso em flagrante ao invadir casa para furtar - Agazeta.net","isPartOf":{"@id":"https:\/\/nk7-testes.com.br\/agazeta\/#website"},"primaryImageOfPage":{"@id":"https:\/\/nk7-testes.com.br\/agazeta\/jovem-e-preso-em-flagrante-ao-invadir-casa-para-furtar\/#primaryimage"},"image":{"@id":"https:\/\/nk7-testes.com.br\/agazeta\/jovem-e-preso-em-flagrante-ao-invadir-casa-para-furtar\/#primaryimage"},"thumbnailUrl":"https:\/\/nk7-testes.com.br\/agazeta\/wp-content\/uploads\/2020\/05\/21-05-20_furto_epitaciolandia.jpeg","datePublished":"2020-05-21T15:34:44+00:00","author":{"@id":"https:\/\/nk7-testes.com.br\/agazeta\/#\/schema\/person\/ff6b39d54d6973bfc57f4140f659b23f"},"breadcrumb":{"@id":"https:\/\/nk7-testes.com.br\/agazeta\/jovem-e-preso-em-flagrante-ao-invadir-casa-para-furtar\/#breadcrumb"},"inLanguage":"pt-BR","potentialAction":[{"@type":"ReadAction","target":["https:\/\/nk7-testes.com.br\/agazeta\/jovem-e-preso-em-flagrante-ao-invadir-casa-para-furtar\/"]}]},{"@type":"ImageObject","inLanguage":"pt-BR","@id":"https:\/\/nk7-testes.com.br\/agazeta\/jovem-e-preso-em-flagrante-ao-invadir-casa-para-furtar\/#primaryimage","url":"https:\/\/nk7-testes.com.br\/agazeta\/wp-content\/uploads\/2020\/05\/21-05-20_furto_epitaciolandia.jpeg","contentUrl":"https:\/\/nk7-testes.com.br\/agazeta\/wp-content\/uploads\/2020\/05\/21-05-20_furto_epitaciolandia.jpeg","width":452,"height":340,"caption":"21-05-20 furto epitaciolandia"},{"@type":"BreadcrumbList","@id":"https:\/\/nk7-testes.com.br\/agazeta\/jovem-e-preso-em-flagrante-ao-invadir-casa-para-furtar\/#breadcrumb","itemListElement":[{"@type":"ListItem","position":1,"name":"In\u00edcio","item":"https:\/\/nk7-testes.com.br\/agazeta\/"},{"@type":"ListItem","position":2,"name":"Jovem \u00e9 preso em flagrante ao invadir casa para furtar"}]},{"@type":"WebSite","@id":"https:\/\/nk7-testes.com.br\/agazeta\/#website","url":"https:\/\/nk7-testes.com.br\/agazeta\/","name":"Agazeta.net","description":"Agazeta.net - Not\u00edcias de Rio Branco\/AC","potentialAction":[{"@type":"SearchAction","target":{"@type":"EntryPoint","urlTemplate":"https:\/\/nk7-testes.com.br\/agazeta\/?s={search_term_string}"},"query-input":{"@type":"PropertyValueSpecification","valueRequired":true,"valueName":"search_term_string"}}],"inLanguage":"pt-BR"},{"@type":"Person","@id":"https:\/\/nk7-testes.com.br\/agazeta\/#\/schema\/person\/ff6b39d54d6973bfc57f4140f659b23f","name":"Agazeta.Net","url":"https:\/\/nk7-testes.com.br\/agazeta\/author\/agazeta\/"}]}},"_links":{"self":[{"href":"https:\/\/nk7-testes.com.br\/agazeta\/wp-json\/wp\/v2\/posts\/47914","targetHints":{"allow":["GET"]}}],"collection":[{"href":"https:\/\/nk7-testes.com.br\/agazeta\/wp-json\/wp\/v2\/posts"}],"about":[{"href":"https:\/\/nk7-testes.com.br\/agazeta\/wp-json\/wp\/v2\/types\/post"}],"author":[{"embeddable":true,"href":"https:\/\/nk7-testes.com.br\/agazeta\/wp-json\/wp\/v2\/users\/4"}],"replies":[{"embeddable":true,"href":"https:\/\/nk7-testes.com.br\/agazeta\/wp-json\/wp\/v2\/comments?post=47914"}],"version-history":[{"count":0,"href":"https:\/\/nk7-testes.com.br\/agazeta\/wp-json\/wp\/v2\/posts\/47914\/revisions"}],"wp:featuredmedia":[{"embeddable":true,"href":"https:\/\/nk7-testes.com.br\/agazeta\/wp-json\/wp\/v2\/media\/47913"}],"wp:attachment":[{"href":"https:\/\/nk7-testes.com.br\/agazeta\/wp-json\/wp\/v2\/media?parent=47914"}],"wp:term":[{"taxonomy":"category","embeddable":true,"href":"https:\/\/nk7-testes.com.br\/agazeta\/wp-json\/wp\/v2\/categories?post=47914"},{"taxonomy":"post_tag","embeddable":true,"href":"https:\/\/nk7-testes.com.br\/agazeta\/wp-json\/wp\/v2\/tags?post=47914"}],"curies":[{"name":"wp","href":"https:\/\/api.w.org\/{rel}","templated":true}]}}