{"id":47907,"date":"2020-05-20T20:24:13","date_gmt":"2020-05-20T20:24:13","guid":{"rendered":"https:\/\/abarevegan.com.br\/index.php\/2020\/05\/20\/operacao-contra-desmatamento-prende-13-pessoas-em-boca-do-acre\/"},"modified":"2020-05-20T20:24:13","modified_gmt":"2020-05-20T20:24:13","slug":"operacao-contra-desmatamento-prende-13-pessoas-em-boca-do-acre","status":"publish","type":"post","link":"https:\/\/nk7-testes.com.br\/agazeta\/operacao-contra-desmatamento-prende-13-pessoas-em-boca-do-acre\/","title":{"rendered":"Opera\u00e7\u00e3o contra desmatamento prende 13 pessoas em Boca do Acre"},"content":{"rendered":"<p style=\"text-align: justify;\">A\u00e7\u00e3o \u00e9 conjunta da PF, Ex\u00e9rcito, Ibama e ICMBio<\/p>\n<p style=\"text-align: justify;\">A Pol\u00edcia Federal, em conjunto com Ex\u00e9rcito Brasileiro, Instituto Brasileiro do Meio Ambiente e dos Recursos Naturais Renov\u00e1veis (Ibama) e Instituto Chico Mendes de Conserva\u00e7\u00e3o da Biodiversidade (ICMBio), cumpriu entre os dias 13 e 18 de maio, 27 mandados de busca e apreens\u00e3o em sedes rurais localizadas no interior o Projeto de Assentamento Extrativista (PAE) Antimary, situado na regi\u00e3o sul da cidade de Boca do Acre, no Amazonas.<\/p>\n<p style=\"text-align: justify;\">A a\u00e7\u00e3o comp\u00f5e o eixo de atua\u00e7\u00e3o das for\u00e7as federais no \u00e2mbito da Opera\u00e7\u00e3o Amaz\u00f4nia Legal e Verde Brasil 2, que tem como objetivo reprimir e apurar crimes de invas\u00e3o de terras p\u00fablicas, desmatamento ilegal e posse ilegal de armas de fogo na regi\u00e3o, que v\u00eam crescendo de forma exponencial na regi\u00e3o.<\/p>\n<p style=\"text-align: justify;\">A Opera\u00e7\u00e3o Amaz\u00f4nia Legal conta tamb\u00e9m com o apoio da For\u00e7a-Tarefa Amaz\u00f4nia do Minist\u00e9rio P\u00fablico Federal (MPF), composta por Procuradores da Rep\u00fablica do Estado do Amazonas, que veem no PAE Antimary \u00e1rea de potencial conflito entre ocupantes irregulares e a popula\u00e7\u00e3o tradicional agroextrativista, destinada originaria e legalmente a ocupar o PAE.<\/p>\n<p style=\"text-align: justify;\">Ao total foram realizadas 13 pris\u00f5es em flagrante, bem como apreendidas 14 armas de fogo e 14 motosserras, al\u00e9m de diversos outros instrumentos que d\u00e3o suporte aos crimes investigados. Al\u00e9m disso, foram realizadas in\u00fameras autua\u00e7\u00f5es fiscais pelo Ibama que atingiram a cifra de mais de R$ 2 milh\u00f5es.<\/p>\n<p style=\"text-align: justify;\">A atua\u00e7\u00e3o conjunta visa combater o avan\u00e7o do desmatamento ilegal na regi\u00e3o da Amaz\u00f4nia Legal para atividade agropecu\u00e1ria e ter\u00e1 monitoramento cont\u00ednuo no decorrer do per\u00edodo de seca amaz\u00f4nica, com novas incurs\u00f5es nas \u00e1reas visitadas, visando reprimir a realiza\u00e7\u00e3o de queimadas, que tem como consequ\u00eancia a piora da qualidade do ar e do quadro cl\u00ednico dos infectados pelo Covid-19, bem como preservar a integridade da PAE Antimary conforme a concep\u00e7\u00e3o legal da reserva ambiental.<\/p>\n","protected":false},"excerpt":{"rendered":"<p style=\"text-align: justify;\">A\u00e7\u00e3o \u00e9 conjunta da PF, Ex\u00e9rcito, Ibama e ICMBio<\/p>\n","protected":false},"author":4,"featured_media":47906,"comment_status":"open","ping_status":"open","sticky":false,"template":"","format":"standard","meta":{"jnews-multi-image_gallery":[],"jnews_single_post":[],"jnews_primary_category":[],"jnews_social_meta":[],"jnews_review":[],"enable_review":"","type":"","name":"","summary":"","brand":"","sku":"","good":[],"bad":[],"score_override":"","override_value":"","rating":[],"price":[],"footnotes":""},"categories":[44],"tags":[],"class_list":["post-47907","post","type-post","status-publish","format-standard","has-post-thumbnail","hentry","category-policia"],"yoast_head":"<!-- This site is optimized with the Yoast SEO plugin v26.5 - https:\/\/yoast.com\/wordpress\/plugins\/seo\/ -->\n<title>Opera\u00e7\u00e3o contra desmatamento prende 13 pessoas em Boca do Acre - Agazeta.net<\/title>\n<meta name=\"robots\" content=\"index, follow, max-snippet:-1, max-image-preview:large, max-video-preview:-1\" \/>\n<link rel=\"canonical\" href=\"https:\/\/nk7-testes.com.br\/agazeta\/operacao-contra-desmatamento-prende-13-pessoas-em-boca-do-acre\/\" \/>\n<meta property=\"og:locale\" content=\"pt_BR\" \/>\n<meta property=\"og:type\" content=\"article\" \/>\n<meta property=\"og:title\" content=\"Opera\u00e7\u00e3o contra desmatamento prende 13 pessoas em Boca do Acre - Agazeta.net\" \/>\n<meta property=\"og:description\" content=\"A\u00e7\u00e3o \u00e9 conjunta da PF, Ex\u00e9rcito, Ibama e ICMBio\" \/>\n<meta property=\"og:url\" content=\"https:\/\/nk7-testes.com.br\/agazeta\/operacao-contra-desmatamento-prende-13-pessoas-em-boca-do-acre\/\" \/>\n<meta property=\"og:site_name\" content=\"Agazeta.net\" \/>\n<meta property=\"article:published_time\" content=\"2020-05-20T20:24:13+00:00\" \/>\n<meta property=\"og:image\" content=\"https:\/\/nk7-testes.com.br\/agazeta\/wp-content\/uploads\/2020\/05\/200520-pf-ibama-exercito-operacao.jpg\" \/>\n\t<meta property=\"og:image:width\" content=\"458\" \/>\n\t<meta property=\"og:image:height\" content=\"340\" \/>\n\t<meta property=\"og:image:type\" content=\"image\/jpeg\" \/>\n<meta name=\"author\" content=\"Agazeta.Net\" \/>\n<meta name=\"twitter:card\" content=\"summary_large_image\" \/>\n<meta name=\"twitter:label1\" content=\"Escrito por\" \/>\n\t<meta name=\"twitter:data1\" content=\"Agazeta.Net\" \/>\n\t<meta name=\"twitter:label2\" content=\"Est. tempo de leitura\" \/>\n\t<meta name=\"twitter:data2\" content=\"2 minutos\" \/>\n<script type=\"application\/ld+json\" class=\"yoast-schema-graph\">{\"@context\":\"https:\/\/schema.org\",\"@graph\":[{\"@type\":\"WebPage\",\"@id\":\"https:\/\/nk7-testes.com.br\/agazeta\/operacao-contra-desmatamento-prende-13-pessoas-em-boca-do-acre\/\",\"url\":\"https:\/\/nk7-testes.com.br\/agazeta\/operacao-contra-desmatamento-prende-13-pessoas-em-boca-do-acre\/\",\"name\":\"Opera\u00e7\u00e3o contra desmatamento prende 13 pessoas em Boca do Acre - Agazeta.net\",\"isPartOf\":{\"@id\":\"https:\/\/nk7-testes.com.br\/agazeta\/#website\"},\"primaryImageOfPage\":{\"@id\":\"https:\/\/nk7-testes.com.br\/agazeta\/operacao-contra-desmatamento-prende-13-pessoas-em-boca-do-acre\/#primaryimage\"},\"image\":{\"@id\":\"https:\/\/nk7-testes.com.br\/agazeta\/operacao-contra-desmatamento-prende-13-pessoas-em-boca-do-acre\/#primaryimage\"},\"thumbnailUrl\":\"https:\/\/nk7-testes.com.br\/agazeta\/wp-content\/uploads\/2020\/05\/200520-pf-ibama-exercito-operacao.jpg\",\"datePublished\":\"2020-05-20T20:24:13+00:00\",\"author\":{\"@id\":\"https:\/\/nk7-testes.com.br\/agazeta\/#\/schema\/person\/ff6b39d54d6973bfc57f4140f659b23f\"},\"breadcrumb\":{\"@id\":\"https:\/\/nk7-testes.com.br\/agazeta\/operacao-contra-desmatamento-prende-13-pessoas-em-boca-do-acre\/#breadcrumb\"},\"inLanguage\":\"pt-BR\",\"potentialAction\":[{\"@type\":\"ReadAction\",\"target\":[\"https:\/\/nk7-testes.com.br\/agazeta\/operacao-contra-desmatamento-prende-13-pessoas-em-boca-do-acre\/\"]}]},{\"@type\":\"ImageObject\",\"inLanguage\":\"pt-BR\",\"@id\":\"https:\/\/nk7-testes.com.br\/agazeta\/operacao-contra-desmatamento-prende-13-pessoas-em-boca-do-acre\/#primaryimage\",\"url\":\"https:\/\/nk7-testes.com.br\/agazeta\/wp-content\/uploads\/2020\/05\/200520-pf-ibama-exercito-operacao.jpg\",\"contentUrl\":\"https:\/\/nk7-testes.com.br\/agazeta\/wp-content\/uploads\/2020\/05\/200520-pf-ibama-exercito-operacao.jpg\",\"width\":458,\"height\":340,\"caption\":\"200520-pf-ibama-exercito-operacao\"},{\"@type\":\"BreadcrumbList\",\"@id\":\"https:\/\/nk7-testes.com.br\/agazeta\/operacao-contra-desmatamento-prende-13-pessoas-em-boca-do-acre\/#breadcrumb\",\"itemListElement\":[{\"@type\":\"ListItem\",\"position\":1,\"name\":\"In\u00edcio\",\"item\":\"https:\/\/nk7-testes.com.br\/agazeta\/\"},{\"@type\":\"ListItem\",\"position\":2,\"name\":\"Opera\u00e7\u00e3o contra desmatamento prende 13 pessoas em Boca do Acre\"}]},{\"@type\":\"WebSite\",\"@id\":\"https:\/\/nk7-testes.com.br\/agazeta\/#website\",\"url\":\"https:\/\/nk7-testes.com.br\/agazeta\/\",\"name\":\"Agazeta.net\",\"description\":\"Agazeta.net - Not\u00edcias de Rio Branco\/AC\",\"potentialAction\":[{\"@type\":\"SearchAction\",\"target\":{\"@type\":\"EntryPoint\",\"urlTemplate\":\"https:\/\/nk7-testes.com.br\/agazeta\/?s={search_term_string}\"},\"query-input\":{\"@type\":\"PropertyValueSpecification\",\"valueRequired\":true,\"valueName\":\"search_term_string\"}}],\"inLanguage\":\"pt-BR\"},{\"@type\":\"Person\",\"@id\":\"https:\/\/nk7-testes.com.br\/agazeta\/#\/schema\/person\/ff6b39d54d6973bfc57f4140f659b23f\",\"name\":\"Agazeta.Net\",\"url\":\"https:\/\/nk7-testes.com.br\/agazeta\/author\/agazeta\/\"}]}<\/script>\n<!-- \/ Yoast SEO plugin. -->","yoast_head_json":{"title":"Opera\u00e7\u00e3o contra desmatamento prende 13 pessoas em Boca do Acre - Agazeta.net","robots":{"index":"index","follow":"follow","max-snippet":"max-snippet:-1","max-image-preview":"max-image-preview:large","max-video-preview":"max-video-preview:-1"},"canonical":"https:\/\/nk7-testes.com.br\/agazeta\/operacao-contra-desmatamento-prende-13-pessoas-em-boca-do-acre\/","og_locale":"pt_BR","og_type":"article","og_title":"Opera\u00e7\u00e3o contra desmatamento prende 13 pessoas em Boca do Acre - Agazeta.net","og_description":"A\u00e7\u00e3o \u00e9 conjunta da PF, Ex\u00e9rcito, Ibama e ICMBio","og_url":"https:\/\/nk7-testes.com.br\/agazeta\/operacao-contra-desmatamento-prende-13-pessoas-em-boca-do-acre\/","og_site_name":"Agazeta.net","article_published_time":"2020-05-20T20:24:13+00:00","og_image":[{"width":458,"height":340,"url":"https:\/\/nk7-testes.com.br\/agazeta\/wp-content\/uploads\/2020\/05\/200520-pf-ibama-exercito-operacao.jpg","type":"image\/jpeg"}],"author":"Agazeta.Net","twitter_card":"summary_large_image","twitter_misc":{"Escrito por":"Agazeta.Net","Est. tempo de leitura":"2 minutos"},"schema":{"@context":"https:\/\/schema.org","@graph":[{"@type":"WebPage","@id":"https:\/\/nk7-testes.com.br\/agazeta\/operacao-contra-desmatamento-prende-13-pessoas-em-boca-do-acre\/","url":"https:\/\/nk7-testes.com.br\/agazeta\/operacao-contra-desmatamento-prende-13-pessoas-em-boca-do-acre\/","name":"Opera\u00e7\u00e3o contra desmatamento prende 13 pessoas em Boca do Acre - Agazeta.net","isPartOf":{"@id":"https:\/\/nk7-testes.com.br\/agazeta\/#website"},"primaryImageOfPage":{"@id":"https:\/\/nk7-testes.com.br\/agazeta\/operacao-contra-desmatamento-prende-13-pessoas-em-boca-do-acre\/#primaryimage"},"image":{"@id":"https:\/\/nk7-testes.com.br\/agazeta\/operacao-contra-desmatamento-prende-13-pessoas-em-boca-do-acre\/#primaryimage"},"thumbnailUrl":"https:\/\/nk7-testes.com.br\/agazeta\/wp-content\/uploads\/2020\/05\/200520-pf-ibama-exercito-operacao.jpg","datePublished":"2020-05-20T20:24:13+00:00","author":{"@id":"https:\/\/nk7-testes.com.br\/agazeta\/#\/schema\/person\/ff6b39d54d6973bfc57f4140f659b23f"},"breadcrumb":{"@id":"https:\/\/nk7-testes.com.br\/agazeta\/operacao-contra-desmatamento-prende-13-pessoas-em-boca-do-acre\/#breadcrumb"},"inLanguage":"pt-BR","potentialAction":[{"@type":"ReadAction","target":["https:\/\/nk7-testes.com.br\/agazeta\/operacao-contra-desmatamento-prende-13-pessoas-em-boca-do-acre\/"]}]},{"@type":"ImageObject","inLanguage":"pt-BR","@id":"https:\/\/nk7-testes.com.br\/agazeta\/operacao-contra-desmatamento-prende-13-pessoas-em-boca-do-acre\/#primaryimage","url":"https:\/\/nk7-testes.com.br\/agazeta\/wp-content\/uploads\/2020\/05\/200520-pf-ibama-exercito-operacao.jpg","contentUrl":"https:\/\/nk7-testes.com.br\/agazeta\/wp-content\/uploads\/2020\/05\/200520-pf-ibama-exercito-operacao.jpg","width":458,"height":340,"caption":"200520-pf-ibama-exercito-operacao"},{"@type":"BreadcrumbList","@id":"https:\/\/nk7-testes.com.br\/agazeta\/operacao-contra-desmatamento-prende-13-pessoas-em-boca-do-acre\/#breadcrumb","itemListElement":[{"@type":"ListItem","position":1,"name":"In\u00edcio","item":"https:\/\/nk7-testes.com.br\/agazeta\/"},{"@type":"ListItem","position":2,"name":"Opera\u00e7\u00e3o contra desmatamento prende 13 pessoas em Boca do Acre"}]},{"@type":"WebSite","@id":"https:\/\/nk7-testes.com.br\/agazeta\/#website","url":"https:\/\/nk7-testes.com.br\/agazeta\/","name":"Agazeta.net","description":"Agazeta.net - Not\u00edcias de Rio Branco\/AC","potentialAction":[{"@type":"SearchAction","target":{"@type":"EntryPoint","urlTemplate":"https:\/\/nk7-testes.com.br\/agazeta\/?s={search_term_string}"},"query-input":{"@type":"PropertyValueSpecification","valueRequired":true,"valueName":"search_term_string"}}],"inLanguage":"pt-BR"},{"@type":"Person","@id":"https:\/\/nk7-testes.com.br\/agazeta\/#\/schema\/person\/ff6b39d54d6973bfc57f4140f659b23f","name":"Agazeta.Net","url":"https:\/\/nk7-testes.com.br\/agazeta\/author\/agazeta\/"}]}},"_links":{"self":[{"href":"https:\/\/nk7-testes.com.br\/agazeta\/wp-json\/wp\/v2\/posts\/47907","targetHints":{"allow":["GET"]}}],"collection":[{"href":"https:\/\/nk7-testes.com.br\/agazeta\/wp-json\/wp\/v2\/posts"}],"about":[{"href":"https:\/\/nk7-testes.com.br\/agazeta\/wp-json\/wp\/v2\/types\/post"}],"author":[{"embeddable":true,"href":"https:\/\/nk7-testes.com.br\/agazeta\/wp-json\/wp\/v2\/users\/4"}],"replies":[{"embeddable":true,"href":"https:\/\/nk7-testes.com.br\/agazeta\/wp-json\/wp\/v2\/comments?post=47907"}],"version-history":[{"count":0,"href":"https:\/\/nk7-testes.com.br\/agazeta\/wp-json\/wp\/v2\/posts\/47907\/revisions"}],"wp:featuredmedia":[{"embeddable":true,"href":"https:\/\/nk7-testes.com.br\/agazeta\/wp-json\/wp\/v2\/media\/47906"}],"wp:attachment":[{"href":"https:\/\/nk7-testes.com.br\/agazeta\/wp-json\/wp\/v2\/media?parent=47907"}],"wp:term":[{"taxonomy":"category","embeddable":true,"href":"https:\/\/nk7-testes.com.br\/agazeta\/wp-json\/wp\/v2\/categories?post=47907"},{"taxonomy":"post_tag","embeddable":true,"href":"https:\/\/nk7-testes.com.br\/agazeta\/wp-json\/wp\/v2\/tags?post=47907"}],"curies":[{"name":"wp","href":"https:\/\/api.w.org\/{rel}","templated":true}]}}