{"id":47864,"date":"2020-05-18T19:17:39","date_gmt":"2020-05-18T19:17:39","guid":{"rendered":"https:\/\/abarevegan.com.br\/index.php\/2020\/05\/18\/menor-de-idade-e-morto-a-facadas-no-segundo-distrito-de-rio-branco\/"},"modified":"2020-05-18T19:17:39","modified_gmt":"2020-05-18T19:17:39","slug":"menor-de-idade-e-morto-a-facadas-no-segundo-distrito-de-rio-branco","status":"publish","type":"post","link":"https:\/\/nk7-testes.com.br\/agazeta\/menor-de-idade-e-morto-a-facadas-no-segundo-distrito-de-rio-branco\/","title":{"rendered":"Menor de idade \u00e9 morto a facadas no Segundo Distrito de Rio Branco"},"content":{"rendered":"<p style=\"text-align: justify;\">At\u00e9 o momento nenhum suspeito foi encontrado<\/p>\n<p style=\"text-align: justify;\">Um menor de idade que ter\u00e1 sua identidade resguardada foi morto com uma facada no peito por volta das 4 horas desta segunda-feira (18), em um beco na rua Padre Jos\u00e9, no bairro Tri\u00e2ngulo Novo, Segundo Distrito de Rio Branco.<\/p>\n<p style=\"text-align: justify;\">Segundo informa\u00e7\u00f5es da pol\u00edcia, o adolescente de 17 anos saiu de casa na madrugada e um homem de posse de uma faca teria efetuado um golpe contra a v\u00edtima. Em seguida o suspeito fugiu do local. O Servi\u00e7o de Atendimento M\u00e9dico de Urg\u00eancia (Samu) foi at\u00e9 o local, mas n\u00e3o conseguiu ajudar o jovem que j\u00e1 estava sem vida.<\/p>\n<p>A Pol\u00edcia Militar tentou localizar o suspeito, mas at\u00e9 o fechamento dessa mat\u00e9ria ningu\u00e9m foi preso. O corpo foi encaminhado para o Instituto M\u00e9dico Legal (IML) de Rio Branco para passar por per\u00edcia. A Delegacia de Homic\u00eddios e Prote\u00e7\u00e3o \u00e0 Pessoa (DHPP) vai investigar o caso.<\/p>\n","protected":false},"excerpt":{"rendered":"<p style=\"text-align: justify;\">At\u00e9 o momento nenhum suspeito foi encontrado<\/p>\n","protected":false},"author":4,"featured_media":47863,"comment_status":"open","ping_status":"open","sticky":false,"template":"","format":"standard","meta":{"jnews-multi-image_gallery":[],"jnews_single_post":[],"jnews_primary_category":[],"jnews_social_meta":[],"jnews_review":[],"enable_review":"","type":"","name":"","summary":"","brand":"","sku":"","good":[],"bad":[],"score_override":"","override_value":"","rating":[],"price":[],"footnotes":""},"categories":[44],"tags":[],"class_list":["post-47864","post","type-post","status-publish","format-standard","has-post-thumbnail","hentry","category-policia"],"yoast_head":"<!-- This site is optimized with the Yoast SEO plugin v26.5 - https:\/\/yoast.com\/wordpress\/plugins\/seo\/ -->\n<title>Menor de idade \u00e9 morto a facadas no Segundo Distrito de Rio Branco - Agazeta.net<\/title>\n<meta name=\"robots\" content=\"index, follow, max-snippet:-1, max-image-preview:large, max-video-preview:-1\" \/>\n<link rel=\"canonical\" href=\"https:\/\/nk7-testes.com.br\/agazeta\/menor-de-idade-e-morto-a-facadas-no-segundo-distrito-de-rio-branco\/\" \/>\n<meta property=\"og:locale\" content=\"pt_BR\" \/>\n<meta property=\"og:type\" content=\"article\" \/>\n<meta property=\"og:title\" content=\"Menor de idade \u00e9 morto a facadas no Segundo Distrito de Rio Branco - Agazeta.net\" \/>\n<meta property=\"og:description\" content=\"At\u00e9 o momento nenhum suspeito foi encontrado\" \/>\n<meta property=\"og:url\" content=\"https:\/\/nk7-testes.com.br\/agazeta\/menor-de-idade-e-morto-a-facadas-no-segundo-distrito-de-rio-branco\/\" \/>\n<meta property=\"og:site_name\" content=\"Agazeta.net\" \/>\n<meta property=\"article:published_time\" content=\"2020-05-18T19:17:39+00:00\" \/>\n<meta property=\"og:image\" content=\"https:\/\/nk7-testes.com.br\/agazeta\/wp-content\/uploads\/2020\/05\/180520-jovem-morto-facada.jpg\" \/>\n\t<meta property=\"og:image:width\" content=\"458\" \/>\n\t<meta property=\"og:image:height\" content=\"340\" \/>\n\t<meta property=\"og:image:type\" content=\"image\/jpeg\" \/>\n<meta name=\"author\" content=\"Agazeta.Net\" \/>\n<meta name=\"twitter:card\" content=\"summary_large_image\" \/>\n<meta name=\"twitter:label1\" content=\"Escrito por\" \/>\n\t<meta name=\"twitter:data1\" content=\"Agazeta.Net\" \/>\n\t<meta name=\"twitter:label2\" content=\"Est. tempo de leitura\" \/>\n\t<meta name=\"twitter:data2\" content=\"1 minuto\" \/>\n<script type=\"application\/ld+json\" class=\"yoast-schema-graph\">{\"@context\":\"https:\/\/schema.org\",\"@graph\":[{\"@type\":\"WebPage\",\"@id\":\"https:\/\/nk7-testes.com.br\/agazeta\/menor-de-idade-e-morto-a-facadas-no-segundo-distrito-de-rio-branco\/\",\"url\":\"https:\/\/nk7-testes.com.br\/agazeta\/menor-de-idade-e-morto-a-facadas-no-segundo-distrito-de-rio-branco\/\",\"name\":\"Menor de idade \u00e9 morto a facadas no Segundo Distrito de Rio Branco - Agazeta.net\",\"isPartOf\":{\"@id\":\"https:\/\/nk7-testes.com.br\/agazeta\/#website\"},\"primaryImageOfPage\":{\"@id\":\"https:\/\/nk7-testes.com.br\/agazeta\/menor-de-idade-e-morto-a-facadas-no-segundo-distrito-de-rio-branco\/#primaryimage\"},\"image\":{\"@id\":\"https:\/\/nk7-testes.com.br\/agazeta\/menor-de-idade-e-morto-a-facadas-no-segundo-distrito-de-rio-branco\/#primaryimage\"},\"thumbnailUrl\":\"https:\/\/nk7-testes.com.br\/agazeta\/wp-content\/uploads\/2020\/05\/180520-jovem-morto-facada.jpg\",\"datePublished\":\"2020-05-18T19:17:39+00:00\",\"author\":{\"@id\":\"https:\/\/nk7-testes.com.br\/agazeta\/#\/schema\/person\/ff6b39d54d6973bfc57f4140f659b23f\"},\"breadcrumb\":{\"@id\":\"https:\/\/nk7-testes.com.br\/agazeta\/menor-de-idade-e-morto-a-facadas-no-segundo-distrito-de-rio-branco\/#breadcrumb\"},\"inLanguage\":\"pt-BR\",\"potentialAction\":[{\"@type\":\"ReadAction\",\"target\":[\"https:\/\/nk7-testes.com.br\/agazeta\/menor-de-idade-e-morto-a-facadas-no-segundo-distrito-de-rio-branco\/\"]}]},{\"@type\":\"ImageObject\",\"inLanguage\":\"pt-BR\",\"@id\":\"https:\/\/nk7-testes.com.br\/agazeta\/menor-de-idade-e-morto-a-facadas-no-segundo-distrito-de-rio-branco\/#primaryimage\",\"url\":\"https:\/\/nk7-testes.com.br\/agazeta\/wp-content\/uploads\/2020\/05\/180520-jovem-morto-facada.jpg\",\"contentUrl\":\"https:\/\/nk7-testes.com.br\/agazeta\/wp-content\/uploads\/2020\/05\/180520-jovem-morto-facada.jpg\",\"width\":458,\"height\":340,\"caption\":\"180520-jovem-morto-facada\"},{\"@type\":\"BreadcrumbList\",\"@id\":\"https:\/\/nk7-testes.com.br\/agazeta\/menor-de-idade-e-morto-a-facadas-no-segundo-distrito-de-rio-branco\/#breadcrumb\",\"itemListElement\":[{\"@type\":\"ListItem\",\"position\":1,\"name\":\"In\u00edcio\",\"item\":\"https:\/\/nk7-testes.com.br\/agazeta\/\"},{\"@type\":\"ListItem\",\"position\":2,\"name\":\"Menor de idade \u00e9 morto a facadas no Segundo Distrito de Rio Branco\"}]},{\"@type\":\"WebSite\",\"@id\":\"https:\/\/nk7-testes.com.br\/agazeta\/#website\",\"url\":\"https:\/\/nk7-testes.com.br\/agazeta\/\",\"name\":\"Agazeta.net\",\"description\":\"Agazeta.net - Not\u00edcias de Rio Branco\/AC\",\"potentialAction\":[{\"@type\":\"SearchAction\",\"target\":{\"@type\":\"EntryPoint\",\"urlTemplate\":\"https:\/\/nk7-testes.com.br\/agazeta\/?s={search_term_string}\"},\"query-input\":{\"@type\":\"PropertyValueSpecification\",\"valueRequired\":true,\"valueName\":\"search_term_string\"}}],\"inLanguage\":\"pt-BR\"},{\"@type\":\"Person\",\"@id\":\"https:\/\/nk7-testes.com.br\/agazeta\/#\/schema\/person\/ff6b39d54d6973bfc57f4140f659b23f\",\"name\":\"Agazeta.Net\",\"url\":\"https:\/\/nk7-testes.com.br\/agazeta\/author\/agazeta\/\"}]}<\/script>\n<!-- \/ Yoast SEO plugin. -->","yoast_head_json":{"title":"Menor de idade \u00e9 morto a facadas no Segundo Distrito de Rio Branco - Agazeta.net","robots":{"index":"index","follow":"follow","max-snippet":"max-snippet:-1","max-image-preview":"max-image-preview:large","max-video-preview":"max-video-preview:-1"},"canonical":"https:\/\/nk7-testes.com.br\/agazeta\/menor-de-idade-e-morto-a-facadas-no-segundo-distrito-de-rio-branco\/","og_locale":"pt_BR","og_type":"article","og_title":"Menor de idade \u00e9 morto a facadas no Segundo Distrito de Rio Branco - Agazeta.net","og_description":"At\u00e9 o momento nenhum suspeito foi encontrado","og_url":"https:\/\/nk7-testes.com.br\/agazeta\/menor-de-idade-e-morto-a-facadas-no-segundo-distrito-de-rio-branco\/","og_site_name":"Agazeta.net","article_published_time":"2020-05-18T19:17:39+00:00","og_image":[{"width":458,"height":340,"url":"https:\/\/nk7-testes.com.br\/agazeta\/wp-content\/uploads\/2020\/05\/180520-jovem-morto-facada.jpg","type":"image\/jpeg"}],"author":"Agazeta.Net","twitter_card":"summary_large_image","twitter_misc":{"Escrito por":"Agazeta.Net","Est. tempo de leitura":"1 minuto"},"schema":{"@context":"https:\/\/schema.org","@graph":[{"@type":"WebPage","@id":"https:\/\/nk7-testes.com.br\/agazeta\/menor-de-idade-e-morto-a-facadas-no-segundo-distrito-de-rio-branco\/","url":"https:\/\/nk7-testes.com.br\/agazeta\/menor-de-idade-e-morto-a-facadas-no-segundo-distrito-de-rio-branco\/","name":"Menor de idade \u00e9 morto a facadas no Segundo Distrito de Rio Branco - Agazeta.net","isPartOf":{"@id":"https:\/\/nk7-testes.com.br\/agazeta\/#website"},"primaryImageOfPage":{"@id":"https:\/\/nk7-testes.com.br\/agazeta\/menor-de-idade-e-morto-a-facadas-no-segundo-distrito-de-rio-branco\/#primaryimage"},"image":{"@id":"https:\/\/nk7-testes.com.br\/agazeta\/menor-de-idade-e-morto-a-facadas-no-segundo-distrito-de-rio-branco\/#primaryimage"},"thumbnailUrl":"https:\/\/nk7-testes.com.br\/agazeta\/wp-content\/uploads\/2020\/05\/180520-jovem-morto-facada.jpg","datePublished":"2020-05-18T19:17:39+00:00","author":{"@id":"https:\/\/nk7-testes.com.br\/agazeta\/#\/schema\/person\/ff6b39d54d6973bfc57f4140f659b23f"},"breadcrumb":{"@id":"https:\/\/nk7-testes.com.br\/agazeta\/menor-de-idade-e-morto-a-facadas-no-segundo-distrito-de-rio-branco\/#breadcrumb"},"inLanguage":"pt-BR","potentialAction":[{"@type":"ReadAction","target":["https:\/\/nk7-testes.com.br\/agazeta\/menor-de-idade-e-morto-a-facadas-no-segundo-distrito-de-rio-branco\/"]}]},{"@type":"ImageObject","inLanguage":"pt-BR","@id":"https:\/\/nk7-testes.com.br\/agazeta\/menor-de-idade-e-morto-a-facadas-no-segundo-distrito-de-rio-branco\/#primaryimage","url":"https:\/\/nk7-testes.com.br\/agazeta\/wp-content\/uploads\/2020\/05\/180520-jovem-morto-facada.jpg","contentUrl":"https:\/\/nk7-testes.com.br\/agazeta\/wp-content\/uploads\/2020\/05\/180520-jovem-morto-facada.jpg","width":458,"height":340,"caption":"180520-jovem-morto-facada"},{"@type":"BreadcrumbList","@id":"https:\/\/nk7-testes.com.br\/agazeta\/menor-de-idade-e-morto-a-facadas-no-segundo-distrito-de-rio-branco\/#breadcrumb","itemListElement":[{"@type":"ListItem","position":1,"name":"In\u00edcio","item":"https:\/\/nk7-testes.com.br\/agazeta\/"},{"@type":"ListItem","position":2,"name":"Menor de idade \u00e9 morto a facadas no Segundo Distrito de Rio Branco"}]},{"@type":"WebSite","@id":"https:\/\/nk7-testes.com.br\/agazeta\/#website","url":"https:\/\/nk7-testes.com.br\/agazeta\/","name":"Agazeta.net","description":"Agazeta.net - Not\u00edcias de Rio Branco\/AC","potentialAction":[{"@type":"SearchAction","target":{"@type":"EntryPoint","urlTemplate":"https:\/\/nk7-testes.com.br\/agazeta\/?s={search_term_string}"},"query-input":{"@type":"PropertyValueSpecification","valueRequired":true,"valueName":"search_term_string"}}],"inLanguage":"pt-BR"},{"@type":"Person","@id":"https:\/\/nk7-testes.com.br\/agazeta\/#\/schema\/person\/ff6b39d54d6973bfc57f4140f659b23f","name":"Agazeta.Net","url":"https:\/\/nk7-testes.com.br\/agazeta\/author\/agazeta\/"}]}},"_links":{"self":[{"href":"https:\/\/nk7-testes.com.br\/agazeta\/wp-json\/wp\/v2\/posts\/47864","targetHints":{"allow":["GET"]}}],"collection":[{"href":"https:\/\/nk7-testes.com.br\/agazeta\/wp-json\/wp\/v2\/posts"}],"about":[{"href":"https:\/\/nk7-testes.com.br\/agazeta\/wp-json\/wp\/v2\/types\/post"}],"author":[{"embeddable":true,"href":"https:\/\/nk7-testes.com.br\/agazeta\/wp-json\/wp\/v2\/users\/4"}],"replies":[{"embeddable":true,"href":"https:\/\/nk7-testes.com.br\/agazeta\/wp-json\/wp\/v2\/comments?post=47864"}],"version-history":[{"count":0,"href":"https:\/\/nk7-testes.com.br\/agazeta\/wp-json\/wp\/v2\/posts\/47864\/revisions"}],"wp:featuredmedia":[{"embeddable":true,"href":"https:\/\/nk7-testes.com.br\/agazeta\/wp-json\/wp\/v2\/media\/47863"}],"wp:attachment":[{"href":"https:\/\/nk7-testes.com.br\/agazeta\/wp-json\/wp\/v2\/media?parent=47864"}],"wp:term":[{"taxonomy":"category","embeddable":true,"href":"https:\/\/nk7-testes.com.br\/agazeta\/wp-json\/wp\/v2\/categories?post=47864"},{"taxonomy":"post_tag","embeddable":true,"href":"https:\/\/nk7-testes.com.br\/agazeta\/wp-json\/wp\/v2\/tags?post=47864"}],"curies":[{"name":"wp","href":"https:\/\/api.w.org\/{rel}","templated":true}]}}