{"id":47842,"date":"2020-05-16T03:25:39","date_gmt":"2020-05-16T03:25:39","guid":{"rendered":"https:\/\/abarevegan.com.br\/index.php\/2020\/05\/16\/policia-frustra-fuga-de-detentos-do-complexo-penitenciario-de-rio-branco\/"},"modified":"2020-05-16T03:25:39","modified_gmt":"2020-05-16T03:25:39","slug":"policia-frustra-fuga-de-detentos-do-complexo-penitenciario-de-rio-branco","status":"publish","type":"post","link":"https:\/\/nk7-testes.com.br\/agazeta\/policia-frustra-fuga-de-detentos-do-complexo-penitenciario-de-rio-branco\/","title":{"rendered":"Pol\u00edcia frustra fuga de detentos do pres\u00eddio de Rio Branco"},"content":{"rendered":"<p style=\"text-align: justify;\">Cinco presos est\u00e3o juntos em cela cumprindo quarentena<\/p>\n<p style=\"text-align: justify;\">Policiais penais do Instituto de Administra\u00e7\u00e3o Penitenci\u00e1ria (Iapen) frustraram os planos de fuga de cinco detentos da cela A\/4 do pavilh\u00e3o Q do Complexo Penitenci\u00e1rio de Rio Branco, na tarde desta sexta-feira (15). Os detentos fizeram o in\u00edcio de um buraco na parede da cela, por onde empreenderiam a fuga.<\/p>\n<p style=\"text-align: justify;\">De acordo com a equipe de plant\u00e3o, durante verifica\u00e7\u00e3o de estrutura realizada no pavilh\u00e3o Q por volta das 17h30, os policiais penais identificaram o buraco na parede da cela e retiraram os detentos.<\/p>\n<p style=\"text-align: justify;\">Diante do ocorrido, os presos foram encaminhados para o isolamento preventivo e, posteriormente responder\u00e3o a processo administrativo disciplinar. Eles foram encaminhados \u00e0 Delegacia Central de Flagrantes na manh\u00e3 desse s\u00e1bado (16), para o registro da ocorr\u00eancia e os procedimentos de costume.<\/p>\n<p style=\"text-align: justify;\">De acordo com o diretor da unidade, Fagner Souza, embora os presos estejam no pavilh\u00e3o Q, estes se encontram cumprindo per\u00edodo de quarentena por terem entrado recentemente no Complexo Penitenci\u00e1rio, o que justifica a possibilidade de dividirem a mesma cela.<\/p>\n<p style=\"text-align: justify;\">\u201c\u00c9 importante destacar que o pavilh\u00e3o Q, al\u00e9m de receber os detentos com suspeita e os casos confirmados de Covid-19, tamb\u00e9m conta com ala espec\u00edfica para a quarentena dos detentos rec\u00e9m chegados ao pres\u00eddio\u201d, afirmou.<\/p>\n","protected":false},"excerpt":{"rendered":"<p style=\"text-align: justify;\">Cinco presos est\u00e3o juntos em cela cumprindo quarentena<\/p>\n","protected":false},"author":4,"featured_media":47841,"comment_status":"open","ping_status":"open","sticky":false,"template":"","format":"standard","meta":{"jnews-multi-image_gallery":[],"jnews_single_post":[],"jnews_primary_category":[],"jnews_social_meta":[],"jnews_review":[],"enable_review":"","type":"","name":"","summary":"","brand":"","sku":"","good":[],"bad":[],"score_override":"","override_value":"","rating":[],"price":[],"footnotes":""},"categories":[44],"tags":[],"class_list":["post-47842","post","type-post","status-publish","format-standard","has-post-thumbnail","hentry","category-policia"],"yoast_head":"<!-- This site is optimized with the Yoast SEO plugin v26.5 - https:\/\/yoast.com\/wordpress\/plugins\/seo\/ -->\n<title>Pol\u00edcia frustra fuga de detentos do pres\u00eddio de Rio Branco - Agazeta.net<\/title>\n<meta name=\"robots\" content=\"index, follow, max-snippet:-1, max-image-preview:large, max-video-preview:-1\" \/>\n<link rel=\"canonical\" href=\"https:\/\/nk7-testes.com.br\/agazeta\/policia-frustra-fuga-de-detentos-do-complexo-penitenciario-de-rio-branco\/\" \/>\n<meta property=\"og:locale\" content=\"pt_BR\" \/>\n<meta property=\"og:type\" content=\"article\" \/>\n<meta property=\"og:title\" content=\"Pol\u00edcia frustra fuga de detentos do pres\u00eddio de Rio Branco - Agazeta.net\" \/>\n<meta property=\"og:description\" content=\"Cinco presos est\u00e3o juntos em cela cumprindo quarentena\" \/>\n<meta property=\"og:url\" content=\"https:\/\/nk7-testes.com.br\/agazeta\/policia-frustra-fuga-de-detentos-do-complexo-penitenciario-de-rio-branco\/\" \/>\n<meta property=\"og:site_name\" content=\"Agazeta.net\" \/>\n<meta property=\"article:published_time\" content=\"2020-05-16T03:25:39+00:00\" \/>\n<meta property=\"og:image\" content=\"https:\/\/nk7-testes.com.br\/agazeta\/wp-content\/uploads\/2020\/05\/160520-fuga-presidio-frustrada.jpg\" \/>\n\t<meta property=\"og:image:width\" content=\"453\" \/>\n\t<meta property=\"og:image:height\" content=\"340\" \/>\n\t<meta property=\"og:image:type\" content=\"image\/jpeg\" \/>\n<meta name=\"author\" content=\"Agazeta.Net\" \/>\n<meta name=\"twitter:card\" content=\"summary_large_image\" \/>\n<meta name=\"twitter:label1\" content=\"Escrito por\" \/>\n\t<meta name=\"twitter:data1\" content=\"Agazeta.Net\" \/>\n\t<meta name=\"twitter:label2\" content=\"Est. tempo de leitura\" \/>\n\t<meta name=\"twitter:data2\" content=\"1 minuto\" \/>\n<script type=\"application\/ld+json\" class=\"yoast-schema-graph\">{\"@context\":\"https:\/\/schema.org\",\"@graph\":[{\"@type\":\"WebPage\",\"@id\":\"https:\/\/nk7-testes.com.br\/agazeta\/policia-frustra-fuga-de-detentos-do-complexo-penitenciario-de-rio-branco\/\",\"url\":\"https:\/\/nk7-testes.com.br\/agazeta\/policia-frustra-fuga-de-detentos-do-complexo-penitenciario-de-rio-branco\/\",\"name\":\"Pol\u00edcia frustra fuga de detentos do pres\u00eddio de Rio Branco - Agazeta.net\",\"isPartOf\":{\"@id\":\"https:\/\/nk7-testes.com.br\/agazeta\/#website\"},\"primaryImageOfPage\":{\"@id\":\"https:\/\/nk7-testes.com.br\/agazeta\/policia-frustra-fuga-de-detentos-do-complexo-penitenciario-de-rio-branco\/#primaryimage\"},\"image\":{\"@id\":\"https:\/\/nk7-testes.com.br\/agazeta\/policia-frustra-fuga-de-detentos-do-complexo-penitenciario-de-rio-branco\/#primaryimage\"},\"thumbnailUrl\":\"https:\/\/nk7-testes.com.br\/agazeta\/wp-content\/uploads\/2020\/05\/160520-fuga-presidio-frustrada.jpg\",\"datePublished\":\"2020-05-16T03:25:39+00:00\",\"author\":{\"@id\":\"https:\/\/nk7-testes.com.br\/agazeta\/#\/schema\/person\/ff6b39d54d6973bfc57f4140f659b23f\"},\"breadcrumb\":{\"@id\":\"https:\/\/nk7-testes.com.br\/agazeta\/policia-frustra-fuga-de-detentos-do-complexo-penitenciario-de-rio-branco\/#breadcrumb\"},\"inLanguage\":\"pt-BR\",\"potentialAction\":[{\"@type\":\"ReadAction\",\"target\":[\"https:\/\/nk7-testes.com.br\/agazeta\/policia-frustra-fuga-de-detentos-do-complexo-penitenciario-de-rio-branco\/\"]}]},{\"@type\":\"ImageObject\",\"inLanguage\":\"pt-BR\",\"@id\":\"https:\/\/nk7-testes.com.br\/agazeta\/policia-frustra-fuga-de-detentos-do-complexo-penitenciario-de-rio-branco\/#primaryimage\",\"url\":\"https:\/\/nk7-testes.com.br\/agazeta\/wp-content\/uploads\/2020\/05\/160520-fuga-presidio-frustrada.jpg\",\"contentUrl\":\"https:\/\/nk7-testes.com.br\/agazeta\/wp-content\/uploads\/2020\/05\/160520-fuga-presidio-frustrada.jpg\",\"width\":453,\"height\":340,\"caption\":\"160520-fuga-presidio-frustrada\"},{\"@type\":\"BreadcrumbList\",\"@id\":\"https:\/\/nk7-testes.com.br\/agazeta\/policia-frustra-fuga-de-detentos-do-complexo-penitenciario-de-rio-branco\/#breadcrumb\",\"itemListElement\":[{\"@type\":\"ListItem\",\"position\":1,\"name\":\"In\u00edcio\",\"item\":\"https:\/\/nk7-testes.com.br\/agazeta\/\"},{\"@type\":\"ListItem\",\"position\":2,\"name\":\"Pol\u00edcia frustra fuga de detentos do pres\u00eddio de Rio Branco\"}]},{\"@type\":\"WebSite\",\"@id\":\"https:\/\/nk7-testes.com.br\/agazeta\/#website\",\"url\":\"https:\/\/nk7-testes.com.br\/agazeta\/\",\"name\":\"Agazeta.net\",\"description\":\"Agazeta.net - Not\u00edcias de Rio Branco\/AC\",\"potentialAction\":[{\"@type\":\"SearchAction\",\"target\":{\"@type\":\"EntryPoint\",\"urlTemplate\":\"https:\/\/nk7-testes.com.br\/agazeta\/?s={search_term_string}\"},\"query-input\":{\"@type\":\"PropertyValueSpecification\",\"valueRequired\":true,\"valueName\":\"search_term_string\"}}],\"inLanguage\":\"pt-BR\"},{\"@type\":\"Person\",\"@id\":\"https:\/\/nk7-testes.com.br\/agazeta\/#\/schema\/person\/ff6b39d54d6973bfc57f4140f659b23f\",\"name\":\"Agazeta.Net\",\"url\":\"https:\/\/nk7-testes.com.br\/agazeta\/author\/agazeta\/\"}]}<\/script>\n<!-- \/ Yoast SEO plugin. -->","yoast_head_json":{"title":"Pol\u00edcia frustra fuga de detentos do pres\u00eddio de Rio Branco - Agazeta.net","robots":{"index":"index","follow":"follow","max-snippet":"max-snippet:-1","max-image-preview":"max-image-preview:large","max-video-preview":"max-video-preview:-1"},"canonical":"https:\/\/nk7-testes.com.br\/agazeta\/policia-frustra-fuga-de-detentos-do-complexo-penitenciario-de-rio-branco\/","og_locale":"pt_BR","og_type":"article","og_title":"Pol\u00edcia frustra fuga de detentos do pres\u00eddio de Rio Branco - Agazeta.net","og_description":"Cinco presos est\u00e3o juntos em cela cumprindo quarentena","og_url":"https:\/\/nk7-testes.com.br\/agazeta\/policia-frustra-fuga-de-detentos-do-complexo-penitenciario-de-rio-branco\/","og_site_name":"Agazeta.net","article_published_time":"2020-05-16T03:25:39+00:00","og_image":[{"width":453,"height":340,"url":"https:\/\/nk7-testes.com.br\/agazeta\/wp-content\/uploads\/2020\/05\/160520-fuga-presidio-frustrada.jpg","type":"image\/jpeg"}],"author":"Agazeta.Net","twitter_card":"summary_large_image","twitter_misc":{"Escrito por":"Agazeta.Net","Est. tempo de leitura":"1 minuto"},"schema":{"@context":"https:\/\/schema.org","@graph":[{"@type":"WebPage","@id":"https:\/\/nk7-testes.com.br\/agazeta\/policia-frustra-fuga-de-detentos-do-complexo-penitenciario-de-rio-branco\/","url":"https:\/\/nk7-testes.com.br\/agazeta\/policia-frustra-fuga-de-detentos-do-complexo-penitenciario-de-rio-branco\/","name":"Pol\u00edcia frustra fuga de detentos do pres\u00eddio de Rio Branco - Agazeta.net","isPartOf":{"@id":"https:\/\/nk7-testes.com.br\/agazeta\/#website"},"primaryImageOfPage":{"@id":"https:\/\/nk7-testes.com.br\/agazeta\/policia-frustra-fuga-de-detentos-do-complexo-penitenciario-de-rio-branco\/#primaryimage"},"image":{"@id":"https:\/\/nk7-testes.com.br\/agazeta\/policia-frustra-fuga-de-detentos-do-complexo-penitenciario-de-rio-branco\/#primaryimage"},"thumbnailUrl":"https:\/\/nk7-testes.com.br\/agazeta\/wp-content\/uploads\/2020\/05\/160520-fuga-presidio-frustrada.jpg","datePublished":"2020-05-16T03:25:39+00:00","author":{"@id":"https:\/\/nk7-testes.com.br\/agazeta\/#\/schema\/person\/ff6b39d54d6973bfc57f4140f659b23f"},"breadcrumb":{"@id":"https:\/\/nk7-testes.com.br\/agazeta\/policia-frustra-fuga-de-detentos-do-complexo-penitenciario-de-rio-branco\/#breadcrumb"},"inLanguage":"pt-BR","potentialAction":[{"@type":"ReadAction","target":["https:\/\/nk7-testes.com.br\/agazeta\/policia-frustra-fuga-de-detentos-do-complexo-penitenciario-de-rio-branco\/"]}]},{"@type":"ImageObject","inLanguage":"pt-BR","@id":"https:\/\/nk7-testes.com.br\/agazeta\/policia-frustra-fuga-de-detentos-do-complexo-penitenciario-de-rio-branco\/#primaryimage","url":"https:\/\/nk7-testes.com.br\/agazeta\/wp-content\/uploads\/2020\/05\/160520-fuga-presidio-frustrada.jpg","contentUrl":"https:\/\/nk7-testes.com.br\/agazeta\/wp-content\/uploads\/2020\/05\/160520-fuga-presidio-frustrada.jpg","width":453,"height":340,"caption":"160520-fuga-presidio-frustrada"},{"@type":"BreadcrumbList","@id":"https:\/\/nk7-testes.com.br\/agazeta\/policia-frustra-fuga-de-detentos-do-complexo-penitenciario-de-rio-branco\/#breadcrumb","itemListElement":[{"@type":"ListItem","position":1,"name":"In\u00edcio","item":"https:\/\/nk7-testes.com.br\/agazeta\/"},{"@type":"ListItem","position":2,"name":"Pol\u00edcia frustra fuga de detentos do pres\u00eddio de Rio Branco"}]},{"@type":"WebSite","@id":"https:\/\/nk7-testes.com.br\/agazeta\/#website","url":"https:\/\/nk7-testes.com.br\/agazeta\/","name":"Agazeta.net","description":"Agazeta.net - Not\u00edcias de Rio Branco\/AC","potentialAction":[{"@type":"SearchAction","target":{"@type":"EntryPoint","urlTemplate":"https:\/\/nk7-testes.com.br\/agazeta\/?s={search_term_string}"},"query-input":{"@type":"PropertyValueSpecification","valueRequired":true,"valueName":"search_term_string"}}],"inLanguage":"pt-BR"},{"@type":"Person","@id":"https:\/\/nk7-testes.com.br\/agazeta\/#\/schema\/person\/ff6b39d54d6973bfc57f4140f659b23f","name":"Agazeta.Net","url":"https:\/\/nk7-testes.com.br\/agazeta\/author\/agazeta\/"}]}},"_links":{"self":[{"href":"https:\/\/nk7-testes.com.br\/agazeta\/wp-json\/wp\/v2\/posts\/47842","targetHints":{"allow":["GET"]}}],"collection":[{"href":"https:\/\/nk7-testes.com.br\/agazeta\/wp-json\/wp\/v2\/posts"}],"about":[{"href":"https:\/\/nk7-testes.com.br\/agazeta\/wp-json\/wp\/v2\/types\/post"}],"author":[{"embeddable":true,"href":"https:\/\/nk7-testes.com.br\/agazeta\/wp-json\/wp\/v2\/users\/4"}],"replies":[{"embeddable":true,"href":"https:\/\/nk7-testes.com.br\/agazeta\/wp-json\/wp\/v2\/comments?post=47842"}],"version-history":[{"count":0,"href":"https:\/\/nk7-testes.com.br\/agazeta\/wp-json\/wp\/v2\/posts\/47842\/revisions"}],"wp:featuredmedia":[{"embeddable":true,"href":"https:\/\/nk7-testes.com.br\/agazeta\/wp-json\/wp\/v2\/media\/47841"}],"wp:attachment":[{"href":"https:\/\/nk7-testes.com.br\/agazeta\/wp-json\/wp\/v2\/media?parent=47842"}],"wp:term":[{"taxonomy":"category","embeddable":true,"href":"https:\/\/nk7-testes.com.br\/agazeta\/wp-json\/wp\/v2\/categories?post=47842"},{"taxonomy":"post_tag","embeddable":true,"href":"https:\/\/nk7-testes.com.br\/agazeta\/wp-json\/wp\/v2\/tags?post=47842"}],"curies":[{"name":"wp","href":"https:\/\/api.w.org\/{rel}","templated":true}]}}