{"id":47827,"date":"2020-05-15T14:37:06","date_gmt":"2020-05-15T14:37:06","guid":{"rendered":"https:\/\/abarevegan.com.br\/index.php\/2020\/05\/15\/operacao-nacional-de-seguranca-viaria-e-realizada-pela-prf-no-acre\/"},"modified":"2020-05-15T14:37:06","modified_gmt":"2020-05-15T14:37:06","slug":"operacao-nacional-de-seguranca-viaria-e-realizada-pela-prf-no-acre","status":"publish","type":"post","link":"https:\/\/nk7-testes.com.br\/agazeta\/operacao-nacional-de-seguranca-viaria-e-realizada-pela-prf-no-acre\/","title":{"rendered":"Opera\u00e7\u00e3o Nacional de Seguran\u00e7a Vi\u00e1ria \u00e9 realizada pela PRF, no Acre"},"content":{"rendered":"<p style=\"text-align: justify;\">Redu\u00e7\u00e3o de acidentes \u00e9 o principal objetivo<\/p>\n<p style=\"text-align: justify;\">A Pol\u00edcia Rodovi\u00e1ria Federal (PRF) realiza a Opera\u00e7\u00e3o Nacional de Seguran\u00e7a Vi\u00e1ria, que come\u00e7ou na \u00faltima quinta-feira (14) e terminar\u00e1 na pr\u00f3xima segunda-feira (18). Como parte das a\u00e7\u00f5es do movimento Maio Amarelo, no estado do Acre, a institui\u00e7\u00e3o pretende reduzir a acidentalidade no tr\u00e2nsito, em locais previamente estudados e com hist\u00f3rico de maior viol\u00eancia nas BRs 317 e 364, com refor\u00e7o de policiais e investimento em educa\u00e7\u00e3o para motoristas e passageiros.<\/p>\n<p style=\"text-align: justify;\">Esse ano, o tema do Maio Amarelo \u00e9 \u201cPerceba o risco. Proteja a Vida\u201d. Com base nisso e alinhada com a campanha PRF, \u201cEm tempos de pandemia, se for sair de casa, respeite as leis de tr\u00e2nsito\u201d, os principais trechos das rodovias federais que passam pelo Acre est\u00e3o tendo presen\u00e7a maior de policiais rodovi\u00e1rios federais, tanto nas a\u00e7\u00f5es ostensivas quanto nas palestras de educa\u00e7\u00e3o para o tr\u00e2nsito.<\/p>\n<p style=\"text-align: justify;\">Os policiais pretendem coibir as principais causas de acidentes, condutas como usar o celular enquanto dirige, ultrapassagens indevidas e uso de bebidas alco\u00f3licas, por exemplo. Al\u00e9m disso, os PRFs est\u00e3o conscientizando os viajantes nas palestras sobre cuidados preventivos no tr\u00e2nsito.<\/p>\n<p style=\"text-align: justify;\">Outras medidas usadas s\u00e3o os repasses de informa\u00e7\u00f5es de seguran\u00e7a contra a dissemina\u00e7\u00e3o do Novo Coronavirus. Com a redu\u00e7\u00e3o de acidentes e, consequentemente, menor hospitaliza\u00e7\u00e3o de feridos de acidentes de tr\u00e1fego, a propaga\u00e7\u00e3o da pandemia tende a diminuir.<\/p>\n<div id=\"_mcePaste\" class=\"mcePaste\" data-mce-bogus=\"1\" style=\"position: absolute; left: 0px; top: -25px; width: 1px; height: 1px; overflow: hidden;\">\n<p class=\"MsoNormal\" style=\"text-align: justify;\"><span style=\"font-size: 12.0pt; mso-bidi-font-size: 11.0pt; line-height: 107%; font-family: 'Times New Roman','serif';\">Redu\u00e7\u00e3o de acidentes \u00e9 o principal objetivo<o:p><\/o:p><\/span><\/p>\n<\/p><\/div>\n","protected":false},"excerpt":{"rendered":"<p style=\"text-align: justify;\">Redu\u00e7\u00e3o de acidentes \u00e9 o principal objetivo<\/p>\n","protected":false},"author":4,"featured_media":47826,"comment_status":"open","ping_status":"open","sticky":false,"template":"","format":"standard","meta":{"jnews-multi-image_gallery":[],"jnews_single_post":[],"jnews_primary_category":[],"jnews_social_meta":[],"jnews_review":[],"enable_review":"","type":"","name":"","summary":"","brand":"","sku":"","good":[],"bad":[],"score_override":"","override_value":"","rating":[],"price":[],"footnotes":""},"categories":[44],"tags":[],"class_list":["post-47827","post","type-post","status-publish","format-standard","has-post-thumbnail","hentry","category-policia"],"yoast_head":"<!-- This site is optimized with the Yoast SEO plugin v26.5 - https:\/\/yoast.com\/wordpress\/plugins\/seo\/ -->\n<title>Opera\u00e7\u00e3o Nacional de Seguran\u00e7a Vi\u00e1ria \u00e9 realizada pela PRF, no Acre - Agazeta.net<\/title>\n<meta name=\"robots\" content=\"index, follow, max-snippet:-1, max-image-preview:large, max-video-preview:-1\" \/>\n<link rel=\"canonical\" href=\"https:\/\/nk7-testes.com.br\/agazeta\/operacao-nacional-de-seguranca-viaria-e-realizada-pela-prf-no-acre\/\" \/>\n<meta property=\"og:locale\" content=\"pt_BR\" \/>\n<meta property=\"og:type\" content=\"article\" \/>\n<meta property=\"og:title\" content=\"Opera\u00e7\u00e3o Nacional de Seguran\u00e7a Vi\u00e1ria \u00e9 realizada pela PRF, no Acre - Agazeta.net\" \/>\n<meta property=\"og:description\" content=\"Redu\u00e7\u00e3o de acidentes \u00e9 o principal objetivo\" \/>\n<meta property=\"og:url\" content=\"https:\/\/nk7-testes.com.br\/agazeta\/operacao-nacional-de-seguranca-viaria-e-realizada-pela-prf-no-acre\/\" \/>\n<meta property=\"og:site_name\" content=\"Agazeta.net\" \/>\n<meta property=\"article:published_time\" content=\"2020-05-15T14:37:06+00:00\" \/>\n<meta property=\"og:image\" content=\"https:\/\/nk7-testes.com.br\/agazeta\/wp-content\/uploads\/2020\/05\/150520-prf-maio-amarelo.jpg\" \/>\n\t<meta property=\"og:image:width\" content=\"458\" \/>\n\t<meta property=\"og:image:height\" content=\"340\" \/>\n\t<meta property=\"og:image:type\" content=\"image\/jpeg\" \/>\n<meta name=\"author\" content=\"Agazeta.Net\" \/>\n<meta name=\"twitter:card\" content=\"summary_large_image\" \/>\n<meta name=\"twitter:label1\" content=\"Escrito por\" \/>\n\t<meta name=\"twitter:data1\" content=\"Agazeta.Net\" \/>\n\t<meta name=\"twitter:label2\" content=\"Est. tempo de leitura\" \/>\n\t<meta name=\"twitter:data2\" content=\"1 minuto\" \/>\n<script type=\"application\/ld+json\" class=\"yoast-schema-graph\">{\"@context\":\"https:\/\/schema.org\",\"@graph\":[{\"@type\":\"WebPage\",\"@id\":\"https:\/\/nk7-testes.com.br\/agazeta\/operacao-nacional-de-seguranca-viaria-e-realizada-pela-prf-no-acre\/\",\"url\":\"https:\/\/nk7-testes.com.br\/agazeta\/operacao-nacional-de-seguranca-viaria-e-realizada-pela-prf-no-acre\/\",\"name\":\"Opera\u00e7\u00e3o Nacional de Seguran\u00e7a Vi\u00e1ria \u00e9 realizada pela PRF, no Acre - Agazeta.net\",\"isPartOf\":{\"@id\":\"https:\/\/nk7-testes.com.br\/agazeta\/#website\"},\"primaryImageOfPage\":{\"@id\":\"https:\/\/nk7-testes.com.br\/agazeta\/operacao-nacional-de-seguranca-viaria-e-realizada-pela-prf-no-acre\/#primaryimage\"},\"image\":{\"@id\":\"https:\/\/nk7-testes.com.br\/agazeta\/operacao-nacional-de-seguranca-viaria-e-realizada-pela-prf-no-acre\/#primaryimage\"},\"thumbnailUrl\":\"https:\/\/nk7-testes.com.br\/agazeta\/wp-content\/uploads\/2020\/05\/150520-prf-maio-amarelo.jpg\",\"datePublished\":\"2020-05-15T14:37:06+00:00\",\"author\":{\"@id\":\"https:\/\/nk7-testes.com.br\/agazeta\/#\/schema\/person\/ff6b39d54d6973bfc57f4140f659b23f\"},\"breadcrumb\":{\"@id\":\"https:\/\/nk7-testes.com.br\/agazeta\/operacao-nacional-de-seguranca-viaria-e-realizada-pela-prf-no-acre\/#breadcrumb\"},\"inLanguage\":\"pt-BR\",\"potentialAction\":[{\"@type\":\"ReadAction\",\"target\":[\"https:\/\/nk7-testes.com.br\/agazeta\/operacao-nacional-de-seguranca-viaria-e-realizada-pela-prf-no-acre\/\"]}]},{\"@type\":\"ImageObject\",\"inLanguage\":\"pt-BR\",\"@id\":\"https:\/\/nk7-testes.com.br\/agazeta\/operacao-nacional-de-seguranca-viaria-e-realizada-pela-prf-no-acre\/#primaryimage\",\"url\":\"https:\/\/nk7-testes.com.br\/agazeta\/wp-content\/uploads\/2020\/05\/150520-prf-maio-amarelo.jpg\",\"contentUrl\":\"https:\/\/nk7-testes.com.br\/agazeta\/wp-content\/uploads\/2020\/05\/150520-prf-maio-amarelo.jpg\",\"width\":458,\"height\":340,\"caption\":\"150520-prf-maio-amarelo\"},{\"@type\":\"BreadcrumbList\",\"@id\":\"https:\/\/nk7-testes.com.br\/agazeta\/operacao-nacional-de-seguranca-viaria-e-realizada-pela-prf-no-acre\/#breadcrumb\",\"itemListElement\":[{\"@type\":\"ListItem\",\"position\":1,\"name\":\"In\u00edcio\",\"item\":\"https:\/\/nk7-testes.com.br\/agazeta\/\"},{\"@type\":\"ListItem\",\"position\":2,\"name\":\"Opera\u00e7\u00e3o Nacional de Seguran\u00e7a Vi\u00e1ria \u00e9 realizada pela PRF, no Acre\"}]},{\"@type\":\"WebSite\",\"@id\":\"https:\/\/nk7-testes.com.br\/agazeta\/#website\",\"url\":\"https:\/\/nk7-testes.com.br\/agazeta\/\",\"name\":\"Agazeta.net\",\"description\":\"Agazeta.net - Not\u00edcias de Rio Branco\/AC\",\"potentialAction\":[{\"@type\":\"SearchAction\",\"target\":{\"@type\":\"EntryPoint\",\"urlTemplate\":\"https:\/\/nk7-testes.com.br\/agazeta\/?s={search_term_string}\"},\"query-input\":{\"@type\":\"PropertyValueSpecification\",\"valueRequired\":true,\"valueName\":\"search_term_string\"}}],\"inLanguage\":\"pt-BR\"},{\"@type\":\"Person\",\"@id\":\"https:\/\/nk7-testes.com.br\/agazeta\/#\/schema\/person\/ff6b39d54d6973bfc57f4140f659b23f\",\"name\":\"Agazeta.Net\",\"url\":\"https:\/\/nk7-testes.com.br\/agazeta\/author\/agazeta\/\"}]}<\/script>\n<!-- \/ Yoast SEO plugin. -->","yoast_head_json":{"title":"Opera\u00e7\u00e3o Nacional de Seguran\u00e7a Vi\u00e1ria \u00e9 realizada pela PRF, no Acre - Agazeta.net","robots":{"index":"index","follow":"follow","max-snippet":"max-snippet:-1","max-image-preview":"max-image-preview:large","max-video-preview":"max-video-preview:-1"},"canonical":"https:\/\/nk7-testes.com.br\/agazeta\/operacao-nacional-de-seguranca-viaria-e-realizada-pela-prf-no-acre\/","og_locale":"pt_BR","og_type":"article","og_title":"Opera\u00e7\u00e3o Nacional de Seguran\u00e7a Vi\u00e1ria \u00e9 realizada pela PRF, no Acre - Agazeta.net","og_description":"Redu\u00e7\u00e3o de acidentes \u00e9 o principal objetivo","og_url":"https:\/\/nk7-testes.com.br\/agazeta\/operacao-nacional-de-seguranca-viaria-e-realizada-pela-prf-no-acre\/","og_site_name":"Agazeta.net","article_published_time":"2020-05-15T14:37:06+00:00","og_image":[{"width":458,"height":340,"url":"https:\/\/nk7-testes.com.br\/agazeta\/wp-content\/uploads\/2020\/05\/150520-prf-maio-amarelo.jpg","type":"image\/jpeg"}],"author":"Agazeta.Net","twitter_card":"summary_large_image","twitter_misc":{"Escrito por":"Agazeta.Net","Est. tempo de leitura":"1 minuto"},"schema":{"@context":"https:\/\/schema.org","@graph":[{"@type":"WebPage","@id":"https:\/\/nk7-testes.com.br\/agazeta\/operacao-nacional-de-seguranca-viaria-e-realizada-pela-prf-no-acre\/","url":"https:\/\/nk7-testes.com.br\/agazeta\/operacao-nacional-de-seguranca-viaria-e-realizada-pela-prf-no-acre\/","name":"Opera\u00e7\u00e3o Nacional de Seguran\u00e7a Vi\u00e1ria \u00e9 realizada pela PRF, no Acre - Agazeta.net","isPartOf":{"@id":"https:\/\/nk7-testes.com.br\/agazeta\/#website"},"primaryImageOfPage":{"@id":"https:\/\/nk7-testes.com.br\/agazeta\/operacao-nacional-de-seguranca-viaria-e-realizada-pela-prf-no-acre\/#primaryimage"},"image":{"@id":"https:\/\/nk7-testes.com.br\/agazeta\/operacao-nacional-de-seguranca-viaria-e-realizada-pela-prf-no-acre\/#primaryimage"},"thumbnailUrl":"https:\/\/nk7-testes.com.br\/agazeta\/wp-content\/uploads\/2020\/05\/150520-prf-maio-amarelo.jpg","datePublished":"2020-05-15T14:37:06+00:00","author":{"@id":"https:\/\/nk7-testes.com.br\/agazeta\/#\/schema\/person\/ff6b39d54d6973bfc57f4140f659b23f"},"breadcrumb":{"@id":"https:\/\/nk7-testes.com.br\/agazeta\/operacao-nacional-de-seguranca-viaria-e-realizada-pela-prf-no-acre\/#breadcrumb"},"inLanguage":"pt-BR","potentialAction":[{"@type":"ReadAction","target":["https:\/\/nk7-testes.com.br\/agazeta\/operacao-nacional-de-seguranca-viaria-e-realizada-pela-prf-no-acre\/"]}]},{"@type":"ImageObject","inLanguage":"pt-BR","@id":"https:\/\/nk7-testes.com.br\/agazeta\/operacao-nacional-de-seguranca-viaria-e-realizada-pela-prf-no-acre\/#primaryimage","url":"https:\/\/nk7-testes.com.br\/agazeta\/wp-content\/uploads\/2020\/05\/150520-prf-maio-amarelo.jpg","contentUrl":"https:\/\/nk7-testes.com.br\/agazeta\/wp-content\/uploads\/2020\/05\/150520-prf-maio-amarelo.jpg","width":458,"height":340,"caption":"150520-prf-maio-amarelo"},{"@type":"BreadcrumbList","@id":"https:\/\/nk7-testes.com.br\/agazeta\/operacao-nacional-de-seguranca-viaria-e-realizada-pela-prf-no-acre\/#breadcrumb","itemListElement":[{"@type":"ListItem","position":1,"name":"In\u00edcio","item":"https:\/\/nk7-testes.com.br\/agazeta\/"},{"@type":"ListItem","position":2,"name":"Opera\u00e7\u00e3o Nacional de Seguran\u00e7a Vi\u00e1ria \u00e9 realizada pela PRF, no Acre"}]},{"@type":"WebSite","@id":"https:\/\/nk7-testes.com.br\/agazeta\/#website","url":"https:\/\/nk7-testes.com.br\/agazeta\/","name":"Agazeta.net","description":"Agazeta.net - Not\u00edcias de Rio Branco\/AC","potentialAction":[{"@type":"SearchAction","target":{"@type":"EntryPoint","urlTemplate":"https:\/\/nk7-testes.com.br\/agazeta\/?s={search_term_string}"},"query-input":{"@type":"PropertyValueSpecification","valueRequired":true,"valueName":"search_term_string"}}],"inLanguage":"pt-BR"},{"@type":"Person","@id":"https:\/\/nk7-testes.com.br\/agazeta\/#\/schema\/person\/ff6b39d54d6973bfc57f4140f659b23f","name":"Agazeta.Net","url":"https:\/\/nk7-testes.com.br\/agazeta\/author\/agazeta\/"}]}},"_links":{"self":[{"href":"https:\/\/nk7-testes.com.br\/agazeta\/wp-json\/wp\/v2\/posts\/47827","targetHints":{"allow":["GET"]}}],"collection":[{"href":"https:\/\/nk7-testes.com.br\/agazeta\/wp-json\/wp\/v2\/posts"}],"about":[{"href":"https:\/\/nk7-testes.com.br\/agazeta\/wp-json\/wp\/v2\/types\/post"}],"author":[{"embeddable":true,"href":"https:\/\/nk7-testes.com.br\/agazeta\/wp-json\/wp\/v2\/users\/4"}],"replies":[{"embeddable":true,"href":"https:\/\/nk7-testes.com.br\/agazeta\/wp-json\/wp\/v2\/comments?post=47827"}],"version-history":[{"count":0,"href":"https:\/\/nk7-testes.com.br\/agazeta\/wp-json\/wp\/v2\/posts\/47827\/revisions"}],"wp:featuredmedia":[{"embeddable":true,"href":"https:\/\/nk7-testes.com.br\/agazeta\/wp-json\/wp\/v2\/media\/47826"}],"wp:attachment":[{"href":"https:\/\/nk7-testes.com.br\/agazeta\/wp-json\/wp\/v2\/media?parent=47827"}],"wp:term":[{"taxonomy":"category","embeddable":true,"href":"https:\/\/nk7-testes.com.br\/agazeta\/wp-json\/wp\/v2\/categories?post=47827"},{"taxonomy":"post_tag","embeddable":true,"href":"https:\/\/nk7-testes.com.br\/agazeta\/wp-json\/wp\/v2\/tags?post=47827"}],"curies":[{"name":"wp","href":"https:\/\/api.w.org\/{rel}","templated":true}]}}