{"id":47813,"date":"2020-05-14T18:27:08","date_gmt":"2020-05-14T18:27:08","guid":{"rendered":"https:\/\/abarevegan.com.br\/index.php\/2020\/05\/14\/detento-que-fugiu-do-presidio-e-recapturado-na-entrada-de-senador-guiomard\/"},"modified":"2020-05-14T18:27:08","modified_gmt":"2020-05-14T18:27:08","slug":"detento-que-fugiu-do-presidio-e-recapturado-na-entrada-de-senador-guiomard","status":"publish","type":"post","link":"https:\/\/nk7-testes.com.br\/agazeta\/detento-que-fugiu-do-presidio-e-recapturado-na-entrada-de-senador-guiomard\/","title":{"rendered":"Detento que fugiu do pres\u00eddio \u00e9 recapturado em Senador Guiomard"},"content":{"rendered":"<p style=\"text-align: justify;\">Segundo foragido continua sendo procurado pela pol\u00edcia<\/p>\n<p style=\"text-align: justify;\">O Instituto de Administra\u00e7\u00e3o Penitenci\u00e1ria (Iapen) registrou na manh\u00e3 desta quinta-feira (14), a recaptura de um dos dois presos que fugiram na noite da \u00faltima ter\u00e7a-feira (12), da Unidade Penitenci\u00e1ria do Quinari, no munic\u00edpio de Senador Guiomard.<\/p>\n<p style=\"text-align: justify;\">Nelinho Ferreira Lima foi recapturado nas proximidades da entrada do munic\u00edpio, durante o momento em que um policial penal se deslocava para o plant\u00e3o de servi\u00e7o. Ao avistar o foragido, o policial parou o ve\u00edculo e deu voz de pris\u00e3o.<\/p>\n<p style=\"text-align: justify;\">De acordo com o diretor da unidade, Eliton Cavalcante, o detento tentou resistir, por\u00e9m, sem sucesso. Ap\u00f3s a pris\u00e3o, o homem foi conduzido at\u00e9 a Unidade Penitenci\u00e1ria do Quinari, onde aguarda para ser conduzido \u00e0 Delegacia de Senador Guiomard para os procedimentos cab\u00edveis.<\/p>\n<p style=\"text-align: justify;\">O segundo foragido, Jhon Kenedy Souza Barbosa, continua sendo procurado pela pol\u00edcia.<\/p>\n","protected":false},"excerpt":{"rendered":"<p style=\"text-align: justify;\">Segundo foragido continua sendo procurado pela pol\u00edcia<\/p>\n","protected":false},"author":4,"featured_media":47812,"comment_status":"open","ping_status":"open","sticky":false,"template":"","format":"standard","meta":{"jnews-multi-image_gallery":[],"jnews_single_post":[],"jnews_primary_category":[],"jnews_social_meta":[],"jnews_review":[],"enable_review":"","type":"","name":"","summary":"","brand":"","sku":"","good":[],"bad":[],"score_override":"","override_value":"","rating":[],"price":[],"footnotes":""},"categories":[44],"tags":[],"class_list":["post-47813","post","type-post","status-publish","format-standard","has-post-thumbnail","hentry","category-policia"],"yoast_head":"<!-- This site is optimized with the Yoast SEO plugin v26.5 - https:\/\/yoast.com\/wordpress\/plugins\/seo\/ -->\n<title>Detento que fugiu do pres\u00eddio \u00e9 recapturado em Senador Guiomard - Agazeta.net<\/title>\n<meta name=\"robots\" content=\"index, follow, max-snippet:-1, max-image-preview:large, max-video-preview:-1\" \/>\n<link rel=\"canonical\" href=\"https:\/\/nk7-testes.com.br\/agazeta\/detento-que-fugiu-do-presidio-e-recapturado-na-entrada-de-senador-guiomard\/\" \/>\n<meta property=\"og:locale\" content=\"pt_BR\" \/>\n<meta property=\"og:type\" content=\"article\" \/>\n<meta property=\"og:title\" content=\"Detento que fugiu do pres\u00eddio \u00e9 recapturado em Senador Guiomard - Agazeta.net\" \/>\n<meta property=\"og:description\" content=\"Segundo foragido continua sendo procurado pela pol\u00edcia\" \/>\n<meta property=\"og:url\" content=\"https:\/\/nk7-testes.com.br\/agazeta\/detento-que-fugiu-do-presidio-e-recapturado-na-entrada-de-senador-guiomard\/\" \/>\n<meta property=\"og:site_name\" content=\"Agazeta.net\" \/>\n<meta property=\"article:published_time\" content=\"2020-05-14T18:27:08+00:00\" \/>\n<meta property=\"og:image\" content=\"https:\/\/nk7-testes.com.br\/agazeta\/wp-content\/uploads\/2020\/05\/140520-foragido-capturado-iapen.jpg\" \/>\n\t<meta property=\"og:image:width\" content=\"458\" \/>\n\t<meta property=\"og:image:height\" content=\"340\" \/>\n\t<meta property=\"og:image:type\" content=\"image\/jpeg\" \/>\n<meta name=\"author\" content=\"Agazeta.Net\" \/>\n<meta name=\"twitter:card\" content=\"summary_large_image\" \/>\n<meta name=\"twitter:label1\" content=\"Escrito por\" \/>\n\t<meta name=\"twitter:data1\" content=\"Agazeta.Net\" \/>\n\t<meta name=\"twitter:label2\" content=\"Est. tempo de leitura\" \/>\n\t<meta name=\"twitter:data2\" content=\"1 minuto\" \/>\n<script type=\"application\/ld+json\" class=\"yoast-schema-graph\">{\"@context\":\"https:\/\/schema.org\",\"@graph\":[{\"@type\":\"WebPage\",\"@id\":\"https:\/\/nk7-testes.com.br\/agazeta\/detento-que-fugiu-do-presidio-e-recapturado-na-entrada-de-senador-guiomard\/\",\"url\":\"https:\/\/nk7-testes.com.br\/agazeta\/detento-que-fugiu-do-presidio-e-recapturado-na-entrada-de-senador-guiomard\/\",\"name\":\"Detento que fugiu do pres\u00eddio \u00e9 recapturado em Senador Guiomard - Agazeta.net\",\"isPartOf\":{\"@id\":\"https:\/\/nk7-testes.com.br\/agazeta\/#website\"},\"primaryImageOfPage\":{\"@id\":\"https:\/\/nk7-testes.com.br\/agazeta\/detento-que-fugiu-do-presidio-e-recapturado-na-entrada-de-senador-guiomard\/#primaryimage\"},\"image\":{\"@id\":\"https:\/\/nk7-testes.com.br\/agazeta\/detento-que-fugiu-do-presidio-e-recapturado-na-entrada-de-senador-guiomard\/#primaryimage\"},\"thumbnailUrl\":\"https:\/\/nk7-testes.com.br\/agazeta\/wp-content\/uploads\/2020\/05\/140520-foragido-capturado-iapen.jpg\",\"datePublished\":\"2020-05-14T18:27:08+00:00\",\"author\":{\"@id\":\"https:\/\/nk7-testes.com.br\/agazeta\/#\/schema\/person\/ff6b39d54d6973bfc57f4140f659b23f\"},\"breadcrumb\":{\"@id\":\"https:\/\/nk7-testes.com.br\/agazeta\/detento-que-fugiu-do-presidio-e-recapturado-na-entrada-de-senador-guiomard\/#breadcrumb\"},\"inLanguage\":\"pt-BR\",\"potentialAction\":[{\"@type\":\"ReadAction\",\"target\":[\"https:\/\/nk7-testes.com.br\/agazeta\/detento-que-fugiu-do-presidio-e-recapturado-na-entrada-de-senador-guiomard\/\"]}]},{\"@type\":\"ImageObject\",\"inLanguage\":\"pt-BR\",\"@id\":\"https:\/\/nk7-testes.com.br\/agazeta\/detento-que-fugiu-do-presidio-e-recapturado-na-entrada-de-senador-guiomard\/#primaryimage\",\"url\":\"https:\/\/nk7-testes.com.br\/agazeta\/wp-content\/uploads\/2020\/05\/140520-foragido-capturado-iapen.jpg\",\"contentUrl\":\"https:\/\/nk7-testes.com.br\/agazeta\/wp-content\/uploads\/2020\/05\/140520-foragido-capturado-iapen.jpg\",\"width\":458,\"height\":340,\"caption\":\"140520-foragido-capturado-iapen\"},{\"@type\":\"BreadcrumbList\",\"@id\":\"https:\/\/nk7-testes.com.br\/agazeta\/detento-que-fugiu-do-presidio-e-recapturado-na-entrada-de-senador-guiomard\/#breadcrumb\",\"itemListElement\":[{\"@type\":\"ListItem\",\"position\":1,\"name\":\"In\u00edcio\",\"item\":\"https:\/\/nk7-testes.com.br\/agazeta\/\"},{\"@type\":\"ListItem\",\"position\":2,\"name\":\"Detento que fugiu do pres\u00eddio \u00e9 recapturado em Senador Guiomard\"}]},{\"@type\":\"WebSite\",\"@id\":\"https:\/\/nk7-testes.com.br\/agazeta\/#website\",\"url\":\"https:\/\/nk7-testes.com.br\/agazeta\/\",\"name\":\"Agazeta.net\",\"description\":\"Agazeta.net - Not\u00edcias de Rio Branco\/AC\",\"potentialAction\":[{\"@type\":\"SearchAction\",\"target\":{\"@type\":\"EntryPoint\",\"urlTemplate\":\"https:\/\/nk7-testes.com.br\/agazeta\/?s={search_term_string}\"},\"query-input\":{\"@type\":\"PropertyValueSpecification\",\"valueRequired\":true,\"valueName\":\"search_term_string\"}}],\"inLanguage\":\"pt-BR\"},{\"@type\":\"Person\",\"@id\":\"https:\/\/nk7-testes.com.br\/agazeta\/#\/schema\/person\/ff6b39d54d6973bfc57f4140f659b23f\",\"name\":\"Agazeta.Net\",\"url\":\"https:\/\/nk7-testes.com.br\/agazeta\/author\/agazeta\/\"}]}<\/script>\n<!-- \/ Yoast SEO plugin. -->","yoast_head_json":{"title":"Detento que fugiu do pres\u00eddio \u00e9 recapturado em Senador Guiomard - Agazeta.net","robots":{"index":"index","follow":"follow","max-snippet":"max-snippet:-1","max-image-preview":"max-image-preview:large","max-video-preview":"max-video-preview:-1"},"canonical":"https:\/\/nk7-testes.com.br\/agazeta\/detento-que-fugiu-do-presidio-e-recapturado-na-entrada-de-senador-guiomard\/","og_locale":"pt_BR","og_type":"article","og_title":"Detento que fugiu do pres\u00eddio \u00e9 recapturado em Senador Guiomard - Agazeta.net","og_description":"Segundo foragido continua sendo procurado pela pol\u00edcia","og_url":"https:\/\/nk7-testes.com.br\/agazeta\/detento-que-fugiu-do-presidio-e-recapturado-na-entrada-de-senador-guiomard\/","og_site_name":"Agazeta.net","article_published_time":"2020-05-14T18:27:08+00:00","og_image":[{"width":458,"height":340,"url":"https:\/\/nk7-testes.com.br\/agazeta\/wp-content\/uploads\/2020\/05\/140520-foragido-capturado-iapen.jpg","type":"image\/jpeg"}],"author":"Agazeta.Net","twitter_card":"summary_large_image","twitter_misc":{"Escrito por":"Agazeta.Net","Est. tempo de leitura":"1 minuto"},"schema":{"@context":"https:\/\/schema.org","@graph":[{"@type":"WebPage","@id":"https:\/\/nk7-testes.com.br\/agazeta\/detento-que-fugiu-do-presidio-e-recapturado-na-entrada-de-senador-guiomard\/","url":"https:\/\/nk7-testes.com.br\/agazeta\/detento-que-fugiu-do-presidio-e-recapturado-na-entrada-de-senador-guiomard\/","name":"Detento que fugiu do pres\u00eddio \u00e9 recapturado em Senador Guiomard - Agazeta.net","isPartOf":{"@id":"https:\/\/nk7-testes.com.br\/agazeta\/#website"},"primaryImageOfPage":{"@id":"https:\/\/nk7-testes.com.br\/agazeta\/detento-que-fugiu-do-presidio-e-recapturado-na-entrada-de-senador-guiomard\/#primaryimage"},"image":{"@id":"https:\/\/nk7-testes.com.br\/agazeta\/detento-que-fugiu-do-presidio-e-recapturado-na-entrada-de-senador-guiomard\/#primaryimage"},"thumbnailUrl":"https:\/\/nk7-testes.com.br\/agazeta\/wp-content\/uploads\/2020\/05\/140520-foragido-capturado-iapen.jpg","datePublished":"2020-05-14T18:27:08+00:00","author":{"@id":"https:\/\/nk7-testes.com.br\/agazeta\/#\/schema\/person\/ff6b39d54d6973bfc57f4140f659b23f"},"breadcrumb":{"@id":"https:\/\/nk7-testes.com.br\/agazeta\/detento-que-fugiu-do-presidio-e-recapturado-na-entrada-de-senador-guiomard\/#breadcrumb"},"inLanguage":"pt-BR","potentialAction":[{"@type":"ReadAction","target":["https:\/\/nk7-testes.com.br\/agazeta\/detento-que-fugiu-do-presidio-e-recapturado-na-entrada-de-senador-guiomard\/"]}]},{"@type":"ImageObject","inLanguage":"pt-BR","@id":"https:\/\/nk7-testes.com.br\/agazeta\/detento-que-fugiu-do-presidio-e-recapturado-na-entrada-de-senador-guiomard\/#primaryimage","url":"https:\/\/nk7-testes.com.br\/agazeta\/wp-content\/uploads\/2020\/05\/140520-foragido-capturado-iapen.jpg","contentUrl":"https:\/\/nk7-testes.com.br\/agazeta\/wp-content\/uploads\/2020\/05\/140520-foragido-capturado-iapen.jpg","width":458,"height":340,"caption":"140520-foragido-capturado-iapen"},{"@type":"BreadcrumbList","@id":"https:\/\/nk7-testes.com.br\/agazeta\/detento-que-fugiu-do-presidio-e-recapturado-na-entrada-de-senador-guiomard\/#breadcrumb","itemListElement":[{"@type":"ListItem","position":1,"name":"In\u00edcio","item":"https:\/\/nk7-testes.com.br\/agazeta\/"},{"@type":"ListItem","position":2,"name":"Detento que fugiu do pres\u00eddio \u00e9 recapturado em Senador Guiomard"}]},{"@type":"WebSite","@id":"https:\/\/nk7-testes.com.br\/agazeta\/#website","url":"https:\/\/nk7-testes.com.br\/agazeta\/","name":"Agazeta.net","description":"Agazeta.net - Not\u00edcias de Rio Branco\/AC","potentialAction":[{"@type":"SearchAction","target":{"@type":"EntryPoint","urlTemplate":"https:\/\/nk7-testes.com.br\/agazeta\/?s={search_term_string}"},"query-input":{"@type":"PropertyValueSpecification","valueRequired":true,"valueName":"search_term_string"}}],"inLanguage":"pt-BR"},{"@type":"Person","@id":"https:\/\/nk7-testes.com.br\/agazeta\/#\/schema\/person\/ff6b39d54d6973bfc57f4140f659b23f","name":"Agazeta.Net","url":"https:\/\/nk7-testes.com.br\/agazeta\/author\/agazeta\/"}]}},"_links":{"self":[{"href":"https:\/\/nk7-testes.com.br\/agazeta\/wp-json\/wp\/v2\/posts\/47813","targetHints":{"allow":["GET"]}}],"collection":[{"href":"https:\/\/nk7-testes.com.br\/agazeta\/wp-json\/wp\/v2\/posts"}],"about":[{"href":"https:\/\/nk7-testes.com.br\/agazeta\/wp-json\/wp\/v2\/types\/post"}],"author":[{"embeddable":true,"href":"https:\/\/nk7-testes.com.br\/agazeta\/wp-json\/wp\/v2\/users\/4"}],"replies":[{"embeddable":true,"href":"https:\/\/nk7-testes.com.br\/agazeta\/wp-json\/wp\/v2\/comments?post=47813"}],"version-history":[{"count":0,"href":"https:\/\/nk7-testes.com.br\/agazeta\/wp-json\/wp\/v2\/posts\/47813\/revisions"}],"wp:featuredmedia":[{"embeddable":true,"href":"https:\/\/nk7-testes.com.br\/agazeta\/wp-json\/wp\/v2\/media\/47812"}],"wp:attachment":[{"href":"https:\/\/nk7-testes.com.br\/agazeta\/wp-json\/wp\/v2\/media?parent=47813"}],"wp:term":[{"taxonomy":"category","embeddable":true,"href":"https:\/\/nk7-testes.com.br\/agazeta\/wp-json\/wp\/v2\/categories?post=47813"},{"taxonomy":"post_tag","embeddable":true,"href":"https:\/\/nk7-testes.com.br\/agazeta\/wp-json\/wp\/v2\/tags?post=47813"}],"curies":[{"name":"wp","href":"https:\/\/api.w.org\/{rel}","templated":true}]}}