{"id":47787,"date":"2020-05-13T14:10:07","date_gmt":"2020-05-13T14:10:07","guid":{"rendered":"https:\/\/abarevegan.com.br\/index.php\/2020\/05\/13\/detentos-abrem-cela-com-chave-artesanal-e-fogem-de-presidio\/"},"modified":"2020-05-13T14:10:07","modified_gmt":"2020-05-13T14:10:07","slug":"detentos-abrem-cela-com-chave-artesanal-e-fogem-de-presidio","status":"publish","type":"post","link":"https:\/\/nk7-testes.com.br\/agazeta\/detentos-abrem-cela-com-chave-artesanal-e-fogem-de-presidio\/","title":{"rendered":"Detentos abrem cela com chave artesanal e fogem de pres\u00eddio"},"content":{"rendered":"<p style=\"text-align: justify;\"><span style=\"font-size: 13.2px;\">Tr\u00eas foram capturados ainda na unidade e dois est\u00e3o foragidos<\/span><\/p>\n<p style=\"text-align: justify;\">Mais uma tentativa de fuga foi registrada em um pres\u00eddio do Acre. A a\u00e7\u00e3o de cinco detentos ocorreu na Unidade Penitenci\u00e1ria do Quinari, em Senador Guiomard, na noite desta ter\u00e7a-feira (12).<\/p>\n<p style=\"text-align: justify;\">De acordo com o Instituto de Administra\u00e7\u00e3o Penitenci\u00e1ria do Acre (Iapen), os presos cumpriam isolamento por apresentarem sintomas da Covid-19. Eles teriam usado uma chave artesanal para abrir a cela durante a troca de plant\u00e3o dos policiais penais.<\/p>\n<p style=\"text-align: justify;\">Dos cinco, dois foram capturados ainda dentro da unidade prisional e outro foi abordado j\u00e1 na parte externa. Os detentos Jhon Kenedy Souza Barbosa e Nelinho Ferreira Lima conseguiram escapar e est\u00e3o foragidos.<\/p>\n<p style=\"text-align: justify;\">O Iapen informou que os cinco receberam resultado negativo para os exames. Os presos capturados ser\u00e3o encaminhados para o isolamento preventivo e devem responder procedimento administrativo disciplinar.<\/p>\n","protected":false},"excerpt":{"rendered":"<p style=\"text-align: justify;\"><span style=\"font-size: 13.2px;\">Tr\u00eas foram capturados ainda na unidade e dois est\u00e3o foragidos<\/span><\/p>\n","protected":false},"author":4,"featured_media":47786,"comment_status":"open","ping_status":"open","sticky":false,"template":"","format":"standard","meta":{"jnews-multi-image_gallery":[],"jnews_single_post":[],"jnews_primary_category":[],"jnews_social_meta":[],"jnews_review":[],"enable_review":"","type":"","name":"","summary":"","brand":"","sku":"","good":[],"bad":[],"score_override":"","override_value":"","rating":[],"price":[],"footnotes":""},"categories":[44],"tags":[],"class_list":["post-47787","post","type-post","status-publish","format-standard","has-post-thumbnail","hentry","category-policia"],"yoast_head":"<!-- This site is optimized with the Yoast SEO plugin v26.5 - https:\/\/yoast.com\/wordpress\/plugins\/seo\/ -->\n<title>Detentos abrem cela com chave artesanal e fogem de pres\u00eddio - Agazeta.net<\/title>\n<meta name=\"robots\" content=\"index, follow, max-snippet:-1, max-image-preview:large, max-video-preview:-1\" \/>\n<link rel=\"canonical\" href=\"https:\/\/nk7-testes.com.br\/agazeta\/detentos-abrem-cela-com-chave-artesanal-e-fogem-de-presidio\/\" \/>\n<meta property=\"og:locale\" content=\"pt_BR\" \/>\n<meta property=\"og:type\" content=\"article\" \/>\n<meta property=\"og:title\" content=\"Detentos abrem cela com chave artesanal e fogem de pres\u00eddio - Agazeta.net\" \/>\n<meta property=\"og:description\" content=\"Tr\u00eas foram capturados ainda na unidade e dois est\u00e3o foragidos\" \/>\n<meta property=\"og:url\" content=\"https:\/\/nk7-testes.com.br\/agazeta\/detentos-abrem-cela-com-chave-artesanal-e-fogem-de-presidio\/\" \/>\n<meta property=\"og:site_name\" content=\"Agazeta.net\" \/>\n<meta property=\"article:published_time\" content=\"2020-05-13T14:10:07+00:00\" \/>\n<meta property=\"og:image\" content=\"https:\/\/nk7-testes.com.br\/agazeta\/wp-content\/uploads\/2020\/05\/13-05-20_detentos.jpeg\" \/>\n\t<meta property=\"og:image:width\" content=\"458\" \/>\n\t<meta property=\"og:image:height\" content=\"340\" \/>\n\t<meta property=\"og:image:type\" content=\"image\/jpeg\" \/>\n<meta name=\"author\" content=\"Agazeta.Net\" \/>\n<meta name=\"twitter:card\" content=\"summary_large_image\" \/>\n<meta name=\"twitter:label1\" content=\"Escrito por\" \/>\n\t<meta name=\"twitter:data1\" content=\"Agazeta.Net\" \/>\n\t<meta name=\"twitter:label2\" content=\"Est. tempo de leitura\" \/>\n\t<meta name=\"twitter:data2\" content=\"1 minuto\" \/>\n<script type=\"application\/ld+json\" class=\"yoast-schema-graph\">{\"@context\":\"https:\/\/schema.org\",\"@graph\":[{\"@type\":\"WebPage\",\"@id\":\"https:\/\/nk7-testes.com.br\/agazeta\/detentos-abrem-cela-com-chave-artesanal-e-fogem-de-presidio\/\",\"url\":\"https:\/\/nk7-testes.com.br\/agazeta\/detentos-abrem-cela-com-chave-artesanal-e-fogem-de-presidio\/\",\"name\":\"Detentos abrem cela com chave artesanal e fogem de pres\u00eddio - Agazeta.net\",\"isPartOf\":{\"@id\":\"https:\/\/nk7-testes.com.br\/agazeta\/#website\"},\"primaryImageOfPage\":{\"@id\":\"https:\/\/nk7-testes.com.br\/agazeta\/detentos-abrem-cela-com-chave-artesanal-e-fogem-de-presidio\/#primaryimage\"},\"image\":{\"@id\":\"https:\/\/nk7-testes.com.br\/agazeta\/detentos-abrem-cela-com-chave-artesanal-e-fogem-de-presidio\/#primaryimage\"},\"thumbnailUrl\":\"https:\/\/nk7-testes.com.br\/agazeta\/wp-content\/uploads\/2020\/05\/13-05-20_detentos.jpeg\",\"datePublished\":\"2020-05-13T14:10:07+00:00\",\"author\":{\"@id\":\"https:\/\/nk7-testes.com.br\/agazeta\/#\/schema\/person\/ff6b39d54d6973bfc57f4140f659b23f\"},\"breadcrumb\":{\"@id\":\"https:\/\/nk7-testes.com.br\/agazeta\/detentos-abrem-cela-com-chave-artesanal-e-fogem-de-presidio\/#breadcrumb\"},\"inLanguage\":\"pt-BR\",\"potentialAction\":[{\"@type\":\"ReadAction\",\"target\":[\"https:\/\/nk7-testes.com.br\/agazeta\/detentos-abrem-cela-com-chave-artesanal-e-fogem-de-presidio\/\"]}]},{\"@type\":\"ImageObject\",\"inLanguage\":\"pt-BR\",\"@id\":\"https:\/\/nk7-testes.com.br\/agazeta\/detentos-abrem-cela-com-chave-artesanal-e-fogem-de-presidio\/#primaryimage\",\"url\":\"https:\/\/nk7-testes.com.br\/agazeta\/wp-content\/uploads\/2020\/05\/13-05-20_detentos.jpeg\",\"contentUrl\":\"https:\/\/nk7-testes.com.br\/agazeta\/wp-content\/uploads\/2020\/05\/13-05-20_detentos.jpeg\",\"width\":458,\"height\":340,\"caption\":\"13-05-20 detentos\"},{\"@type\":\"BreadcrumbList\",\"@id\":\"https:\/\/nk7-testes.com.br\/agazeta\/detentos-abrem-cela-com-chave-artesanal-e-fogem-de-presidio\/#breadcrumb\",\"itemListElement\":[{\"@type\":\"ListItem\",\"position\":1,\"name\":\"In\u00edcio\",\"item\":\"https:\/\/nk7-testes.com.br\/agazeta\/\"},{\"@type\":\"ListItem\",\"position\":2,\"name\":\"Detentos abrem cela com chave artesanal e fogem de pres\u00eddio\"}]},{\"@type\":\"WebSite\",\"@id\":\"https:\/\/nk7-testes.com.br\/agazeta\/#website\",\"url\":\"https:\/\/nk7-testes.com.br\/agazeta\/\",\"name\":\"Agazeta.net\",\"description\":\"Agazeta.net - Not\u00edcias de Rio Branco\/AC\",\"potentialAction\":[{\"@type\":\"SearchAction\",\"target\":{\"@type\":\"EntryPoint\",\"urlTemplate\":\"https:\/\/nk7-testes.com.br\/agazeta\/?s={search_term_string}\"},\"query-input\":{\"@type\":\"PropertyValueSpecification\",\"valueRequired\":true,\"valueName\":\"search_term_string\"}}],\"inLanguage\":\"pt-BR\"},{\"@type\":\"Person\",\"@id\":\"https:\/\/nk7-testes.com.br\/agazeta\/#\/schema\/person\/ff6b39d54d6973bfc57f4140f659b23f\",\"name\":\"Agazeta.Net\",\"url\":\"https:\/\/nk7-testes.com.br\/agazeta\/author\/agazeta\/\"}]}<\/script>\n<!-- \/ Yoast SEO plugin. -->","yoast_head_json":{"title":"Detentos abrem cela com chave artesanal e fogem de pres\u00eddio - Agazeta.net","robots":{"index":"index","follow":"follow","max-snippet":"max-snippet:-1","max-image-preview":"max-image-preview:large","max-video-preview":"max-video-preview:-1"},"canonical":"https:\/\/nk7-testes.com.br\/agazeta\/detentos-abrem-cela-com-chave-artesanal-e-fogem-de-presidio\/","og_locale":"pt_BR","og_type":"article","og_title":"Detentos abrem cela com chave artesanal e fogem de pres\u00eddio - Agazeta.net","og_description":"Tr\u00eas foram capturados ainda na unidade e dois est\u00e3o foragidos","og_url":"https:\/\/nk7-testes.com.br\/agazeta\/detentos-abrem-cela-com-chave-artesanal-e-fogem-de-presidio\/","og_site_name":"Agazeta.net","article_published_time":"2020-05-13T14:10:07+00:00","og_image":[{"width":458,"height":340,"url":"https:\/\/nk7-testes.com.br\/agazeta\/wp-content\/uploads\/2020\/05\/13-05-20_detentos.jpeg","type":"image\/jpeg"}],"author":"Agazeta.Net","twitter_card":"summary_large_image","twitter_misc":{"Escrito por":"Agazeta.Net","Est. tempo de leitura":"1 minuto"},"schema":{"@context":"https:\/\/schema.org","@graph":[{"@type":"WebPage","@id":"https:\/\/nk7-testes.com.br\/agazeta\/detentos-abrem-cela-com-chave-artesanal-e-fogem-de-presidio\/","url":"https:\/\/nk7-testes.com.br\/agazeta\/detentos-abrem-cela-com-chave-artesanal-e-fogem-de-presidio\/","name":"Detentos abrem cela com chave artesanal e fogem de pres\u00eddio - Agazeta.net","isPartOf":{"@id":"https:\/\/nk7-testes.com.br\/agazeta\/#website"},"primaryImageOfPage":{"@id":"https:\/\/nk7-testes.com.br\/agazeta\/detentos-abrem-cela-com-chave-artesanal-e-fogem-de-presidio\/#primaryimage"},"image":{"@id":"https:\/\/nk7-testes.com.br\/agazeta\/detentos-abrem-cela-com-chave-artesanal-e-fogem-de-presidio\/#primaryimage"},"thumbnailUrl":"https:\/\/nk7-testes.com.br\/agazeta\/wp-content\/uploads\/2020\/05\/13-05-20_detentos.jpeg","datePublished":"2020-05-13T14:10:07+00:00","author":{"@id":"https:\/\/nk7-testes.com.br\/agazeta\/#\/schema\/person\/ff6b39d54d6973bfc57f4140f659b23f"},"breadcrumb":{"@id":"https:\/\/nk7-testes.com.br\/agazeta\/detentos-abrem-cela-com-chave-artesanal-e-fogem-de-presidio\/#breadcrumb"},"inLanguage":"pt-BR","potentialAction":[{"@type":"ReadAction","target":["https:\/\/nk7-testes.com.br\/agazeta\/detentos-abrem-cela-com-chave-artesanal-e-fogem-de-presidio\/"]}]},{"@type":"ImageObject","inLanguage":"pt-BR","@id":"https:\/\/nk7-testes.com.br\/agazeta\/detentos-abrem-cela-com-chave-artesanal-e-fogem-de-presidio\/#primaryimage","url":"https:\/\/nk7-testes.com.br\/agazeta\/wp-content\/uploads\/2020\/05\/13-05-20_detentos.jpeg","contentUrl":"https:\/\/nk7-testes.com.br\/agazeta\/wp-content\/uploads\/2020\/05\/13-05-20_detentos.jpeg","width":458,"height":340,"caption":"13-05-20 detentos"},{"@type":"BreadcrumbList","@id":"https:\/\/nk7-testes.com.br\/agazeta\/detentos-abrem-cela-com-chave-artesanal-e-fogem-de-presidio\/#breadcrumb","itemListElement":[{"@type":"ListItem","position":1,"name":"In\u00edcio","item":"https:\/\/nk7-testes.com.br\/agazeta\/"},{"@type":"ListItem","position":2,"name":"Detentos abrem cela com chave artesanal e fogem de pres\u00eddio"}]},{"@type":"WebSite","@id":"https:\/\/nk7-testes.com.br\/agazeta\/#website","url":"https:\/\/nk7-testes.com.br\/agazeta\/","name":"Agazeta.net","description":"Agazeta.net - Not\u00edcias de Rio Branco\/AC","potentialAction":[{"@type":"SearchAction","target":{"@type":"EntryPoint","urlTemplate":"https:\/\/nk7-testes.com.br\/agazeta\/?s={search_term_string}"},"query-input":{"@type":"PropertyValueSpecification","valueRequired":true,"valueName":"search_term_string"}}],"inLanguage":"pt-BR"},{"@type":"Person","@id":"https:\/\/nk7-testes.com.br\/agazeta\/#\/schema\/person\/ff6b39d54d6973bfc57f4140f659b23f","name":"Agazeta.Net","url":"https:\/\/nk7-testes.com.br\/agazeta\/author\/agazeta\/"}]}},"_links":{"self":[{"href":"https:\/\/nk7-testes.com.br\/agazeta\/wp-json\/wp\/v2\/posts\/47787","targetHints":{"allow":["GET"]}}],"collection":[{"href":"https:\/\/nk7-testes.com.br\/agazeta\/wp-json\/wp\/v2\/posts"}],"about":[{"href":"https:\/\/nk7-testes.com.br\/agazeta\/wp-json\/wp\/v2\/types\/post"}],"author":[{"embeddable":true,"href":"https:\/\/nk7-testes.com.br\/agazeta\/wp-json\/wp\/v2\/users\/4"}],"replies":[{"embeddable":true,"href":"https:\/\/nk7-testes.com.br\/agazeta\/wp-json\/wp\/v2\/comments?post=47787"}],"version-history":[{"count":0,"href":"https:\/\/nk7-testes.com.br\/agazeta\/wp-json\/wp\/v2\/posts\/47787\/revisions"}],"wp:featuredmedia":[{"embeddable":true,"href":"https:\/\/nk7-testes.com.br\/agazeta\/wp-json\/wp\/v2\/media\/47786"}],"wp:attachment":[{"href":"https:\/\/nk7-testes.com.br\/agazeta\/wp-json\/wp\/v2\/media?parent=47787"}],"wp:term":[{"taxonomy":"category","embeddable":true,"href":"https:\/\/nk7-testes.com.br\/agazeta\/wp-json\/wp\/v2\/categories?post=47787"},{"taxonomy":"post_tag","embeddable":true,"href":"https:\/\/nk7-testes.com.br\/agazeta\/wp-json\/wp\/v2\/tags?post=47787"}],"curies":[{"name":"wp","href":"https:\/\/api.w.org\/{rel}","templated":true}]}}