{"id":47765,"date":"2020-05-12T14:06:45","date_gmt":"2020-05-12T14:06:45","guid":{"rendered":"https:\/\/abarevegan.com.br\/index.php\/2020\/05\/12\/pm-prende-jovem-e-apreende-adolescente-que-furtaram-farmacia\/"},"modified":"2020-05-12T14:06:45","modified_gmt":"2020-05-12T14:06:45","slug":"pm-prende-jovem-e-apreende-adolescente-que-furtaram-farmacia","status":"publish","type":"post","link":"https:\/\/nk7-testes.com.br\/agazeta\/pm-prende-jovem-e-apreende-adolescente-que-furtaram-farmacia\/","title":{"rendered":"PM prende jovem e apreende adolescente que furtaram farm\u00e1cia"},"content":{"rendered":"<p style=\"text-align: justify;\"><span style=\"font-size: 13.2px;\">Ap\u00f3s o crime, os irm\u00e3os fugiram em um carro de aplicativo<\/span><\/p>\n<p><span style=\"font-size: 13.2px;\">A Pol\u00edcia Militar prendeu um jovem, de 18 anos, e apreendeu uma adolescente, de 16, que furtaram produtos em uma farm\u00e1cia na via Chico Mendes, 2\u00ba Distrito da capital, na noite desta segunda-feira (11).<\/span><\/p>\n<p>&nbsp;<\/p>\n<p style=\"text-align: justify;\">De acordo com informa\u00e7\u00f5es, os funcion\u00e1rios do estabelecimento acionaram a PM ap\u00f3s a a\u00e7\u00e3o da dupla. Ap\u00f3s roubar os produtos, eles sa\u00edram em um carro de aplicativo.<\/p>\n<p style=\"text-align: justify;\">Os policiais iniciaram as buscas pelos suspeitos e conseguiram localizar o ve\u00edculo. Ao revistar a bolsa da dupla foram encontradas sand\u00e1lias, produtos para cabelo e sabonetes l\u00edquidos.<\/p>\n<p style=\"text-align: justify;\">O jovem e a adolescente receberam voz de pris\u00e3o e foram conduzidos para a Delegacia de Flagrantes (Defla).<\/p>\n","protected":false},"excerpt":{"rendered":"<p style=\"text-align: justify;\"><span style=\"font-size: 13.2px;\">Ap\u00f3s o crime, os irm\u00e3os fugiram em um carro de aplicativo<\/span><\/p>\n","protected":false},"author":4,"featured_media":47764,"comment_status":"open","ping_status":"open","sticky":false,"template":"","format":"standard","meta":{"jnews-multi-image_gallery":[],"jnews_single_post":[],"jnews_primary_category":[],"jnews_social_meta":[],"jnews_review":[],"enable_review":"","type":"","name":"","summary":"","brand":"","sku":"","good":[],"bad":[],"score_override":"","override_value":"","rating":[],"price":[],"footnotes":""},"categories":[44],"tags":[],"class_list":["post-47765","post","type-post","status-publish","format-standard","has-post-thumbnail","hentry","category-policia"],"yoast_head":"<!-- This site is optimized with the Yoast SEO plugin v26.5 - https:\/\/yoast.com\/wordpress\/plugins\/seo\/ -->\n<title>PM prende jovem e apreende adolescente que furtaram farm\u00e1cia - Agazeta.net<\/title>\n<meta name=\"robots\" content=\"index, follow, max-snippet:-1, max-image-preview:large, max-video-preview:-1\" \/>\n<link rel=\"canonical\" href=\"https:\/\/nk7-testes.com.br\/agazeta\/pm-prende-jovem-e-apreende-adolescente-que-furtaram-farmacia\/\" \/>\n<meta property=\"og:locale\" content=\"pt_BR\" \/>\n<meta property=\"og:type\" content=\"article\" \/>\n<meta property=\"og:title\" content=\"PM prende jovem e apreende adolescente que furtaram farm\u00e1cia - Agazeta.net\" \/>\n<meta property=\"og:description\" content=\"Ap\u00f3s o crime, os irm\u00e3os fugiram em um carro de aplicativo\" \/>\n<meta property=\"og:url\" content=\"https:\/\/nk7-testes.com.br\/agazeta\/pm-prende-jovem-e-apreende-adolescente-que-furtaram-farmacia\/\" \/>\n<meta property=\"og:site_name\" content=\"Agazeta.net\" \/>\n<meta property=\"article:published_time\" content=\"2020-05-12T14:06:45+00:00\" \/>\n<meta property=\"og:image\" content=\"https:\/\/nk7-testes.com.br\/agazeta\/wp-content\/uploads\/2020\/05\/12-05-20_furto_farmacia.jpeg\" \/>\n\t<meta property=\"og:image:width\" content=\"453\" \/>\n\t<meta property=\"og:image:height\" content=\"340\" \/>\n\t<meta property=\"og:image:type\" content=\"image\/jpeg\" \/>\n<meta name=\"author\" content=\"Agazeta.Net\" \/>\n<meta name=\"twitter:card\" content=\"summary_large_image\" \/>\n<meta name=\"twitter:label1\" content=\"Escrito por\" \/>\n\t<meta name=\"twitter:data1\" content=\"Agazeta.Net\" \/>\n\t<meta name=\"twitter:label2\" content=\"Est. tempo de leitura\" \/>\n\t<meta name=\"twitter:data2\" content=\"1 minuto\" \/>\n<script type=\"application\/ld+json\" class=\"yoast-schema-graph\">{\"@context\":\"https:\/\/schema.org\",\"@graph\":[{\"@type\":\"WebPage\",\"@id\":\"https:\/\/nk7-testes.com.br\/agazeta\/pm-prende-jovem-e-apreende-adolescente-que-furtaram-farmacia\/\",\"url\":\"https:\/\/nk7-testes.com.br\/agazeta\/pm-prende-jovem-e-apreende-adolescente-que-furtaram-farmacia\/\",\"name\":\"PM prende jovem e apreende adolescente que furtaram farm\u00e1cia - Agazeta.net\",\"isPartOf\":{\"@id\":\"https:\/\/nk7-testes.com.br\/agazeta\/#website\"},\"primaryImageOfPage\":{\"@id\":\"https:\/\/nk7-testes.com.br\/agazeta\/pm-prende-jovem-e-apreende-adolescente-que-furtaram-farmacia\/#primaryimage\"},\"image\":{\"@id\":\"https:\/\/nk7-testes.com.br\/agazeta\/pm-prende-jovem-e-apreende-adolescente-que-furtaram-farmacia\/#primaryimage\"},\"thumbnailUrl\":\"https:\/\/nk7-testes.com.br\/agazeta\/wp-content\/uploads\/2020\/05\/12-05-20_furto_farmacia.jpeg\",\"datePublished\":\"2020-05-12T14:06:45+00:00\",\"author\":{\"@id\":\"https:\/\/nk7-testes.com.br\/agazeta\/#\/schema\/person\/ff6b39d54d6973bfc57f4140f659b23f\"},\"breadcrumb\":{\"@id\":\"https:\/\/nk7-testes.com.br\/agazeta\/pm-prende-jovem-e-apreende-adolescente-que-furtaram-farmacia\/#breadcrumb\"},\"inLanguage\":\"pt-BR\",\"potentialAction\":[{\"@type\":\"ReadAction\",\"target\":[\"https:\/\/nk7-testes.com.br\/agazeta\/pm-prende-jovem-e-apreende-adolescente-que-furtaram-farmacia\/\"]}]},{\"@type\":\"ImageObject\",\"inLanguage\":\"pt-BR\",\"@id\":\"https:\/\/nk7-testes.com.br\/agazeta\/pm-prende-jovem-e-apreende-adolescente-que-furtaram-farmacia\/#primaryimage\",\"url\":\"https:\/\/nk7-testes.com.br\/agazeta\/wp-content\/uploads\/2020\/05\/12-05-20_furto_farmacia.jpeg\",\"contentUrl\":\"https:\/\/nk7-testes.com.br\/agazeta\/wp-content\/uploads\/2020\/05\/12-05-20_furto_farmacia.jpeg\",\"width\":453,\"height\":340,\"caption\":\"12-05-20 furto farm\u00e1cia\"},{\"@type\":\"BreadcrumbList\",\"@id\":\"https:\/\/nk7-testes.com.br\/agazeta\/pm-prende-jovem-e-apreende-adolescente-que-furtaram-farmacia\/#breadcrumb\",\"itemListElement\":[{\"@type\":\"ListItem\",\"position\":1,\"name\":\"In\u00edcio\",\"item\":\"https:\/\/nk7-testes.com.br\/agazeta\/\"},{\"@type\":\"ListItem\",\"position\":2,\"name\":\"PM prende jovem e apreende adolescente que furtaram farm\u00e1cia\"}]},{\"@type\":\"WebSite\",\"@id\":\"https:\/\/nk7-testes.com.br\/agazeta\/#website\",\"url\":\"https:\/\/nk7-testes.com.br\/agazeta\/\",\"name\":\"Agazeta.net\",\"description\":\"Agazeta.net - Not\u00edcias de Rio Branco\/AC\",\"potentialAction\":[{\"@type\":\"SearchAction\",\"target\":{\"@type\":\"EntryPoint\",\"urlTemplate\":\"https:\/\/nk7-testes.com.br\/agazeta\/?s={search_term_string}\"},\"query-input\":{\"@type\":\"PropertyValueSpecification\",\"valueRequired\":true,\"valueName\":\"search_term_string\"}}],\"inLanguage\":\"pt-BR\"},{\"@type\":\"Person\",\"@id\":\"https:\/\/nk7-testes.com.br\/agazeta\/#\/schema\/person\/ff6b39d54d6973bfc57f4140f659b23f\",\"name\":\"Agazeta.Net\",\"url\":\"https:\/\/nk7-testes.com.br\/agazeta\/author\/agazeta\/\"}]}<\/script>\n<!-- \/ Yoast SEO plugin. -->","yoast_head_json":{"title":"PM prende jovem e apreende adolescente que furtaram farm\u00e1cia - Agazeta.net","robots":{"index":"index","follow":"follow","max-snippet":"max-snippet:-1","max-image-preview":"max-image-preview:large","max-video-preview":"max-video-preview:-1"},"canonical":"https:\/\/nk7-testes.com.br\/agazeta\/pm-prende-jovem-e-apreende-adolescente-que-furtaram-farmacia\/","og_locale":"pt_BR","og_type":"article","og_title":"PM prende jovem e apreende adolescente que furtaram farm\u00e1cia - Agazeta.net","og_description":"Ap\u00f3s o crime, os irm\u00e3os fugiram em um carro de aplicativo","og_url":"https:\/\/nk7-testes.com.br\/agazeta\/pm-prende-jovem-e-apreende-adolescente-que-furtaram-farmacia\/","og_site_name":"Agazeta.net","article_published_time":"2020-05-12T14:06:45+00:00","og_image":[{"width":453,"height":340,"url":"https:\/\/nk7-testes.com.br\/agazeta\/wp-content\/uploads\/2020\/05\/12-05-20_furto_farmacia.jpeg","type":"image\/jpeg"}],"author":"Agazeta.Net","twitter_card":"summary_large_image","twitter_misc":{"Escrito por":"Agazeta.Net","Est. tempo de leitura":"1 minuto"},"schema":{"@context":"https:\/\/schema.org","@graph":[{"@type":"WebPage","@id":"https:\/\/nk7-testes.com.br\/agazeta\/pm-prende-jovem-e-apreende-adolescente-que-furtaram-farmacia\/","url":"https:\/\/nk7-testes.com.br\/agazeta\/pm-prende-jovem-e-apreende-adolescente-que-furtaram-farmacia\/","name":"PM prende jovem e apreende adolescente que furtaram farm\u00e1cia - Agazeta.net","isPartOf":{"@id":"https:\/\/nk7-testes.com.br\/agazeta\/#website"},"primaryImageOfPage":{"@id":"https:\/\/nk7-testes.com.br\/agazeta\/pm-prende-jovem-e-apreende-adolescente-que-furtaram-farmacia\/#primaryimage"},"image":{"@id":"https:\/\/nk7-testes.com.br\/agazeta\/pm-prende-jovem-e-apreende-adolescente-que-furtaram-farmacia\/#primaryimage"},"thumbnailUrl":"https:\/\/nk7-testes.com.br\/agazeta\/wp-content\/uploads\/2020\/05\/12-05-20_furto_farmacia.jpeg","datePublished":"2020-05-12T14:06:45+00:00","author":{"@id":"https:\/\/nk7-testes.com.br\/agazeta\/#\/schema\/person\/ff6b39d54d6973bfc57f4140f659b23f"},"breadcrumb":{"@id":"https:\/\/nk7-testes.com.br\/agazeta\/pm-prende-jovem-e-apreende-adolescente-que-furtaram-farmacia\/#breadcrumb"},"inLanguage":"pt-BR","potentialAction":[{"@type":"ReadAction","target":["https:\/\/nk7-testes.com.br\/agazeta\/pm-prende-jovem-e-apreende-adolescente-que-furtaram-farmacia\/"]}]},{"@type":"ImageObject","inLanguage":"pt-BR","@id":"https:\/\/nk7-testes.com.br\/agazeta\/pm-prende-jovem-e-apreende-adolescente-que-furtaram-farmacia\/#primaryimage","url":"https:\/\/nk7-testes.com.br\/agazeta\/wp-content\/uploads\/2020\/05\/12-05-20_furto_farmacia.jpeg","contentUrl":"https:\/\/nk7-testes.com.br\/agazeta\/wp-content\/uploads\/2020\/05\/12-05-20_furto_farmacia.jpeg","width":453,"height":340,"caption":"12-05-20 furto farm\u00e1cia"},{"@type":"BreadcrumbList","@id":"https:\/\/nk7-testes.com.br\/agazeta\/pm-prende-jovem-e-apreende-adolescente-que-furtaram-farmacia\/#breadcrumb","itemListElement":[{"@type":"ListItem","position":1,"name":"In\u00edcio","item":"https:\/\/nk7-testes.com.br\/agazeta\/"},{"@type":"ListItem","position":2,"name":"PM prende jovem e apreende adolescente que furtaram farm\u00e1cia"}]},{"@type":"WebSite","@id":"https:\/\/nk7-testes.com.br\/agazeta\/#website","url":"https:\/\/nk7-testes.com.br\/agazeta\/","name":"Agazeta.net","description":"Agazeta.net - Not\u00edcias de Rio Branco\/AC","potentialAction":[{"@type":"SearchAction","target":{"@type":"EntryPoint","urlTemplate":"https:\/\/nk7-testes.com.br\/agazeta\/?s={search_term_string}"},"query-input":{"@type":"PropertyValueSpecification","valueRequired":true,"valueName":"search_term_string"}}],"inLanguage":"pt-BR"},{"@type":"Person","@id":"https:\/\/nk7-testes.com.br\/agazeta\/#\/schema\/person\/ff6b39d54d6973bfc57f4140f659b23f","name":"Agazeta.Net","url":"https:\/\/nk7-testes.com.br\/agazeta\/author\/agazeta\/"}]}},"_links":{"self":[{"href":"https:\/\/nk7-testes.com.br\/agazeta\/wp-json\/wp\/v2\/posts\/47765","targetHints":{"allow":["GET"]}}],"collection":[{"href":"https:\/\/nk7-testes.com.br\/agazeta\/wp-json\/wp\/v2\/posts"}],"about":[{"href":"https:\/\/nk7-testes.com.br\/agazeta\/wp-json\/wp\/v2\/types\/post"}],"author":[{"embeddable":true,"href":"https:\/\/nk7-testes.com.br\/agazeta\/wp-json\/wp\/v2\/users\/4"}],"replies":[{"embeddable":true,"href":"https:\/\/nk7-testes.com.br\/agazeta\/wp-json\/wp\/v2\/comments?post=47765"}],"version-history":[{"count":0,"href":"https:\/\/nk7-testes.com.br\/agazeta\/wp-json\/wp\/v2\/posts\/47765\/revisions"}],"wp:featuredmedia":[{"embeddable":true,"href":"https:\/\/nk7-testes.com.br\/agazeta\/wp-json\/wp\/v2\/media\/47764"}],"wp:attachment":[{"href":"https:\/\/nk7-testes.com.br\/agazeta\/wp-json\/wp\/v2\/media?parent=47765"}],"wp:term":[{"taxonomy":"category","embeddable":true,"href":"https:\/\/nk7-testes.com.br\/agazeta\/wp-json\/wp\/v2\/categories?post=47765"},{"taxonomy":"post_tag","embeddable":true,"href":"https:\/\/nk7-testes.com.br\/agazeta\/wp-json\/wp\/v2\/tags?post=47765"}],"curies":[{"name":"wp","href":"https:\/\/api.w.org\/{rel}","templated":true}]}}