{"id":47733,"date":"2020-05-09T14:26:23","date_gmt":"2020-05-09T14:26:23","guid":{"rendered":"https:\/\/abarevegan.com.br\/index.php\/2020\/05\/09\/homem-e-executado-com-tiro-na-cabeca-no-ramal-castanheira\/"},"modified":"2020-05-09T14:26:23","modified_gmt":"2020-05-09T14:26:23","slug":"homem-e-executado-com-tiro-na-cabeca-no-ramal-castanheira","status":"publish","type":"post","link":"https:\/\/nk7-testes.com.br\/agazeta\/homem-e-executado-com-tiro-na-cabeca-no-ramal-castanheira\/","title":{"rendered":"Homem \u00e9 executado com tiro na cabe\u00e7a, no Ramal Castanheira"},"content":{"rendered":"<p style=\"text-align: justify;\"><span style=\"font-size: 13.2px;\">Uma crian\u00e7a tamb\u00e9m ficou ferida por estilha\u00e7os do disparo<\/span><\/p>\n<p style=\"text-align: justify;\">Um homic\u00eddio foi registrado na noite desta sexta-feira (8), no Ramal da Castanheira, 2\u00ba Distrito de Rio Branco. A v\u00edtima foi identificada como Anderson Carneiro, de 21 anos.<\/p>\n<p style=\"text-align: justify;\">De acordo com informa\u00e7\u00f5es, ele caminhava em via p\u00fablica, quando os suspeitos se aproximaram em um carro, e desceram do ve\u00edculo j\u00e1 efetuando os disparos.<\/p>\n<p style=\"text-align: justify;\">Anderson tentou fugir, mas foi atingido. Ao cair no ch\u00e3o ele ainda foi alvejado com um tiro na cabe\u00e7a. Os estilha\u00e7os da muni\u00e7\u00e3o ainda feriram uma crian\u00e7a que estava pr\u00f3ximo ao local.<\/p>\n<p style=\"text-align: justify;\">Ap\u00f3s a a\u00e7\u00e3o criminosa, os suspeitos fugiram do local. O Servi\u00e7o de Atendimento M\u00f3vel de Urg\u00eancia (Samu) chegou a ser acionado, mas o homem n\u00e3o havia resistido aos ferimentos. A crian\u00e7a teve ferimentos leves e recebeu atendimento no local.<\/p>\n<p style=\"text-align: justify;\">A Pol\u00edcia Militar tamb\u00e9m foi acionada e foi ao local para colher informa\u00e7\u00f5es sobre os criminosos. Buscas foram feitas na regi\u00e3o, mas nenhum suspeito foi preso. As investiga\u00e7\u00f5es ficam a cargo da Delegacia de Homic\u00eddios e Prote\u00e7\u00e3o \u00e0 Pessoa (DHPP).<\/p>\n","protected":false},"excerpt":{"rendered":"<p style=\"text-align: justify;\"><span style=\"font-size: 13.2px;\">Uma crian\u00e7a tamb\u00e9m ficou ferida por estilha\u00e7os do disparo<\/span><\/p>\n","protected":false},"author":4,"featured_media":47732,"comment_status":"open","ping_status":"open","sticky":false,"template":"","format":"standard","meta":{"jnews-multi-image_gallery":[],"jnews_single_post":[],"jnews_primary_category":[],"jnews_social_meta":[],"jnews_review":[],"enable_review":"","type":"","name":"","summary":"","brand":"","sku":"","good":[],"bad":[],"score_override":"","override_value":"","rating":[],"price":[],"footnotes":""},"categories":[44],"tags":[],"class_list":["post-47733","post","type-post","status-publish","format-standard","has-post-thumbnail","hentry","category-policia"],"yoast_head":"<!-- This site is optimized with the Yoast SEO plugin v26.5 - https:\/\/yoast.com\/wordpress\/plugins\/seo\/ -->\n<title>Homem \u00e9 executado com tiro na cabe\u00e7a, no Ramal Castanheira - Agazeta.net<\/title>\n<meta name=\"robots\" content=\"index, follow, max-snippet:-1, max-image-preview:large, max-video-preview:-1\" \/>\n<link rel=\"canonical\" href=\"https:\/\/nk7-testes.com.br\/agazeta\/homem-e-executado-com-tiro-na-cabeca-no-ramal-castanheira\/\" \/>\n<meta property=\"og:locale\" content=\"pt_BR\" \/>\n<meta property=\"og:type\" content=\"article\" \/>\n<meta property=\"og:title\" content=\"Homem \u00e9 executado com tiro na cabe\u00e7a, no Ramal Castanheira - Agazeta.net\" \/>\n<meta property=\"og:description\" content=\"Uma crian\u00e7a tamb\u00e9m ficou ferida por estilha\u00e7os do disparo\" \/>\n<meta property=\"og:url\" content=\"https:\/\/nk7-testes.com.br\/agazeta\/homem-e-executado-com-tiro-na-cabeca-no-ramal-castanheira\/\" \/>\n<meta property=\"og:site_name\" content=\"Agazeta.net\" \/>\n<meta property=\"article:published_time\" content=\"2020-05-09T14:26:23+00:00\" \/>\n<meta property=\"og:image\" content=\"https:\/\/nk7-testes.com.br\/agazeta\/wp-content\/uploads\/2020\/05\/09-05-20_vitima.jpg\" \/>\n\t<meta property=\"og:image:width\" content=\"458\" \/>\n\t<meta property=\"og:image:height\" content=\"340\" \/>\n\t<meta property=\"og:image:type\" content=\"image\/jpeg\" \/>\n<meta name=\"author\" content=\"Agazeta.Net\" \/>\n<meta name=\"twitter:card\" content=\"summary_large_image\" \/>\n<meta name=\"twitter:label1\" content=\"Escrito por\" \/>\n\t<meta name=\"twitter:data1\" content=\"Agazeta.Net\" \/>\n\t<meta name=\"twitter:label2\" content=\"Est. tempo de leitura\" \/>\n\t<meta name=\"twitter:data2\" content=\"1 minuto\" \/>\n<script type=\"application\/ld+json\" class=\"yoast-schema-graph\">{\"@context\":\"https:\/\/schema.org\",\"@graph\":[{\"@type\":\"WebPage\",\"@id\":\"https:\/\/nk7-testes.com.br\/agazeta\/homem-e-executado-com-tiro-na-cabeca-no-ramal-castanheira\/\",\"url\":\"https:\/\/nk7-testes.com.br\/agazeta\/homem-e-executado-com-tiro-na-cabeca-no-ramal-castanheira\/\",\"name\":\"Homem \u00e9 executado com tiro na cabe\u00e7a, no Ramal Castanheira - Agazeta.net\",\"isPartOf\":{\"@id\":\"https:\/\/nk7-testes.com.br\/agazeta\/#website\"},\"primaryImageOfPage\":{\"@id\":\"https:\/\/nk7-testes.com.br\/agazeta\/homem-e-executado-com-tiro-na-cabeca-no-ramal-castanheira\/#primaryimage\"},\"image\":{\"@id\":\"https:\/\/nk7-testes.com.br\/agazeta\/homem-e-executado-com-tiro-na-cabeca-no-ramal-castanheira\/#primaryimage\"},\"thumbnailUrl\":\"https:\/\/nk7-testes.com.br\/agazeta\/wp-content\/uploads\/2020\/05\/09-05-20_vitima.jpg\",\"datePublished\":\"2020-05-09T14:26:23+00:00\",\"author\":{\"@id\":\"https:\/\/nk7-testes.com.br\/agazeta\/#\/schema\/person\/ff6b39d54d6973bfc57f4140f659b23f\"},\"breadcrumb\":{\"@id\":\"https:\/\/nk7-testes.com.br\/agazeta\/homem-e-executado-com-tiro-na-cabeca-no-ramal-castanheira\/#breadcrumb\"},\"inLanguage\":\"pt-BR\",\"potentialAction\":[{\"@type\":\"ReadAction\",\"target\":[\"https:\/\/nk7-testes.com.br\/agazeta\/homem-e-executado-com-tiro-na-cabeca-no-ramal-castanheira\/\"]}]},{\"@type\":\"ImageObject\",\"inLanguage\":\"pt-BR\",\"@id\":\"https:\/\/nk7-testes.com.br\/agazeta\/homem-e-executado-com-tiro-na-cabeca-no-ramal-castanheira\/#primaryimage\",\"url\":\"https:\/\/nk7-testes.com.br\/agazeta\/wp-content\/uploads\/2020\/05\/09-05-20_vitima.jpg\",\"contentUrl\":\"https:\/\/nk7-testes.com.br\/agazeta\/wp-content\/uploads\/2020\/05\/09-05-20_vitima.jpg\",\"width\":458,\"height\":340,\"caption\":\"09-05-20 v\u00edtima\"},{\"@type\":\"BreadcrumbList\",\"@id\":\"https:\/\/nk7-testes.com.br\/agazeta\/homem-e-executado-com-tiro-na-cabeca-no-ramal-castanheira\/#breadcrumb\",\"itemListElement\":[{\"@type\":\"ListItem\",\"position\":1,\"name\":\"In\u00edcio\",\"item\":\"https:\/\/nk7-testes.com.br\/agazeta\/\"},{\"@type\":\"ListItem\",\"position\":2,\"name\":\"Homem \u00e9 executado com tiro na cabe\u00e7a, no Ramal Castanheira\"}]},{\"@type\":\"WebSite\",\"@id\":\"https:\/\/nk7-testes.com.br\/agazeta\/#website\",\"url\":\"https:\/\/nk7-testes.com.br\/agazeta\/\",\"name\":\"Agazeta.net\",\"description\":\"Agazeta.net - Not\u00edcias de Rio Branco\/AC\",\"potentialAction\":[{\"@type\":\"SearchAction\",\"target\":{\"@type\":\"EntryPoint\",\"urlTemplate\":\"https:\/\/nk7-testes.com.br\/agazeta\/?s={search_term_string}\"},\"query-input\":{\"@type\":\"PropertyValueSpecification\",\"valueRequired\":true,\"valueName\":\"search_term_string\"}}],\"inLanguage\":\"pt-BR\"},{\"@type\":\"Person\",\"@id\":\"https:\/\/nk7-testes.com.br\/agazeta\/#\/schema\/person\/ff6b39d54d6973bfc57f4140f659b23f\",\"name\":\"Agazeta.Net\",\"url\":\"https:\/\/nk7-testes.com.br\/agazeta\/author\/agazeta\/\"}]}<\/script>\n<!-- \/ Yoast SEO plugin. -->","yoast_head_json":{"title":"Homem \u00e9 executado com tiro na cabe\u00e7a, no Ramal Castanheira - Agazeta.net","robots":{"index":"index","follow":"follow","max-snippet":"max-snippet:-1","max-image-preview":"max-image-preview:large","max-video-preview":"max-video-preview:-1"},"canonical":"https:\/\/nk7-testes.com.br\/agazeta\/homem-e-executado-com-tiro-na-cabeca-no-ramal-castanheira\/","og_locale":"pt_BR","og_type":"article","og_title":"Homem \u00e9 executado com tiro na cabe\u00e7a, no Ramal Castanheira - Agazeta.net","og_description":"Uma crian\u00e7a tamb\u00e9m ficou ferida por estilha\u00e7os do disparo","og_url":"https:\/\/nk7-testes.com.br\/agazeta\/homem-e-executado-com-tiro-na-cabeca-no-ramal-castanheira\/","og_site_name":"Agazeta.net","article_published_time":"2020-05-09T14:26:23+00:00","og_image":[{"width":458,"height":340,"url":"https:\/\/nk7-testes.com.br\/agazeta\/wp-content\/uploads\/2020\/05\/09-05-20_vitima.jpg","type":"image\/jpeg"}],"author":"Agazeta.Net","twitter_card":"summary_large_image","twitter_misc":{"Escrito por":"Agazeta.Net","Est. tempo de leitura":"1 minuto"},"schema":{"@context":"https:\/\/schema.org","@graph":[{"@type":"WebPage","@id":"https:\/\/nk7-testes.com.br\/agazeta\/homem-e-executado-com-tiro-na-cabeca-no-ramal-castanheira\/","url":"https:\/\/nk7-testes.com.br\/agazeta\/homem-e-executado-com-tiro-na-cabeca-no-ramal-castanheira\/","name":"Homem \u00e9 executado com tiro na cabe\u00e7a, no Ramal Castanheira - Agazeta.net","isPartOf":{"@id":"https:\/\/nk7-testes.com.br\/agazeta\/#website"},"primaryImageOfPage":{"@id":"https:\/\/nk7-testes.com.br\/agazeta\/homem-e-executado-com-tiro-na-cabeca-no-ramal-castanheira\/#primaryimage"},"image":{"@id":"https:\/\/nk7-testes.com.br\/agazeta\/homem-e-executado-com-tiro-na-cabeca-no-ramal-castanheira\/#primaryimage"},"thumbnailUrl":"https:\/\/nk7-testes.com.br\/agazeta\/wp-content\/uploads\/2020\/05\/09-05-20_vitima.jpg","datePublished":"2020-05-09T14:26:23+00:00","author":{"@id":"https:\/\/nk7-testes.com.br\/agazeta\/#\/schema\/person\/ff6b39d54d6973bfc57f4140f659b23f"},"breadcrumb":{"@id":"https:\/\/nk7-testes.com.br\/agazeta\/homem-e-executado-com-tiro-na-cabeca-no-ramal-castanheira\/#breadcrumb"},"inLanguage":"pt-BR","potentialAction":[{"@type":"ReadAction","target":["https:\/\/nk7-testes.com.br\/agazeta\/homem-e-executado-com-tiro-na-cabeca-no-ramal-castanheira\/"]}]},{"@type":"ImageObject","inLanguage":"pt-BR","@id":"https:\/\/nk7-testes.com.br\/agazeta\/homem-e-executado-com-tiro-na-cabeca-no-ramal-castanheira\/#primaryimage","url":"https:\/\/nk7-testes.com.br\/agazeta\/wp-content\/uploads\/2020\/05\/09-05-20_vitima.jpg","contentUrl":"https:\/\/nk7-testes.com.br\/agazeta\/wp-content\/uploads\/2020\/05\/09-05-20_vitima.jpg","width":458,"height":340,"caption":"09-05-20 v\u00edtima"},{"@type":"BreadcrumbList","@id":"https:\/\/nk7-testes.com.br\/agazeta\/homem-e-executado-com-tiro-na-cabeca-no-ramal-castanheira\/#breadcrumb","itemListElement":[{"@type":"ListItem","position":1,"name":"In\u00edcio","item":"https:\/\/nk7-testes.com.br\/agazeta\/"},{"@type":"ListItem","position":2,"name":"Homem \u00e9 executado com tiro na cabe\u00e7a, no Ramal Castanheira"}]},{"@type":"WebSite","@id":"https:\/\/nk7-testes.com.br\/agazeta\/#website","url":"https:\/\/nk7-testes.com.br\/agazeta\/","name":"Agazeta.net","description":"Agazeta.net - Not\u00edcias de Rio Branco\/AC","potentialAction":[{"@type":"SearchAction","target":{"@type":"EntryPoint","urlTemplate":"https:\/\/nk7-testes.com.br\/agazeta\/?s={search_term_string}"},"query-input":{"@type":"PropertyValueSpecification","valueRequired":true,"valueName":"search_term_string"}}],"inLanguage":"pt-BR"},{"@type":"Person","@id":"https:\/\/nk7-testes.com.br\/agazeta\/#\/schema\/person\/ff6b39d54d6973bfc57f4140f659b23f","name":"Agazeta.Net","url":"https:\/\/nk7-testes.com.br\/agazeta\/author\/agazeta\/"}]}},"_links":{"self":[{"href":"https:\/\/nk7-testes.com.br\/agazeta\/wp-json\/wp\/v2\/posts\/47733","targetHints":{"allow":["GET"]}}],"collection":[{"href":"https:\/\/nk7-testes.com.br\/agazeta\/wp-json\/wp\/v2\/posts"}],"about":[{"href":"https:\/\/nk7-testes.com.br\/agazeta\/wp-json\/wp\/v2\/types\/post"}],"author":[{"embeddable":true,"href":"https:\/\/nk7-testes.com.br\/agazeta\/wp-json\/wp\/v2\/users\/4"}],"replies":[{"embeddable":true,"href":"https:\/\/nk7-testes.com.br\/agazeta\/wp-json\/wp\/v2\/comments?post=47733"}],"version-history":[{"count":0,"href":"https:\/\/nk7-testes.com.br\/agazeta\/wp-json\/wp\/v2\/posts\/47733\/revisions"}],"wp:featuredmedia":[{"embeddable":true,"href":"https:\/\/nk7-testes.com.br\/agazeta\/wp-json\/wp\/v2\/media\/47732"}],"wp:attachment":[{"href":"https:\/\/nk7-testes.com.br\/agazeta\/wp-json\/wp\/v2\/media?parent=47733"}],"wp:term":[{"taxonomy":"category","embeddable":true,"href":"https:\/\/nk7-testes.com.br\/agazeta\/wp-json\/wp\/v2\/categories?post=47733"},{"taxonomy":"post_tag","embeddable":true,"href":"https:\/\/nk7-testes.com.br\/agazeta\/wp-json\/wp\/v2\/tags?post=47733"}],"curies":[{"name":"wp","href":"https:\/\/api.w.org\/{rel}","templated":true}]}}