{"id":47537,"date":"2020-04-27T12:22:44","date_gmt":"2020-04-27T12:22:44","guid":{"rendered":"https:\/\/abarevegan.com.br\/index.php\/2020\/04\/27\/motociclista-morre-em-acidente-de-transito-em-cruzeiro-do-sul\/"},"modified":"2020-04-27T12:22:44","modified_gmt":"2020-04-27T12:22:44","slug":"motociclista-morre-em-acidente-de-transito-em-cruzeiro-do-sul","status":"publish","type":"post","link":"https:\/\/nk7-testes.com.br\/agazeta\/motociclista-morre-em-acidente-de-transito-em-cruzeiro-do-sul\/","title":{"rendered":"Motociclista morre em acidente de tr\u00e2nsito em Cruzeiro do Sul"},"content":{"rendered":"<p style=\"text-align: justify;\"><span style=\"font-size: 13.2px;\">Jovem que estava na garupa ficou gravemente ferido<\/span><\/p>\n<p style=\"text-align: justify;\">Jos\u00e9 Andrade de Lima, de 36 anos, e Mateus de Lima Braga, de 19, foram v\u00edtimas de um grave acidente ocorrido na noite de s\u00e1bado (25), na Avenida Lauro M\u00fcller, em Cruzeiro do Sul.<\/p>\n<p style=\"text-align: justify;\">De acordo informa\u00e7\u00f5es, a motocicleta seguia em alta velocidade. A c\u00e2mera de um supermercado gravou o momento em que o ve\u00edculo cruzou a preferencial e colidiu na lateral de um carro.<\/p>\n<p style=\"text-align: justify;\">As duas v\u00edtimas foram socorridas pelo Servi\u00e7o de Atendimento M\u00f3vel de Urg\u00eancia (Samu), mas Jos\u00e9 n\u00e3o resistiu aos ferimentos e morreu ainda no local, Mateus foi levado ao Hospital do Juru\u00e1 em estado grave.<\/p>\n","protected":false},"excerpt":{"rendered":"<p style=\"text-align: justify;\"><span style=\"font-size: 13.2px;\">Jovem que estava na garupa ficou gravemente ferido<\/span><\/p>\n","protected":false},"author":4,"featured_media":47536,"comment_status":"open","ping_status":"open","sticky":false,"template":"","format":"standard","meta":{"jnews-multi-image_gallery":[],"jnews_single_post":[],"jnews_primary_category":[],"jnews_social_meta":[],"jnews_review":[],"enable_review":"","type":"","name":"","summary":"","brand":"","sku":"","good":[],"bad":[],"score_override":"","override_value":"","rating":[],"price":[],"footnotes":""},"categories":[44],"tags":[],"class_list":["post-47537","post","type-post","status-publish","format-standard","has-post-thumbnail","hentry","category-policia"],"yoast_head":"<!-- This site is optimized with the Yoast SEO plugin v26.5 - https:\/\/yoast.com\/wordpress\/plugins\/seo\/ -->\n<title>Motociclista morre em acidente de tr\u00e2nsito em Cruzeiro do Sul - Agazeta.net<\/title>\n<meta name=\"robots\" content=\"index, follow, max-snippet:-1, max-image-preview:large, max-video-preview:-1\" \/>\n<link rel=\"canonical\" href=\"https:\/\/nk7-testes.com.br\/agazeta\/motociclista-morre-em-acidente-de-transito-em-cruzeiro-do-sul\/\" \/>\n<meta property=\"og:locale\" content=\"pt_BR\" \/>\n<meta property=\"og:type\" content=\"article\" \/>\n<meta property=\"og:title\" content=\"Motociclista morre em acidente de tr\u00e2nsito em Cruzeiro do Sul - Agazeta.net\" \/>\n<meta property=\"og:description\" content=\"Jovem que estava na garupa ficou gravemente ferido\" \/>\n<meta property=\"og:url\" content=\"https:\/\/nk7-testes.com.br\/agazeta\/motociclista-morre-em-acidente-de-transito-em-cruzeiro-do-sul\/\" \/>\n<meta property=\"og:site_name\" content=\"Agazeta.net\" \/>\n<meta property=\"article:published_time\" content=\"2020-04-27T12:22:44+00:00\" \/>\n<meta property=\"og:image\" content=\"https:\/\/nk7-testes.com.br\/agazeta\/wp-content\/uploads\/2020\/04\/27-04-20_acidente_czs.jpeg\" \/>\n\t<meta property=\"og:image:width\" content=\"458\" \/>\n\t<meta property=\"og:image:height\" content=\"340\" \/>\n\t<meta property=\"og:image:type\" content=\"image\/jpeg\" \/>\n<meta name=\"author\" content=\"Agazeta.Net\" \/>\n<meta name=\"twitter:card\" content=\"summary_large_image\" \/>\n<meta name=\"twitter:label1\" content=\"Escrito por\" \/>\n\t<meta name=\"twitter:data1\" content=\"Agazeta.Net\" \/>\n\t<meta name=\"twitter:label2\" content=\"Est. tempo de leitura\" \/>\n\t<meta name=\"twitter:data2\" content=\"1 minuto\" \/>\n<script type=\"application\/ld+json\" class=\"yoast-schema-graph\">{\"@context\":\"https:\/\/schema.org\",\"@graph\":[{\"@type\":\"WebPage\",\"@id\":\"https:\/\/nk7-testes.com.br\/agazeta\/motociclista-morre-em-acidente-de-transito-em-cruzeiro-do-sul\/\",\"url\":\"https:\/\/nk7-testes.com.br\/agazeta\/motociclista-morre-em-acidente-de-transito-em-cruzeiro-do-sul\/\",\"name\":\"Motociclista morre em acidente de tr\u00e2nsito em Cruzeiro do Sul - Agazeta.net\",\"isPartOf\":{\"@id\":\"https:\/\/nk7-testes.com.br\/agazeta\/#website\"},\"primaryImageOfPage\":{\"@id\":\"https:\/\/nk7-testes.com.br\/agazeta\/motociclista-morre-em-acidente-de-transito-em-cruzeiro-do-sul\/#primaryimage\"},\"image\":{\"@id\":\"https:\/\/nk7-testes.com.br\/agazeta\/motociclista-morre-em-acidente-de-transito-em-cruzeiro-do-sul\/#primaryimage\"},\"thumbnailUrl\":\"https:\/\/nk7-testes.com.br\/agazeta\/wp-content\/uploads\/2020\/04\/27-04-20_acidente_czs.jpeg\",\"datePublished\":\"2020-04-27T12:22:44+00:00\",\"author\":{\"@id\":\"https:\/\/nk7-testes.com.br\/agazeta\/#\/schema\/person\/ff6b39d54d6973bfc57f4140f659b23f\"},\"breadcrumb\":{\"@id\":\"https:\/\/nk7-testes.com.br\/agazeta\/motociclista-morre-em-acidente-de-transito-em-cruzeiro-do-sul\/#breadcrumb\"},\"inLanguage\":\"pt-BR\",\"potentialAction\":[{\"@type\":\"ReadAction\",\"target\":[\"https:\/\/nk7-testes.com.br\/agazeta\/motociclista-morre-em-acidente-de-transito-em-cruzeiro-do-sul\/\"]}]},{\"@type\":\"ImageObject\",\"inLanguage\":\"pt-BR\",\"@id\":\"https:\/\/nk7-testes.com.br\/agazeta\/motociclista-morre-em-acidente-de-transito-em-cruzeiro-do-sul\/#primaryimage\",\"url\":\"https:\/\/nk7-testes.com.br\/agazeta\/wp-content\/uploads\/2020\/04\/27-04-20_acidente_czs.jpeg\",\"contentUrl\":\"https:\/\/nk7-testes.com.br\/agazeta\/wp-content\/uploads\/2020\/04\/27-04-20_acidente_czs.jpeg\",\"width\":458,\"height\":340,\"caption\":\"27-04-20 acidente czs\"},{\"@type\":\"BreadcrumbList\",\"@id\":\"https:\/\/nk7-testes.com.br\/agazeta\/motociclista-morre-em-acidente-de-transito-em-cruzeiro-do-sul\/#breadcrumb\",\"itemListElement\":[{\"@type\":\"ListItem\",\"position\":1,\"name\":\"In\u00edcio\",\"item\":\"https:\/\/nk7-testes.com.br\/agazeta\/\"},{\"@type\":\"ListItem\",\"position\":2,\"name\":\"Motociclista morre em acidente de tr\u00e2nsito em Cruzeiro do Sul\"}]},{\"@type\":\"WebSite\",\"@id\":\"https:\/\/nk7-testes.com.br\/agazeta\/#website\",\"url\":\"https:\/\/nk7-testes.com.br\/agazeta\/\",\"name\":\"Agazeta.net\",\"description\":\"Agazeta.net - Not\u00edcias de Rio Branco\/AC\",\"potentialAction\":[{\"@type\":\"SearchAction\",\"target\":{\"@type\":\"EntryPoint\",\"urlTemplate\":\"https:\/\/nk7-testes.com.br\/agazeta\/?s={search_term_string}\"},\"query-input\":{\"@type\":\"PropertyValueSpecification\",\"valueRequired\":true,\"valueName\":\"search_term_string\"}}],\"inLanguage\":\"pt-BR\"},{\"@type\":\"Person\",\"@id\":\"https:\/\/nk7-testes.com.br\/agazeta\/#\/schema\/person\/ff6b39d54d6973bfc57f4140f659b23f\",\"name\":\"Agazeta.Net\",\"url\":\"https:\/\/nk7-testes.com.br\/agazeta\/author\/agazeta\/\"}]}<\/script>\n<!-- \/ Yoast SEO plugin. -->","yoast_head_json":{"title":"Motociclista morre em acidente de tr\u00e2nsito em Cruzeiro do Sul - Agazeta.net","robots":{"index":"index","follow":"follow","max-snippet":"max-snippet:-1","max-image-preview":"max-image-preview:large","max-video-preview":"max-video-preview:-1"},"canonical":"https:\/\/nk7-testes.com.br\/agazeta\/motociclista-morre-em-acidente-de-transito-em-cruzeiro-do-sul\/","og_locale":"pt_BR","og_type":"article","og_title":"Motociclista morre em acidente de tr\u00e2nsito em Cruzeiro do Sul - Agazeta.net","og_description":"Jovem que estava na garupa ficou gravemente ferido","og_url":"https:\/\/nk7-testes.com.br\/agazeta\/motociclista-morre-em-acidente-de-transito-em-cruzeiro-do-sul\/","og_site_name":"Agazeta.net","article_published_time":"2020-04-27T12:22:44+00:00","og_image":[{"width":458,"height":340,"url":"https:\/\/nk7-testes.com.br\/agazeta\/wp-content\/uploads\/2020\/04\/27-04-20_acidente_czs.jpeg","type":"image\/jpeg"}],"author":"Agazeta.Net","twitter_card":"summary_large_image","twitter_misc":{"Escrito por":"Agazeta.Net","Est. tempo de leitura":"1 minuto"},"schema":{"@context":"https:\/\/schema.org","@graph":[{"@type":"WebPage","@id":"https:\/\/nk7-testes.com.br\/agazeta\/motociclista-morre-em-acidente-de-transito-em-cruzeiro-do-sul\/","url":"https:\/\/nk7-testes.com.br\/agazeta\/motociclista-morre-em-acidente-de-transito-em-cruzeiro-do-sul\/","name":"Motociclista morre em acidente de tr\u00e2nsito em Cruzeiro do Sul - Agazeta.net","isPartOf":{"@id":"https:\/\/nk7-testes.com.br\/agazeta\/#website"},"primaryImageOfPage":{"@id":"https:\/\/nk7-testes.com.br\/agazeta\/motociclista-morre-em-acidente-de-transito-em-cruzeiro-do-sul\/#primaryimage"},"image":{"@id":"https:\/\/nk7-testes.com.br\/agazeta\/motociclista-morre-em-acidente-de-transito-em-cruzeiro-do-sul\/#primaryimage"},"thumbnailUrl":"https:\/\/nk7-testes.com.br\/agazeta\/wp-content\/uploads\/2020\/04\/27-04-20_acidente_czs.jpeg","datePublished":"2020-04-27T12:22:44+00:00","author":{"@id":"https:\/\/nk7-testes.com.br\/agazeta\/#\/schema\/person\/ff6b39d54d6973bfc57f4140f659b23f"},"breadcrumb":{"@id":"https:\/\/nk7-testes.com.br\/agazeta\/motociclista-morre-em-acidente-de-transito-em-cruzeiro-do-sul\/#breadcrumb"},"inLanguage":"pt-BR","potentialAction":[{"@type":"ReadAction","target":["https:\/\/nk7-testes.com.br\/agazeta\/motociclista-morre-em-acidente-de-transito-em-cruzeiro-do-sul\/"]}]},{"@type":"ImageObject","inLanguage":"pt-BR","@id":"https:\/\/nk7-testes.com.br\/agazeta\/motociclista-morre-em-acidente-de-transito-em-cruzeiro-do-sul\/#primaryimage","url":"https:\/\/nk7-testes.com.br\/agazeta\/wp-content\/uploads\/2020\/04\/27-04-20_acidente_czs.jpeg","contentUrl":"https:\/\/nk7-testes.com.br\/agazeta\/wp-content\/uploads\/2020\/04\/27-04-20_acidente_czs.jpeg","width":458,"height":340,"caption":"27-04-20 acidente czs"},{"@type":"BreadcrumbList","@id":"https:\/\/nk7-testes.com.br\/agazeta\/motociclista-morre-em-acidente-de-transito-em-cruzeiro-do-sul\/#breadcrumb","itemListElement":[{"@type":"ListItem","position":1,"name":"In\u00edcio","item":"https:\/\/nk7-testes.com.br\/agazeta\/"},{"@type":"ListItem","position":2,"name":"Motociclista morre em acidente de tr\u00e2nsito em Cruzeiro do Sul"}]},{"@type":"WebSite","@id":"https:\/\/nk7-testes.com.br\/agazeta\/#website","url":"https:\/\/nk7-testes.com.br\/agazeta\/","name":"Agazeta.net","description":"Agazeta.net - Not\u00edcias de Rio Branco\/AC","potentialAction":[{"@type":"SearchAction","target":{"@type":"EntryPoint","urlTemplate":"https:\/\/nk7-testes.com.br\/agazeta\/?s={search_term_string}"},"query-input":{"@type":"PropertyValueSpecification","valueRequired":true,"valueName":"search_term_string"}}],"inLanguage":"pt-BR"},{"@type":"Person","@id":"https:\/\/nk7-testes.com.br\/agazeta\/#\/schema\/person\/ff6b39d54d6973bfc57f4140f659b23f","name":"Agazeta.Net","url":"https:\/\/nk7-testes.com.br\/agazeta\/author\/agazeta\/"}]}},"_links":{"self":[{"href":"https:\/\/nk7-testes.com.br\/agazeta\/wp-json\/wp\/v2\/posts\/47537","targetHints":{"allow":["GET"]}}],"collection":[{"href":"https:\/\/nk7-testes.com.br\/agazeta\/wp-json\/wp\/v2\/posts"}],"about":[{"href":"https:\/\/nk7-testes.com.br\/agazeta\/wp-json\/wp\/v2\/types\/post"}],"author":[{"embeddable":true,"href":"https:\/\/nk7-testes.com.br\/agazeta\/wp-json\/wp\/v2\/users\/4"}],"replies":[{"embeddable":true,"href":"https:\/\/nk7-testes.com.br\/agazeta\/wp-json\/wp\/v2\/comments?post=47537"}],"version-history":[{"count":0,"href":"https:\/\/nk7-testes.com.br\/agazeta\/wp-json\/wp\/v2\/posts\/47537\/revisions"}],"wp:featuredmedia":[{"embeddable":true,"href":"https:\/\/nk7-testes.com.br\/agazeta\/wp-json\/wp\/v2\/media\/47536"}],"wp:attachment":[{"href":"https:\/\/nk7-testes.com.br\/agazeta\/wp-json\/wp\/v2\/media?parent=47537"}],"wp:term":[{"taxonomy":"category","embeddable":true,"href":"https:\/\/nk7-testes.com.br\/agazeta\/wp-json\/wp\/v2\/categories?post=47537"},{"taxonomy":"post_tag","embeddable":true,"href":"https:\/\/nk7-testes.com.br\/agazeta\/wp-json\/wp\/v2\/tags?post=47537"}],"curies":[{"name":"wp","href":"https:\/\/api.w.org\/{rel}","templated":true}]}}