{"id":47535,"date":"2020-04-25T22:28:46","date_gmt":"2020-04-25T22:28:46","guid":{"rendered":"https:\/\/abarevegan.com.br\/index.php\/2020\/04\/25\/um-morre-e-outro-fica-ferido-apos-colisao-entre-motocicletas\/"},"modified":"2020-04-25T22:28:46","modified_gmt":"2020-04-25T22:28:46","slug":"um-morre-e-outro-fica-ferido-apos-colisao-entre-motocicletas","status":"publish","type":"post","link":"https:\/\/nk7-testes.com.br\/agazeta\/um-morre-e-outro-fica-ferido-apos-colisao-entre-motocicletas\/","title":{"rendered":"Um morre e outro fica ferido ap\u00f3s colis\u00e3o entre motocicletas"},"content":{"rendered":"<p style=\"text-align: justify;\">Acidente aconteceu na rodovia AC-40, neste s\u00e1bado<\/p>\n<p style=\"text-align: justify;\">Um acidente de tr\u00e2nsito envolvendo duas motocicletas foi registrado na manh\u00e3 deste s\u00e1bado (25), na rodovia AC-40, Segundo Distrito de Rio Branco.<\/p>\n<p style=\"text-align: justify;\">De acordo com informa\u00e7\u00f5es, os dois motociclistas trafegavam sentido centro\/bairro. O condutor Gabriel da Costa Morais, de 20 anos, colidiu contra o outro motociclista, identificado apenas como Marquinho.<\/p>\n<p style=\"text-align: justify;\">No momento da colis\u00e3o, Marquinho desviava de um buraco na via. As pessoas que passavam pelo local acionaram o Servi\u00e7o de Atendimento M\u00f3vel de Urg\u00eancia (Samu) para socorrer as v\u00edtimas.<\/p>\n<p style=\"text-align: justify;\">Gabriel n\u00e3o resistiu aos ferimentos e morreu antes de receber o socorro. Marquinho foi levado ao Pronto Socorro de Rio Branco em estado de sa\u00fade grave.<\/p>\n<p style=\"text-align: justify;\">Policiais do Batalh\u00e3o de Policiamento de Tr\u00e2nsito foram ao local e isolaram a \u00e1rea at\u00e9 a chegada do Instituto M\u00e9dico Legal (IML). Uma per\u00edcia ser\u00e1 realizada para revelar as reais&nbsp; causas do acidente.<\/p>\n","protected":false},"excerpt":{"rendered":"<p style=\"text-align: justify;\">Acidente aconteceu na rodovia AC-40, neste s\u00e1bado<\/p>\n","protected":false},"author":4,"featured_media":47534,"comment_status":"open","ping_status":"open","sticky":false,"template":"","format":"standard","meta":{"jnews-multi-image_gallery":[],"jnews_single_post":[],"jnews_primary_category":[],"jnews_social_meta":[],"jnews_review":[],"enable_review":"","type":"","name":"","summary":"","brand":"","sku":"","good":[],"bad":[],"score_override":"","override_value":"","rating":[],"price":[],"footnotes":""},"categories":[44],"tags":[],"class_list":["post-47535","post","type-post","status-publish","format-standard","has-post-thumbnail","hentry","category-policia"],"yoast_head":"<!-- This site is optimized with the Yoast SEO plugin v26.5 - https:\/\/yoast.com\/wordpress\/plugins\/seo\/ -->\n<title>Um morre e outro fica ferido ap\u00f3s colis\u00e3o entre motocicletas - Agazeta.net<\/title>\n<meta name=\"robots\" content=\"index, follow, max-snippet:-1, max-image-preview:large, max-video-preview:-1\" \/>\n<link rel=\"canonical\" href=\"https:\/\/nk7-testes.com.br\/agazeta\/um-morre-e-outro-fica-ferido-apos-colisao-entre-motocicletas\/\" \/>\n<meta property=\"og:locale\" content=\"pt_BR\" \/>\n<meta property=\"og:type\" content=\"article\" \/>\n<meta property=\"og:title\" content=\"Um morre e outro fica ferido ap\u00f3s colis\u00e3o entre motocicletas - Agazeta.net\" \/>\n<meta property=\"og:description\" content=\"Acidente aconteceu na rodovia AC-40, neste s\u00e1bado\" \/>\n<meta property=\"og:url\" content=\"https:\/\/nk7-testes.com.br\/agazeta\/um-morre-e-outro-fica-ferido-apos-colisao-entre-motocicletas\/\" \/>\n<meta property=\"og:site_name\" content=\"Agazeta.net\" \/>\n<meta property=\"article:published_time\" content=\"2020-04-25T22:28:46+00:00\" \/>\n<meta property=\"og:image\" content=\"https:\/\/nk7-testes.com.br\/agazeta\/wp-content\/uploads\/2020\/04\/25-04-20_acidente_ac40.jpg\" \/>\n\t<meta property=\"og:image:width\" content=\"457\" \/>\n\t<meta property=\"og:image:height\" content=\"340\" \/>\n\t<meta property=\"og:image:type\" content=\"image\/jpeg\" \/>\n<meta name=\"author\" content=\"Agazeta.Net\" \/>\n<meta name=\"twitter:card\" content=\"summary_large_image\" \/>\n<meta name=\"twitter:label1\" content=\"Escrito por\" \/>\n\t<meta name=\"twitter:data1\" content=\"Agazeta.Net\" \/>\n\t<meta name=\"twitter:label2\" content=\"Est. tempo de leitura\" \/>\n\t<meta name=\"twitter:data2\" content=\"1 minuto\" \/>\n<script type=\"application\/ld+json\" class=\"yoast-schema-graph\">{\"@context\":\"https:\/\/schema.org\",\"@graph\":[{\"@type\":\"WebPage\",\"@id\":\"https:\/\/nk7-testes.com.br\/agazeta\/um-morre-e-outro-fica-ferido-apos-colisao-entre-motocicletas\/\",\"url\":\"https:\/\/nk7-testes.com.br\/agazeta\/um-morre-e-outro-fica-ferido-apos-colisao-entre-motocicletas\/\",\"name\":\"Um morre e outro fica ferido ap\u00f3s colis\u00e3o entre motocicletas - Agazeta.net\",\"isPartOf\":{\"@id\":\"https:\/\/nk7-testes.com.br\/agazeta\/#website\"},\"primaryImageOfPage\":{\"@id\":\"https:\/\/nk7-testes.com.br\/agazeta\/um-morre-e-outro-fica-ferido-apos-colisao-entre-motocicletas\/#primaryimage\"},\"image\":{\"@id\":\"https:\/\/nk7-testes.com.br\/agazeta\/um-morre-e-outro-fica-ferido-apos-colisao-entre-motocicletas\/#primaryimage\"},\"thumbnailUrl\":\"https:\/\/nk7-testes.com.br\/agazeta\/wp-content\/uploads\/2020\/04\/25-04-20_acidente_ac40.jpg\",\"datePublished\":\"2020-04-25T22:28:46+00:00\",\"author\":{\"@id\":\"https:\/\/nk7-testes.com.br\/agazeta\/#\/schema\/person\/ff6b39d54d6973bfc57f4140f659b23f\"},\"breadcrumb\":{\"@id\":\"https:\/\/nk7-testes.com.br\/agazeta\/um-morre-e-outro-fica-ferido-apos-colisao-entre-motocicletas\/#breadcrumb\"},\"inLanguage\":\"pt-BR\",\"potentialAction\":[{\"@type\":\"ReadAction\",\"target\":[\"https:\/\/nk7-testes.com.br\/agazeta\/um-morre-e-outro-fica-ferido-apos-colisao-entre-motocicletas\/\"]}]},{\"@type\":\"ImageObject\",\"inLanguage\":\"pt-BR\",\"@id\":\"https:\/\/nk7-testes.com.br\/agazeta\/um-morre-e-outro-fica-ferido-apos-colisao-entre-motocicletas\/#primaryimage\",\"url\":\"https:\/\/nk7-testes.com.br\/agazeta\/wp-content\/uploads\/2020\/04\/25-04-20_acidente_ac40.jpg\",\"contentUrl\":\"https:\/\/nk7-testes.com.br\/agazeta\/wp-content\/uploads\/2020\/04\/25-04-20_acidente_ac40.jpg\",\"width\":457,\"height\":340,\"caption\":\"25-04-20 acidente ac40\"},{\"@type\":\"BreadcrumbList\",\"@id\":\"https:\/\/nk7-testes.com.br\/agazeta\/um-morre-e-outro-fica-ferido-apos-colisao-entre-motocicletas\/#breadcrumb\",\"itemListElement\":[{\"@type\":\"ListItem\",\"position\":1,\"name\":\"In\u00edcio\",\"item\":\"https:\/\/nk7-testes.com.br\/agazeta\/\"},{\"@type\":\"ListItem\",\"position\":2,\"name\":\"Um morre e outro fica ferido ap\u00f3s colis\u00e3o entre motocicletas\"}]},{\"@type\":\"WebSite\",\"@id\":\"https:\/\/nk7-testes.com.br\/agazeta\/#website\",\"url\":\"https:\/\/nk7-testes.com.br\/agazeta\/\",\"name\":\"Agazeta.net\",\"description\":\"Agazeta.net - Not\u00edcias de Rio Branco\/AC\",\"potentialAction\":[{\"@type\":\"SearchAction\",\"target\":{\"@type\":\"EntryPoint\",\"urlTemplate\":\"https:\/\/nk7-testes.com.br\/agazeta\/?s={search_term_string}\"},\"query-input\":{\"@type\":\"PropertyValueSpecification\",\"valueRequired\":true,\"valueName\":\"search_term_string\"}}],\"inLanguage\":\"pt-BR\"},{\"@type\":\"Person\",\"@id\":\"https:\/\/nk7-testes.com.br\/agazeta\/#\/schema\/person\/ff6b39d54d6973bfc57f4140f659b23f\",\"name\":\"Agazeta.Net\",\"url\":\"https:\/\/nk7-testes.com.br\/agazeta\/author\/agazeta\/\"}]}<\/script>\n<!-- \/ Yoast SEO plugin. -->","yoast_head_json":{"title":"Um morre e outro fica ferido ap\u00f3s colis\u00e3o entre motocicletas - Agazeta.net","robots":{"index":"index","follow":"follow","max-snippet":"max-snippet:-1","max-image-preview":"max-image-preview:large","max-video-preview":"max-video-preview:-1"},"canonical":"https:\/\/nk7-testes.com.br\/agazeta\/um-morre-e-outro-fica-ferido-apos-colisao-entre-motocicletas\/","og_locale":"pt_BR","og_type":"article","og_title":"Um morre e outro fica ferido ap\u00f3s colis\u00e3o entre motocicletas - Agazeta.net","og_description":"Acidente aconteceu na rodovia AC-40, neste s\u00e1bado","og_url":"https:\/\/nk7-testes.com.br\/agazeta\/um-morre-e-outro-fica-ferido-apos-colisao-entre-motocicletas\/","og_site_name":"Agazeta.net","article_published_time":"2020-04-25T22:28:46+00:00","og_image":[{"width":457,"height":340,"url":"https:\/\/nk7-testes.com.br\/agazeta\/wp-content\/uploads\/2020\/04\/25-04-20_acidente_ac40.jpg","type":"image\/jpeg"}],"author":"Agazeta.Net","twitter_card":"summary_large_image","twitter_misc":{"Escrito por":"Agazeta.Net","Est. tempo de leitura":"1 minuto"},"schema":{"@context":"https:\/\/schema.org","@graph":[{"@type":"WebPage","@id":"https:\/\/nk7-testes.com.br\/agazeta\/um-morre-e-outro-fica-ferido-apos-colisao-entre-motocicletas\/","url":"https:\/\/nk7-testes.com.br\/agazeta\/um-morre-e-outro-fica-ferido-apos-colisao-entre-motocicletas\/","name":"Um morre e outro fica ferido ap\u00f3s colis\u00e3o entre motocicletas - Agazeta.net","isPartOf":{"@id":"https:\/\/nk7-testes.com.br\/agazeta\/#website"},"primaryImageOfPage":{"@id":"https:\/\/nk7-testes.com.br\/agazeta\/um-morre-e-outro-fica-ferido-apos-colisao-entre-motocicletas\/#primaryimage"},"image":{"@id":"https:\/\/nk7-testes.com.br\/agazeta\/um-morre-e-outro-fica-ferido-apos-colisao-entre-motocicletas\/#primaryimage"},"thumbnailUrl":"https:\/\/nk7-testes.com.br\/agazeta\/wp-content\/uploads\/2020\/04\/25-04-20_acidente_ac40.jpg","datePublished":"2020-04-25T22:28:46+00:00","author":{"@id":"https:\/\/nk7-testes.com.br\/agazeta\/#\/schema\/person\/ff6b39d54d6973bfc57f4140f659b23f"},"breadcrumb":{"@id":"https:\/\/nk7-testes.com.br\/agazeta\/um-morre-e-outro-fica-ferido-apos-colisao-entre-motocicletas\/#breadcrumb"},"inLanguage":"pt-BR","potentialAction":[{"@type":"ReadAction","target":["https:\/\/nk7-testes.com.br\/agazeta\/um-morre-e-outro-fica-ferido-apos-colisao-entre-motocicletas\/"]}]},{"@type":"ImageObject","inLanguage":"pt-BR","@id":"https:\/\/nk7-testes.com.br\/agazeta\/um-morre-e-outro-fica-ferido-apos-colisao-entre-motocicletas\/#primaryimage","url":"https:\/\/nk7-testes.com.br\/agazeta\/wp-content\/uploads\/2020\/04\/25-04-20_acidente_ac40.jpg","contentUrl":"https:\/\/nk7-testes.com.br\/agazeta\/wp-content\/uploads\/2020\/04\/25-04-20_acidente_ac40.jpg","width":457,"height":340,"caption":"25-04-20 acidente ac40"},{"@type":"BreadcrumbList","@id":"https:\/\/nk7-testes.com.br\/agazeta\/um-morre-e-outro-fica-ferido-apos-colisao-entre-motocicletas\/#breadcrumb","itemListElement":[{"@type":"ListItem","position":1,"name":"In\u00edcio","item":"https:\/\/nk7-testes.com.br\/agazeta\/"},{"@type":"ListItem","position":2,"name":"Um morre e outro fica ferido ap\u00f3s colis\u00e3o entre motocicletas"}]},{"@type":"WebSite","@id":"https:\/\/nk7-testes.com.br\/agazeta\/#website","url":"https:\/\/nk7-testes.com.br\/agazeta\/","name":"Agazeta.net","description":"Agazeta.net - Not\u00edcias de Rio Branco\/AC","potentialAction":[{"@type":"SearchAction","target":{"@type":"EntryPoint","urlTemplate":"https:\/\/nk7-testes.com.br\/agazeta\/?s={search_term_string}"},"query-input":{"@type":"PropertyValueSpecification","valueRequired":true,"valueName":"search_term_string"}}],"inLanguage":"pt-BR"},{"@type":"Person","@id":"https:\/\/nk7-testes.com.br\/agazeta\/#\/schema\/person\/ff6b39d54d6973bfc57f4140f659b23f","name":"Agazeta.Net","url":"https:\/\/nk7-testes.com.br\/agazeta\/author\/agazeta\/"}]}},"_links":{"self":[{"href":"https:\/\/nk7-testes.com.br\/agazeta\/wp-json\/wp\/v2\/posts\/47535","targetHints":{"allow":["GET"]}}],"collection":[{"href":"https:\/\/nk7-testes.com.br\/agazeta\/wp-json\/wp\/v2\/posts"}],"about":[{"href":"https:\/\/nk7-testes.com.br\/agazeta\/wp-json\/wp\/v2\/types\/post"}],"author":[{"embeddable":true,"href":"https:\/\/nk7-testes.com.br\/agazeta\/wp-json\/wp\/v2\/users\/4"}],"replies":[{"embeddable":true,"href":"https:\/\/nk7-testes.com.br\/agazeta\/wp-json\/wp\/v2\/comments?post=47535"}],"version-history":[{"count":0,"href":"https:\/\/nk7-testes.com.br\/agazeta\/wp-json\/wp\/v2\/posts\/47535\/revisions"}],"wp:featuredmedia":[{"embeddable":true,"href":"https:\/\/nk7-testes.com.br\/agazeta\/wp-json\/wp\/v2\/media\/47534"}],"wp:attachment":[{"href":"https:\/\/nk7-testes.com.br\/agazeta\/wp-json\/wp\/v2\/media?parent=47535"}],"wp:term":[{"taxonomy":"category","embeddable":true,"href":"https:\/\/nk7-testes.com.br\/agazeta\/wp-json\/wp\/v2\/categories?post=47535"},{"taxonomy":"post_tag","embeddable":true,"href":"https:\/\/nk7-testes.com.br\/agazeta\/wp-json\/wp\/v2\/tags?post=47535"}],"curies":[{"name":"wp","href":"https:\/\/api.w.org\/{rel}","templated":true}]}}