{"id":4028,"date":"2014-01-22T13:54:13","date_gmt":"2014-01-22T13:54:13","guid":{"rendered":"https:\/\/abarevegan.com.br\/index.php\/2014\/01\/22\/empresarios-conhecem-nota-fiscal-eletronica\/"},"modified":"2014-01-22T13:54:13","modified_gmt":"2014-01-22T13:54:13","slug":"empresarios-conhecem-nota-fiscal-eletronica","status":"publish","type":"post","link":"https:\/\/nk7-testes.com.br\/agazeta\/empresarios-conhecem-nota-fiscal-eletronica\/","title":{"rendered":"Empres\u00e1rios conhecem nota fiscal eletr\u00f4nica"},"content":{"rendered":"\n<p style=\"text-align: justify;\">A Prefeitura de Rio Branco reuniu nesta ter\u00e7a-feira, 21, contadores e empres\u00e1rios para apresentar a Nota Fiscal de Servi\u00e7o Eletr\u00f4nica (NFS-E), que visa controlar a emiss\u00e3o de opera\u00e7\u00f5es de presta\u00e7\u00e3o de servi\u00e7os do munic\u00edpio.<\/p>\n<p style=\"text-align: justify;\">At\u00e9 o m\u00eas de agosto, todas as empresas prestadoras de servi\u00e7o no munic\u00edpio de Rio Branco devem ser cadastradas junto \u00e0 prefeitura, para passar a emitir a nota fiscal eletr\u00f4nica. Com o novo sistema, a arrecada\u00e7\u00e3o anual do munic\u00edpio com o ISS, Imposto sobre servi\u00e7os, deve passar de R$ 42 milh\u00f5es para R$ 100 milh\u00f5es.<\/p>\n<p style=\"text-align: justify;\">Segundo o auditor fiscal Wilson Leite, a nota fiscal eletr\u00f4nica vai proporcionar mais controle nas opera\u00e7\u00f5es. \u201cPro fisco municipal \u00e9 significativo por conta do controle que n\u00f3s vamos ter sobre as notas emitidas e hoje o quadro de fiscais \u00e9 insuficiente para atender a demanda de empresas que prestam servi\u00e7os em Rio Branco\u201d, acrescentou. <br \/>&nbsp;<br \/>A Nota Fiscal Eletr\u00f4nica (NFS-e) estar\u00e1 dispon\u00edvel atrav\u00e9s do portal da Prefeitura e \u00e9 um documento fiscal gerado pelo site em tempo real ou em lote, pelos prestadores de servi\u00e7os.<\/p>\n<p style=\"text-align: justify;\">Nesta ter\u00e7a, empres\u00e1rios e contadores acompanharam &#8220;um passo a passo&#8221; do novo sistema e tamb\u00e9m as mudan\u00e7as na legisla\u00e7\u00e3o sobre quais atividades ter\u00e3o a reten\u00e7\u00e3o do ISS. O encontro foi promovido em parceria com o sindicato dos contadores.<\/p>\n","protected":false},"excerpt":{"rendered":"<p>A Prefeitura de Rio Branco reuniu nesta ter\u00e7a-feira, 21, contadores e empres\u00e1rios para apresentar a Nota Fiscal de Servi\u00e7o Eletr\u00f4nica (NFS-E), que visa controlar a emiss\u00e3o de opera\u00e7\u00f5es de presta\u00e7\u00e3o de servi\u00e7os do munic\u00edpio. At\u00e9 o m\u00eas de agosto, todas as empresas prestadoras de servi\u00e7o no munic\u00edpio de Rio Branco devem ser cadastradas junto \u00e0 [&hellip;]<\/p>\n","protected":false},"author":4,"featured_media":0,"comment_status":"open","ping_status":"open","sticky":false,"template":"","format":"standard","meta":{"jnews-multi-image_gallery":[],"jnews_single_post":[],"jnews_primary_category":[],"jnews_social_meta":[],"jnews_review":[],"enable_review":"","type":"","name":"","summary":"","brand":"","sku":"","good":[],"bad":[],"score_override":"","override_value":"","rating":[],"price":[],"footnotes":""},"categories":[71],"tags":[],"class_list":["post-4028","post","type-post","status-publish","format-standard","hentry","category-noticias-2"],"yoast_head":"<!-- This site is optimized with the Yoast SEO plugin v26.5 - https:\/\/yoast.com\/wordpress\/plugins\/seo\/ -->\n<title>Empres\u00e1rios conhecem nota fiscal eletr\u00f4nica - Agazeta.net<\/title>\n<meta name=\"robots\" content=\"index, follow, max-snippet:-1, max-image-preview:large, max-video-preview:-1\" \/>\n<link rel=\"canonical\" href=\"https:\/\/nk7-testes.com.br\/agazeta\/empresarios-conhecem-nota-fiscal-eletronica\/\" \/>\n<meta property=\"og:locale\" content=\"pt_BR\" \/>\n<meta property=\"og:type\" content=\"article\" \/>\n<meta property=\"og:title\" content=\"Empres\u00e1rios conhecem nota fiscal eletr\u00f4nica - Agazeta.net\" \/>\n<meta property=\"og:description\" content=\"A Prefeitura de Rio Branco reuniu nesta ter\u00e7a-feira, 21, contadores e empres\u00e1rios para apresentar a Nota Fiscal de Servi\u00e7o Eletr\u00f4nica (NFS-E), que visa controlar a emiss\u00e3o de opera\u00e7\u00f5es de presta\u00e7\u00e3o de servi\u00e7os do munic\u00edpio. At\u00e9 o m\u00eas de agosto, todas as empresas prestadoras de servi\u00e7o no munic\u00edpio de Rio Branco devem ser cadastradas junto \u00e0 [&hellip;]\" \/>\n<meta property=\"og:url\" content=\"https:\/\/nk7-testes.com.br\/agazeta\/empresarios-conhecem-nota-fiscal-eletronica\/\" \/>\n<meta property=\"og:site_name\" content=\"Agazeta.net\" \/>\n<meta property=\"article:published_time\" content=\"2014-01-22T13:54:13+00:00\" \/>\n<meta name=\"author\" content=\"Agazeta.Net\" \/>\n<meta name=\"twitter:card\" content=\"summary_large_image\" \/>\n<meta name=\"twitter:label1\" content=\"Escrito por\" \/>\n\t<meta name=\"twitter:data1\" content=\"Agazeta.Net\" \/>\n\t<meta name=\"twitter:label2\" content=\"Est. tempo de leitura\" \/>\n\t<meta name=\"twitter:data2\" content=\"1 minuto\" \/>\n<script type=\"application\/ld+json\" class=\"yoast-schema-graph\">{\"@context\":\"https:\/\/schema.org\",\"@graph\":[{\"@type\":\"WebPage\",\"@id\":\"https:\/\/nk7-testes.com.br\/agazeta\/empresarios-conhecem-nota-fiscal-eletronica\/\",\"url\":\"https:\/\/nk7-testes.com.br\/agazeta\/empresarios-conhecem-nota-fiscal-eletronica\/\",\"name\":\"Empres\u00e1rios conhecem nota fiscal eletr\u00f4nica - Agazeta.net\",\"isPartOf\":{\"@id\":\"https:\/\/nk7-testes.com.br\/agazeta\/#website\"},\"datePublished\":\"2014-01-22T13:54:13+00:00\",\"author\":{\"@id\":\"https:\/\/nk7-testes.com.br\/agazeta\/#\/schema\/person\/ff6b39d54d6973bfc57f4140f659b23f\"},\"breadcrumb\":{\"@id\":\"https:\/\/nk7-testes.com.br\/agazeta\/empresarios-conhecem-nota-fiscal-eletronica\/#breadcrumb\"},\"inLanguage\":\"pt-BR\",\"potentialAction\":[{\"@type\":\"ReadAction\",\"target\":[\"https:\/\/nk7-testes.com.br\/agazeta\/empresarios-conhecem-nota-fiscal-eletronica\/\"]}]},{\"@type\":\"BreadcrumbList\",\"@id\":\"https:\/\/nk7-testes.com.br\/agazeta\/empresarios-conhecem-nota-fiscal-eletronica\/#breadcrumb\",\"itemListElement\":[{\"@type\":\"ListItem\",\"position\":1,\"name\":\"In\u00edcio\",\"item\":\"https:\/\/nk7-testes.com.br\/agazeta\/\"},{\"@type\":\"ListItem\",\"position\":2,\"name\":\"Empres\u00e1rios conhecem nota fiscal eletr\u00f4nica\"}]},{\"@type\":\"WebSite\",\"@id\":\"https:\/\/nk7-testes.com.br\/agazeta\/#website\",\"url\":\"https:\/\/nk7-testes.com.br\/agazeta\/\",\"name\":\"Agazeta.net\",\"description\":\"Agazeta.net - Not\u00edcias de Rio Branco\/AC\",\"potentialAction\":[{\"@type\":\"SearchAction\",\"target\":{\"@type\":\"EntryPoint\",\"urlTemplate\":\"https:\/\/nk7-testes.com.br\/agazeta\/?s={search_term_string}\"},\"query-input\":{\"@type\":\"PropertyValueSpecification\",\"valueRequired\":true,\"valueName\":\"search_term_string\"}}],\"inLanguage\":\"pt-BR\"},{\"@type\":\"Person\",\"@id\":\"https:\/\/nk7-testes.com.br\/agazeta\/#\/schema\/person\/ff6b39d54d6973bfc57f4140f659b23f\",\"name\":\"Agazeta.Net\",\"url\":\"https:\/\/nk7-testes.com.br\/agazeta\/author\/agazeta\/\"}]}<\/script>\n<!-- \/ Yoast SEO plugin. -->","yoast_head_json":{"title":"Empres\u00e1rios conhecem nota fiscal eletr\u00f4nica - Agazeta.net","robots":{"index":"index","follow":"follow","max-snippet":"max-snippet:-1","max-image-preview":"max-image-preview:large","max-video-preview":"max-video-preview:-1"},"canonical":"https:\/\/nk7-testes.com.br\/agazeta\/empresarios-conhecem-nota-fiscal-eletronica\/","og_locale":"pt_BR","og_type":"article","og_title":"Empres\u00e1rios conhecem nota fiscal eletr\u00f4nica - Agazeta.net","og_description":"A Prefeitura de Rio Branco reuniu nesta ter\u00e7a-feira, 21, contadores e empres\u00e1rios para apresentar a Nota Fiscal de Servi\u00e7o Eletr\u00f4nica (NFS-E), que visa controlar a emiss\u00e3o de opera\u00e7\u00f5es de presta\u00e7\u00e3o de servi\u00e7os do munic\u00edpio. At\u00e9 o m\u00eas de agosto, todas as empresas prestadoras de servi\u00e7o no munic\u00edpio de Rio Branco devem ser cadastradas junto \u00e0 [&hellip;]","og_url":"https:\/\/nk7-testes.com.br\/agazeta\/empresarios-conhecem-nota-fiscal-eletronica\/","og_site_name":"Agazeta.net","article_published_time":"2014-01-22T13:54:13+00:00","author":"Agazeta.Net","twitter_card":"summary_large_image","twitter_misc":{"Escrito por":"Agazeta.Net","Est. tempo de leitura":"1 minuto"},"schema":{"@context":"https:\/\/schema.org","@graph":[{"@type":"WebPage","@id":"https:\/\/nk7-testes.com.br\/agazeta\/empresarios-conhecem-nota-fiscal-eletronica\/","url":"https:\/\/nk7-testes.com.br\/agazeta\/empresarios-conhecem-nota-fiscal-eletronica\/","name":"Empres\u00e1rios conhecem nota fiscal eletr\u00f4nica - Agazeta.net","isPartOf":{"@id":"https:\/\/nk7-testes.com.br\/agazeta\/#website"},"datePublished":"2014-01-22T13:54:13+00:00","author":{"@id":"https:\/\/nk7-testes.com.br\/agazeta\/#\/schema\/person\/ff6b39d54d6973bfc57f4140f659b23f"},"breadcrumb":{"@id":"https:\/\/nk7-testes.com.br\/agazeta\/empresarios-conhecem-nota-fiscal-eletronica\/#breadcrumb"},"inLanguage":"pt-BR","potentialAction":[{"@type":"ReadAction","target":["https:\/\/nk7-testes.com.br\/agazeta\/empresarios-conhecem-nota-fiscal-eletronica\/"]}]},{"@type":"BreadcrumbList","@id":"https:\/\/nk7-testes.com.br\/agazeta\/empresarios-conhecem-nota-fiscal-eletronica\/#breadcrumb","itemListElement":[{"@type":"ListItem","position":1,"name":"In\u00edcio","item":"https:\/\/nk7-testes.com.br\/agazeta\/"},{"@type":"ListItem","position":2,"name":"Empres\u00e1rios conhecem nota fiscal eletr\u00f4nica"}]},{"@type":"WebSite","@id":"https:\/\/nk7-testes.com.br\/agazeta\/#website","url":"https:\/\/nk7-testes.com.br\/agazeta\/","name":"Agazeta.net","description":"Agazeta.net - Not\u00edcias de Rio Branco\/AC","potentialAction":[{"@type":"SearchAction","target":{"@type":"EntryPoint","urlTemplate":"https:\/\/nk7-testes.com.br\/agazeta\/?s={search_term_string}"},"query-input":{"@type":"PropertyValueSpecification","valueRequired":true,"valueName":"search_term_string"}}],"inLanguage":"pt-BR"},{"@type":"Person","@id":"https:\/\/nk7-testes.com.br\/agazeta\/#\/schema\/person\/ff6b39d54d6973bfc57f4140f659b23f","name":"Agazeta.Net","url":"https:\/\/nk7-testes.com.br\/agazeta\/author\/agazeta\/"}]}},"_links":{"self":[{"href":"https:\/\/nk7-testes.com.br\/agazeta\/wp-json\/wp\/v2\/posts\/4028","targetHints":{"allow":["GET"]}}],"collection":[{"href":"https:\/\/nk7-testes.com.br\/agazeta\/wp-json\/wp\/v2\/posts"}],"about":[{"href":"https:\/\/nk7-testes.com.br\/agazeta\/wp-json\/wp\/v2\/types\/post"}],"author":[{"embeddable":true,"href":"https:\/\/nk7-testes.com.br\/agazeta\/wp-json\/wp\/v2\/users\/4"}],"replies":[{"embeddable":true,"href":"https:\/\/nk7-testes.com.br\/agazeta\/wp-json\/wp\/v2\/comments?post=4028"}],"version-history":[{"count":0,"href":"https:\/\/nk7-testes.com.br\/agazeta\/wp-json\/wp\/v2\/posts\/4028\/revisions"}],"wp:attachment":[{"href":"https:\/\/nk7-testes.com.br\/agazeta\/wp-json\/wp\/v2\/media?parent=4028"}],"wp:term":[{"taxonomy":"category","embeddable":true,"href":"https:\/\/nk7-testes.com.br\/agazeta\/wp-json\/wp\/v2\/categories?post=4028"},{"taxonomy":"post_tag","embeddable":true,"href":"https:\/\/nk7-testes.com.br\/agazeta\/wp-json\/wp\/v2\/tags?post=4028"}],"curies":[{"name":"wp","href":"https:\/\/api.w.org\/{rel}","templated":true}]}}