{"id":28173,"date":"2017-02-20T21:47:19","date_gmt":"2017-02-20T21:47:19","guid":{"rendered":"https:\/\/abarevegan.com.br\/index.php\/2017\/02\/20\/jovem-e-ferido-em-troca-de-tiros-com-policia\/"},"modified":"2017-02-20T21:47:19","modified_gmt":"2017-02-20T21:47:19","slug":"jovem-e-ferido-em-troca-de-tiros-com-policia","status":"publish","type":"post","link":"https:\/\/nk7-testes.com.br\/agazeta\/jovem-e-ferido-em-troca-de-tiros-com-policia\/","title":{"rendered":"Jovem \u00e9 ferido em troca de tiros com pol\u00edcia"},"content":{"rendered":"<p style=\"text-align: justify;\">Confronto aconteceu no \u201cPapoco\u201d, Centro da Capital<\/p>\n<p style=\"text-align: justify;\">Andr\u00e9 Mateus de Ara\u00fajo Melo, 20, foi ferido durante troca de tiros com policiais do 1\u00ba Batalh\u00e3o da Pol\u00edcia Militar (1\u00ba BPM), no \u201cPapoco\u201d, pr\u00f3ximo ao Cristo do Zamir. Os militares que faziam patrulhamento de rotina na Rua Minas Gerais.<\/p>\n<p style=\"text-align: justify;\">Ao abordar o jovem, houve rea\u00e7\u00e3o. O rapaz sacou um rev\u00f3lver calibre 38 e efetuou disparos contra os policiais. No confronto, Andr\u00e9 foi ferido. Pelo menos dois tiros atingiram o jovem.<\/p>\n<p style=\"text-align: justify;\">Entre os policiais, n\u00e3o houve feridos. Uma equipe do Samu foi acionada e levou o ferido para o Pronto Socorro do Hospital de Urg\u00eancia e emerg\u00eancia de Rio Branco (Huerb).<\/p>\n","protected":false},"excerpt":{"rendered":"<p style=\"text-align: justify;\">Confronto aconteceu no \u201cPapoco\u201d, Centro da Capital<\/p>\n","protected":false},"author":4,"featured_media":28172,"comment_status":"open","ping_status":"open","sticky":false,"template":"","format":"standard","meta":{"jnews-multi-image_gallery":[],"jnews_single_post":[],"jnews_primary_category":[],"jnews_social_meta":[],"jnews_review":[],"enable_review":"","type":"","name":"","summary":"","brand":"","sku":"","good":[],"bad":[],"score_override":"","override_value":"","rating":[],"price":[],"footnotes":""},"categories":[44],"tags":[],"class_list":["post-28173","post","type-post","status-publish","format-standard","has-post-thumbnail","hentry","category-policia"],"yoast_head":"<!-- This site is optimized with the Yoast SEO plugin v26.5 - https:\/\/yoast.com\/wordpress\/plugins\/seo\/ -->\n<title>Jovem \u00e9 ferido em troca de tiros com pol\u00edcia - Agazeta.net<\/title>\n<meta name=\"robots\" content=\"index, follow, max-snippet:-1, max-image-preview:large, max-video-preview:-1\" \/>\n<link rel=\"canonical\" href=\"https:\/\/nk7-testes.com.br\/agazeta\/jovem-e-ferido-em-troca-de-tiros-com-policia\/\" \/>\n<meta property=\"og:locale\" content=\"pt_BR\" \/>\n<meta property=\"og:type\" content=\"article\" \/>\n<meta property=\"og:title\" content=\"Jovem \u00e9 ferido em troca de tiros com pol\u00edcia - Agazeta.net\" \/>\n<meta property=\"og:description\" content=\"Confronto aconteceu no \u201cPapoco\u201d, Centro da Capital\" \/>\n<meta property=\"og:url\" content=\"https:\/\/nk7-testes.com.br\/agazeta\/jovem-e-ferido-em-troca-de-tiros-com-policia\/\" \/>\n<meta property=\"og:site_name\" content=\"Agazeta.net\" \/>\n<meta property=\"article:published_time\" content=\"2017-02-20T21:47:19+00:00\" \/>\n<meta property=\"og:image\" content=\"https:\/\/nk7-testes.com.br\/agazeta\/wp-content\/uploads\/2017\/02\/200217-policia-trocadetiro-cedida.jpg\" \/>\n\t<meta property=\"og:image:width\" content=\"458\" \/>\n\t<meta property=\"og:image:height\" content=\"340\" \/>\n\t<meta property=\"og:image:type\" content=\"image\/jpeg\" \/>\n<meta name=\"author\" content=\"Agazeta.Net\" \/>\n<meta name=\"twitter:card\" content=\"summary_large_image\" \/>\n<meta name=\"twitter:label1\" content=\"Escrito por\" \/>\n\t<meta name=\"twitter:data1\" content=\"Agazeta.Net\" \/>\n\t<meta name=\"twitter:label2\" content=\"Est. tempo de leitura\" \/>\n\t<meta name=\"twitter:data2\" content=\"1 minuto\" \/>\n<script type=\"application\/ld+json\" class=\"yoast-schema-graph\">{\"@context\":\"https:\/\/schema.org\",\"@graph\":[{\"@type\":\"WebPage\",\"@id\":\"https:\/\/nk7-testes.com.br\/agazeta\/jovem-e-ferido-em-troca-de-tiros-com-policia\/\",\"url\":\"https:\/\/nk7-testes.com.br\/agazeta\/jovem-e-ferido-em-troca-de-tiros-com-policia\/\",\"name\":\"Jovem \u00e9 ferido em troca de tiros com pol\u00edcia - Agazeta.net\",\"isPartOf\":{\"@id\":\"https:\/\/nk7-testes.com.br\/agazeta\/#website\"},\"primaryImageOfPage\":{\"@id\":\"https:\/\/nk7-testes.com.br\/agazeta\/jovem-e-ferido-em-troca-de-tiros-com-policia\/#primaryimage\"},\"image\":{\"@id\":\"https:\/\/nk7-testes.com.br\/agazeta\/jovem-e-ferido-em-troca-de-tiros-com-policia\/#primaryimage\"},\"thumbnailUrl\":\"https:\/\/nk7-testes.com.br\/agazeta\/wp-content\/uploads\/2017\/02\/200217-policia-trocadetiro-cedida.jpg\",\"datePublished\":\"2017-02-20T21:47:19+00:00\",\"author\":{\"@id\":\"https:\/\/nk7-testes.com.br\/agazeta\/#\/schema\/person\/ff6b39d54d6973bfc57f4140f659b23f\"},\"breadcrumb\":{\"@id\":\"https:\/\/nk7-testes.com.br\/agazeta\/jovem-e-ferido-em-troca-de-tiros-com-policia\/#breadcrumb\"},\"inLanguage\":\"pt-BR\",\"potentialAction\":[{\"@type\":\"ReadAction\",\"target\":[\"https:\/\/nk7-testes.com.br\/agazeta\/jovem-e-ferido-em-troca-de-tiros-com-policia\/\"]}]},{\"@type\":\"ImageObject\",\"inLanguage\":\"pt-BR\",\"@id\":\"https:\/\/nk7-testes.com.br\/agazeta\/jovem-e-ferido-em-troca-de-tiros-com-policia\/#primaryimage\",\"url\":\"https:\/\/nk7-testes.com.br\/agazeta\/wp-content\/uploads\/2017\/02\/200217-policia-trocadetiro-cedida.jpg\",\"contentUrl\":\"https:\/\/nk7-testes.com.br\/agazeta\/wp-content\/uploads\/2017\/02\/200217-policia-trocadetiro-cedida.jpg\",\"width\":458,\"height\":340,\"caption\":\"200217-policia-trocadetiro-cedida\"},{\"@type\":\"BreadcrumbList\",\"@id\":\"https:\/\/nk7-testes.com.br\/agazeta\/jovem-e-ferido-em-troca-de-tiros-com-policia\/#breadcrumb\",\"itemListElement\":[{\"@type\":\"ListItem\",\"position\":1,\"name\":\"In\u00edcio\",\"item\":\"https:\/\/nk7-testes.com.br\/agazeta\/\"},{\"@type\":\"ListItem\",\"position\":2,\"name\":\"Jovem \u00e9 ferido em troca de tiros com pol\u00edcia\"}]},{\"@type\":\"WebSite\",\"@id\":\"https:\/\/nk7-testes.com.br\/agazeta\/#website\",\"url\":\"https:\/\/nk7-testes.com.br\/agazeta\/\",\"name\":\"Agazeta.net\",\"description\":\"Agazeta.net - Not\u00edcias de Rio Branco\/AC\",\"potentialAction\":[{\"@type\":\"SearchAction\",\"target\":{\"@type\":\"EntryPoint\",\"urlTemplate\":\"https:\/\/nk7-testes.com.br\/agazeta\/?s={search_term_string}\"},\"query-input\":{\"@type\":\"PropertyValueSpecification\",\"valueRequired\":true,\"valueName\":\"search_term_string\"}}],\"inLanguage\":\"pt-BR\"},{\"@type\":\"Person\",\"@id\":\"https:\/\/nk7-testes.com.br\/agazeta\/#\/schema\/person\/ff6b39d54d6973bfc57f4140f659b23f\",\"name\":\"Agazeta.Net\",\"url\":\"https:\/\/nk7-testes.com.br\/agazeta\/author\/agazeta\/\"}]}<\/script>\n<!-- \/ Yoast SEO plugin. -->","yoast_head_json":{"title":"Jovem \u00e9 ferido em troca de tiros com pol\u00edcia - Agazeta.net","robots":{"index":"index","follow":"follow","max-snippet":"max-snippet:-1","max-image-preview":"max-image-preview:large","max-video-preview":"max-video-preview:-1"},"canonical":"https:\/\/nk7-testes.com.br\/agazeta\/jovem-e-ferido-em-troca-de-tiros-com-policia\/","og_locale":"pt_BR","og_type":"article","og_title":"Jovem \u00e9 ferido em troca de tiros com pol\u00edcia - Agazeta.net","og_description":"Confronto aconteceu no \u201cPapoco\u201d, Centro da Capital","og_url":"https:\/\/nk7-testes.com.br\/agazeta\/jovem-e-ferido-em-troca-de-tiros-com-policia\/","og_site_name":"Agazeta.net","article_published_time":"2017-02-20T21:47:19+00:00","og_image":[{"width":458,"height":340,"url":"https:\/\/nk7-testes.com.br\/agazeta\/wp-content\/uploads\/2017\/02\/200217-policia-trocadetiro-cedida.jpg","type":"image\/jpeg"}],"author":"Agazeta.Net","twitter_card":"summary_large_image","twitter_misc":{"Escrito por":"Agazeta.Net","Est. tempo de leitura":"1 minuto"},"schema":{"@context":"https:\/\/schema.org","@graph":[{"@type":"WebPage","@id":"https:\/\/nk7-testes.com.br\/agazeta\/jovem-e-ferido-em-troca-de-tiros-com-policia\/","url":"https:\/\/nk7-testes.com.br\/agazeta\/jovem-e-ferido-em-troca-de-tiros-com-policia\/","name":"Jovem \u00e9 ferido em troca de tiros com pol\u00edcia - Agazeta.net","isPartOf":{"@id":"https:\/\/nk7-testes.com.br\/agazeta\/#website"},"primaryImageOfPage":{"@id":"https:\/\/nk7-testes.com.br\/agazeta\/jovem-e-ferido-em-troca-de-tiros-com-policia\/#primaryimage"},"image":{"@id":"https:\/\/nk7-testes.com.br\/agazeta\/jovem-e-ferido-em-troca-de-tiros-com-policia\/#primaryimage"},"thumbnailUrl":"https:\/\/nk7-testes.com.br\/agazeta\/wp-content\/uploads\/2017\/02\/200217-policia-trocadetiro-cedida.jpg","datePublished":"2017-02-20T21:47:19+00:00","author":{"@id":"https:\/\/nk7-testes.com.br\/agazeta\/#\/schema\/person\/ff6b39d54d6973bfc57f4140f659b23f"},"breadcrumb":{"@id":"https:\/\/nk7-testes.com.br\/agazeta\/jovem-e-ferido-em-troca-de-tiros-com-policia\/#breadcrumb"},"inLanguage":"pt-BR","potentialAction":[{"@type":"ReadAction","target":["https:\/\/nk7-testes.com.br\/agazeta\/jovem-e-ferido-em-troca-de-tiros-com-policia\/"]}]},{"@type":"ImageObject","inLanguage":"pt-BR","@id":"https:\/\/nk7-testes.com.br\/agazeta\/jovem-e-ferido-em-troca-de-tiros-com-policia\/#primaryimage","url":"https:\/\/nk7-testes.com.br\/agazeta\/wp-content\/uploads\/2017\/02\/200217-policia-trocadetiro-cedida.jpg","contentUrl":"https:\/\/nk7-testes.com.br\/agazeta\/wp-content\/uploads\/2017\/02\/200217-policia-trocadetiro-cedida.jpg","width":458,"height":340,"caption":"200217-policia-trocadetiro-cedida"},{"@type":"BreadcrumbList","@id":"https:\/\/nk7-testes.com.br\/agazeta\/jovem-e-ferido-em-troca-de-tiros-com-policia\/#breadcrumb","itemListElement":[{"@type":"ListItem","position":1,"name":"In\u00edcio","item":"https:\/\/nk7-testes.com.br\/agazeta\/"},{"@type":"ListItem","position":2,"name":"Jovem \u00e9 ferido em troca de tiros com pol\u00edcia"}]},{"@type":"WebSite","@id":"https:\/\/nk7-testes.com.br\/agazeta\/#website","url":"https:\/\/nk7-testes.com.br\/agazeta\/","name":"Agazeta.net","description":"Agazeta.net - Not\u00edcias de Rio Branco\/AC","potentialAction":[{"@type":"SearchAction","target":{"@type":"EntryPoint","urlTemplate":"https:\/\/nk7-testes.com.br\/agazeta\/?s={search_term_string}"},"query-input":{"@type":"PropertyValueSpecification","valueRequired":true,"valueName":"search_term_string"}}],"inLanguage":"pt-BR"},{"@type":"Person","@id":"https:\/\/nk7-testes.com.br\/agazeta\/#\/schema\/person\/ff6b39d54d6973bfc57f4140f659b23f","name":"Agazeta.Net","url":"https:\/\/nk7-testes.com.br\/agazeta\/author\/agazeta\/"}]}},"_links":{"self":[{"href":"https:\/\/nk7-testes.com.br\/agazeta\/wp-json\/wp\/v2\/posts\/28173","targetHints":{"allow":["GET"]}}],"collection":[{"href":"https:\/\/nk7-testes.com.br\/agazeta\/wp-json\/wp\/v2\/posts"}],"about":[{"href":"https:\/\/nk7-testes.com.br\/agazeta\/wp-json\/wp\/v2\/types\/post"}],"author":[{"embeddable":true,"href":"https:\/\/nk7-testes.com.br\/agazeta\/wp-json\/wp\/v2\/users\/4"}],"replies":[{"embeddable":true,"href":"https:\/\/nk7-testes.com.br\/agazeta\/wp-json\/wp\/v2\/comments?post=28173"}],"version-history":[{"count":0,"href":"https:\/\/nk7-testes.com.br\/agazeta\/wp-json\/wp\/v2\/posts\/28173\/revisions"}],"wp:featuredmedia":[{"embeddable":true,"href":"https:\/\/nk7-testes.com.br\/agazeta\/wp-json\/wp\/v2\/media\/28172"}],"wp:attachment":[{"href":"https:\/\/nk7-testes.com.br\/agazeta\/wp-json\/wp\/v2\/media?parent=28173"}],"wp:term":[{"taxonomy":"category","embeddable":true,"href":"https:\/\/nk7-testes.com.br\/agazeta\/wp-json\/wp\/v2\/categories?post=28173"},{"taxonomy":"post_tag","embeddable":true,"href":"https:\/\/nk7-testes.com.br\/agazeta\/wp-json\/wp\/v2\/tags?post=28173"}],"curies":[{"name":"wp","href":"https:\/\/api.w.org\/{rel}","templated":true}]}}