{"id":28152,"date":"2017-02-20T02:59:58","date_gmt":"2017-02-20T02:59:58","guid":{"rendered":"https:\/\/abarevegan.com.br\/index.php\/2017\/02\/20\/familiares-de-brasileiro-preso-por-bolivianos-bloqueiam-ponte\/"},"modified":"2017-02-20T02:59:58","modified_gmt":"2017-02-20T02:59:58","slug":"familiares-de-brasileiro-preso-por-bolivianos-bloqueiam-ponte","status":"publish","type":"post","link":"https:\/\/nk7-testes.com.br\/agazeta\/familiares-de-brasileiro-preso-por-bolivianos-bloqueiam-ponte\/","title":{"rendered":"Familiares de brasileiro preso por bolivianos bloqueiam ponte"},"content":{"rendered":"<p style=\"text-align: justify;\">\u201cN\u00f3s n\u00e3o invadimos o pa\u00eds deles\u201d<\/p>\n<p style=\"text-align: justify;\">Armados com baldes, colheres e muita indigna\u00e7\u00e3o, os familiares de Sebasti\u00e3o Nogueira do Nascimento, 33, bloquearam a Ponte Internacional que liga Epitaciol\u00e2ndia \u00e0 cidade de Cobija. Eles protestavam exigindo \u201cJusti\u00e7a\u201d. A Ponte Wilson Pinheiro (entre Brasileia e Cobija), por enquanto, est\u00e1 liberada.<\/p>\n<p style=\"text-align: justify;\">Sebasti\u00e3o Nogueira, dizem os familiares, foi \u201csequestrado\u201d de dentro da casa onde morava, no bairro Jos\u00e9 Hassem, em Epitaciol\u00e2ndia, na noite do dia 12 de fevereiro. As autoridades bolivianas acusam o acriano de integrar um grupo que sequestrou o filho de um senador da Bol\u00edvia.<\/p>\n<p style=\"text-align: justify;\">\u201cBateram no meu pai de 72 anos e levaram meu irm\u00e3o sequestrado para a Bol\u00edvia. A gente quer Justi\u00e7a porque a gente n\u00e3o invade o pa\u00eds deles, n\u00e9? Por que eles querem invadir o nosso?\u201d, indigna-se Dilma Nogueira do Nascimento, irm\u00e3 de Sebasti\u00e3o do Nascimento.<\/p>\n<p style=\"text-align: justify;\">O senador S\u00e9rgio Petec\u00e3o (PSD\/AC) estava no local conversando com as fam\u00edlias. \u201cIsso n\u00e3o \u00e9 correto e abre um precedente perigoso. Vou denunciar na tribuna do Senado\u201d, disse o senador que integra a Comiss\u00e3o de Rela\u00e7\u00f5es Exteriores do Senado. Ele prometeu levar o caso para o Itamaraty.<\/p>\n<p style=\"text-align: justify;\">O brasileiro encontra-se no pres\u00eddio de Vila Bush e pode ser transferido para a regi\u00e3o montanhosa de La Paz em uma unidade prisional chamada San Pedro de Chanchocoro.<\/p>\n","protected":false},"excerpt":{"rendered":"<p style=\"text-align: justify;\">\u201cN\u00f3s n\u00e3o invadimos o pa\u00eds deles\u201d<\/p>\n","protected":false},"author":4,"featured_media":28151,"comment_status":"open","ping_status":"open","sticky":false,"template":"","format":"standard","meta":{"jnews-multi-image_gallery":[],"jnews_single_post":[],"jnews_primary_category":[],"jnews_social_meta":[],"jnews_review":[],"enable_review":"","type":"","name":"","summary":"","brand":"","sku":"","good":[],"bad":[],"score_override":"","override_value":"","rating":[],"price":[],"footnotes":""},"categories":[44],"tags":[],"class_list":["post-28152","post","type-post","status-publish","format-standard","has-post-thumbnail","hentry","category-policia"],"yoast_head":"<!-- This site is optimized with the Yoast SEO plugin v26.5 - https:\/\/yoast.com\/wordpress\/plugins\/seo\/ -->\n<title>Familiares de brasileiro preso por bolivianos bloqueiam ponte - Agazeta.net<\/title>\n<meta name=\"robots\" content=\"index, follow, max-snippet:-1, max-image-preview:large, max-video-preview:-1\" \/>\n<link rel=\"canonical\" href=\"https:\/\/nk7-testes.com.br\/agazeta\/familiares-de-brasileiro-preso-por-bolivianos-bloqueiam-ponte\/\" \/>\n<meta property=\"og:locale\" content=\"pt_BR\" \/>\n<meta property=\"og:type\" content=\"article\" \/>\n<meta property=\"og:title\" content=\"Familiares de brasileiro preso por bolivianos bloqueiam ponte - Agazeta.net\" \/>\n<meta property=\"og:description\" content=\"\u201cN\u00f3s n\u00e3o invadimos o pa\u00eds deles\u201d\" \/>\n<meta property=\"og:url\" content=\"https:\/\/nk7-testes.com.br\/agazeta\/familiares-de-brasileiro-preso-por-bolivianos-bloqueiam-ponte\/\" \/>\n<meta property=\"og:site_name\" content=\"Agazeta.net\" \/>\n<meta property=\"article:published_time\" content=\"2017-02-20T02:59:58+00:00\" \/>\n<meta property=\"og:image\" content=\"https:\/\/nk7-testes.com.br\/agazeta\/wp-content\/uploads\/2017\/02\/190217-policia-protestoponte-oaltoacre.jpg\" \/>\n\t<meta property=\"og:image:width\" content=\"458\" \/>\n\t<meta property=\"og:image:height\" content=\"340\" \/>\n\t<meta property=\"og:image:type\" content=\"image\/jpeg\" \/>\n<meta name=\"author\" content=\"Agazeta.Net\" \/>\n<meta name=\"twitter:card\" content=\"summary_large_image\" \/>\n<meta name=\"twitter:label1\" content=\"Escrito por\" \/>\n\t<meta name=\"twitter:data1\" content=\"Agazeta.Net\" \/>\n\t<meta name=\"twitter:label2\" content=\"Est. tempo de leitura\" \/>\n\t<meta name=\"twitter:data2\" content=\"1 minuto\" \/>\n<script type=\"application\/ld+json\" class=\"yoast-schema-graph\">{\"@context\":\"https:\/\/schema.org\",\"@graph\":[{\"@type\":\"WebPage\",\"@id\":\"https:\/\/nk7-testes.com.br\/agazeta\/familiares-de-brasileiro-preso-por-bolivianos-bloqueiam-ponte\/\",\"url\":\"https:\/\/nk7-testes.com.br\/agazeta\/familiares-de-brasileiro-preso-por-bolivianos-bloqueiam-ponte\/\",\"name\":\"Familiares de brasileiro preso por bolivianos bloqueiam ponte - Agazeta.net\",\"isPartOf\":{\"@id\":\"https:\/\/nk7-testes.com.br\/agazeta\/#website\"},\"primaryImageOfPage\":{\"@id\":\"https:\/\/nk7-testes.com.br\/agazeta\/familiares-de-brasileiro-preso-por-bolivianos-bloqueiam-ponte\/#primaryimage\"},\"image\":{\"@id\":\"https:\/\/nk7-testes.com.br\/agazeta\/familiares-de-brasileiro-preso-por-bolivianos-bloqueiam-ponte\/#primaryimage\"},\"thumbnailUrl\":\"https:\/\/nk7-testes.com.br\/agazeta\/wp-content\/uploads\/2017\/02\/190217-policia-protestoponte-oaltoacre.jpg\",\"datePublished\":\"2017-02-20T02:59:58+00:00\",\"author\":{\"@id\":\"https:\/\/nk7-testes.com.br\/agazeta\/#\/schema\/person\/ff6b39d54d6973bfc57f4140f659b23f\"},\"breadcrumb\":{\"@id\":\"https:\/\/nk7-testes.com.br\/agazeta\/familiares-de-brasileiro-preso-por-bolivianos-bloqueiam-ponte\/#breadcrumb\"},\"inLanguage\":\"pt-BR\",\"potentialAction\":[{\"@type\":\"ReadAction\",\"target\":[\"https:\/\/nk7-testes.com.br\/agazeta\/familiares-de-brasileiro-preso-por-bolivianos-bloqueiam-ponte\/\"]}]},{\"@type\":\"ImageObject\",\"inLanguage\":\"pt-BR\",\"@id\":\"https:\/\/nk7-testes.com.br\/agazeta\/familiares-de-brasileiro-preso-por-bolivianos-bloqueiam-ponte\/#primaryimage\",\"url\":\"https:\/\/nk7-testes.com.br\/agazeta\/wp-content\/uploads\/2017\/02\/190217-policia-protestoponte-oaltoacre.jpg\",\"contentUrl\":\"https:\/\/nk7-testes.com.br\/agazeta\/wp-content\/uploads\/2017\/02\/190217-policia-protestoponte-oaltoacre.jpg\",\"width\":458,\"height\":340,\"caption\":\"190217-policia-protestoponte-oaltoacre\"},{\"@type\":\"BreadcrumbList\",\"@id\":\"https:\/\/nk7-testes.com.br\/agazeta\/familiares-de-brasileiro-preso-por-bolivianos-bloqueiam-ponte\/#breadcrumb\",\"itemListElement\":[{\"@type\":\"ListItem\",\"position\":1,\"name\":\"In\u00edcio\",\"item\":\"https:\/\/nk7-testes.com.br\/agazeta\/\"},{\"@type\":\"ListItem\",\"position\":2,\"name\":\"Familiares de brasileiro preso por bolivianos bloqueiam ponte\"}]},{\"@type\":\"WebSite\",\"@id\":\"https:\/\/nk7-testes.com.br\/agazeta\/#website\",\"url\":\"https:\/\/nk7-testes.com.br\/agazeta\/\",\"name\":\"Agazeta.net\",\"description\":\"Agazeta.net - Not\u00edcias de Rio Branco\/AC\",\"potentialAction\":[{\"@type\":\"SearchAction\",\"target\":{\"@type\":\"EntryPoint\",\"urlTemplate\":\"https:\/\/nk7-testes.com.br\/agazeta\/?s={search_term_string}\"},\"query-input\":{\"@type\":\"PropertyValueSpecification\",\"valueRequired\":true,\"valueName\":\"search_term_string\"}}],\"inLanguage\":\"pt-BR\"},{\"@type\":\"Person\",\"@id\":\"https:\/\/nk7-testes.com.br\/agazeta\/#\/schema\/person\/ff6b39d54d6973bfc57f4140f659b23f\",\"name\":\"Agazeta.Net\",\"url\":\"https:\/\/nk7-testes.com.br\/agazeta\/author\/agazeta\/\"}]}<\/script>\n<!-- \/ Yoast SEO plugin. -->","yoast_head_json":{"title":"Familiares de brasileiro preso por bolivianos bloqueiam ponte - Agazeta.net","robots":{"index":"index","follow":"follow","max-snippet":"max-snippet:-1","max-image-preview":"max-image-preview:large","max-video-preview":"max-video-preview:-1"},"canonical":"https:\/\/nk7-testes.com.br\/agazeta\/familiares-de-brasileiro-preso-por-bolivianos-bloqueiam-ponte\/","og_locale":"pt_BR","og_type":"article","og_title":"Familiares de brasileiro preso por bolivianos bloqueiam ponte - Agazeta.net","og_description":"\u201cN\u00f3s n\u00e3o invadimos o pa\u00eds deles\u201d","og_url":"https:\/\/nk7-testes.com.br\/agazeta\/familiares-de-brasileiro-preso-por-bolivianos-bloqueiam-ponte\/","og_site_name":"Agazeta.net","article_published_time":"2017-02-20T02:59:58+00:00","og_image":[{"width":458,"height":340,"url":"https:\/\/nk7-testes.com.br\/agazeta\/wp-content\/uploads\/2017\/02\/190217-policia-protestoponte-oaltoacre.jpg","type":"image\/jpeg"}],"author":"Agazeta.Net","twitter_card":"summary_large_image","twitter_misc":{"Escrito por":"Agazeta.Net","Est. tempo de leitura":"1 minuto"},"schema":{"@context":"https:\/\/schema.org","@graph":[{"@type":"WebPage","@id":"https:\/\/nk7-testes.com.br\/agazeta\/familiares-de-brasileiro-preso-por-bolivianos-bloqueiam-ponte\/","url":"https:\/\/nk7-testes.com.br\/agazeta\/familiares-de-brasileiro-preso-por-bolivianos-bloqueiam-ponte\/","name":"Familiares de brasileiro preso por bolivianos bloqueiam ponte - Agazeta.net","isPartOf":{"@id":"https:\/\/nk7-testes.com.br\/agazeta\/#website"},"primaryImageOfPage":{"@id":"https:\/\/nk7-testes.com.br\/agazeta\/familiares-de-brasileiro-preso-por-bolivianos-bloqueiam-ponte\/#primaryimage"},"image":{"@id":"https:\/\/nk7-testes.com.br\/agazeta\/familiares-de-brasileiro-preso-por-bolivianos-bloqueiam-ponte\/#primaryimage"},"thumbnailUrl":"https:\/\/nk7-testes.com.br\/agazeta\/wp-content\/uploads\/2017\/02\/190217-policia-protestoponte-oaltoacre.jpg","datePublished":"2017-02-20T02:59:58+00:00","author":{"@id":"https:\/\/nk7-testes.com.br\/agazeta\/#\/schema\/person\/ff6b39d54d6973bfc57f4140f659b23f"},"breadcrumb":{"@id":"https:\/\/nk7-testes.com.br\/agazeta\/familiares-de-brasileiro-preso-por-bolivianos-bloqueiam-ponte\/#breadcrumb"},"inLanguage":"pt-BR","potentialAction":[{"@type":"ReadAction","target":["https:\/\/nk7-testes.com.br\/agazeta\/familiares-de-brasileiro-preso-por-bolivianos-bloqueiam-ponte\/"]}]},{"@type":"ImageObject","inLanguage":"pt-BR","@id":"https:\/\/nk7-testes.com.br\/agazeta\/familiares-de-brasileiro-preso-por-bolivianos-bloqueiam-ponte\/#primaryimage","url":"https:\/\/nk7-testes.com.br\/agazeta\/wp-content\/uploads\/2017\/02\/190217-policia-protestoponte-oaltoacre.jpg","contentUrl":"https:\/\/nk7-testes.com.br\/agazeta\/wp-content\/uploads\/2017\/02\/190217-policia-protestoponte-oaltoacre.jpg","width":458,"height":340,"caption":"190217-policia-protestoponte-oaltoacre"},{"@type":"BreadcrumbList","@id":"https:\/\/nk7-testes.com.br\/agazeta\/familiares-de-brasileiro-preso-por-bolivianos-bloqueiam-ponte\/#breadcrumb","itemListElement":[{"@type":"ListItem","position":1,"name":"In\u00edcio","item":"https:\/\/nk7-testes.com.br\/agazeta\/"},{"@type":"ListItem","position":2,"name":"Familiares de brasileiro preso por bolivianos bloqueiam ponte"}]},{"@type":"WebSite","@id":"https:\/\/nk7-testes.com.br\/agazeta\/#website","url":"https:\/\/nk7-testes.com.br\/agazeta\/","name":"Agazeta.net","description":"Agazeta.net - Not\u00edcias de Rio Branco\/AC","potentialAction":[{"@type":"SearchAction","target":{"@type":"EntryPoint","urlTemplate":"https:\/\/nk7-testes.com.br\/agazeta\/?s={search_term_string}"},"query-input":{"@type":"PropertyValueSpecification","valueRequired":true,"valueName":"search_term_string"}}],"inLanguage":"pt-BR"},{"@type":"Person","@id":"https:\/\/nk7-testes.com.br\/agazeta\/#\/schema\/person\/ff6b39d54d6973bfc57f4140f659b23f","name":"Agazeta.Net","url":"https:\/\/nk7-testes.com.br\/agazeta\/author\/agazeta\/"}]}},"_links":{"self":[{"href":"https:\/\/nk7-testes.com.br\/agazeta\/wp-json\/wp\/v2\/posts\/28152","targetHints":{"allow":["GET"]}}],"collection":[{"href":"https:\/\/nk7-testes.com.br\/agazeta\/wp-json\/wp\/v2\/posts"}],"about":[{"href":"https:\/\/nk7-testes.com.br\/agazeta\/wp-json\/wp\/v2\/types\/post"}],"author":[{"embeddable":true,"href":"https:\/\/nk7-testes.com.br\/agazeta\/wp-json\/wp\/v2\/users\/4"}],"replies":[{"embeddable":true,"href":"https:\/\/nk7-testes.com.br\/agazeta\/wp-json\/wp\/v2\/comments?post=28152"}],"version-history":[{"count":0,"href":"https:\/\/nk7-testes.com.br\/agazeta\/wp-json\/wp\/v2\/posts\/28152\/revisions"}],"wp:featuredmedia":[{"embeddable":true,"href":"https:\/\/nk7-testes.com.br\/agazeta\/wp-json\/wp\/v2\/media\/28151"}],"wp:attachment":[{"href":"https:\/\/nk7-testes.com.br\/agazeta\/wp-json\/wp\/v2\/media?parent=28152"}],"wp:term":[{"taxonomy":"category","embeddable":true,"href":"https:\/\/nk7-testes.com.br\/agazeta\/wp-json\/wp\/v2\/categories?post=28152"},{"taxonomy":"post_tag","embeddable":true,"href":"https:\/\/nk7-testes.com.br\/agazeta\/wp-json\/wp\/v2\/tags?post=28152"}],"curies":[{"name":"wp","href":"https:\/\/api.w.org\/{rel}","templated":true}]}}