{"id":28082,"date":"2017-02-16T13:18:49","date_gmt":"2017-02-16T13:18:49","guid":{"rendered":"https:\/\/abarevegan.com.br\/index.php\/2017\/02\/16\/nas-prisoes-reforco-de-agentes-penitenciarios\/"},"modified":"2017-02-16T13:18:49","modified_gmt":"2017-02-16T13:18:49","slug":"nas-prisoes-reforco-de-agentes-penitenciarios","status":"publish","type":"post","link":"https:\/\/nk7-testes.com.br\/agazeta\/nas-prisoes-reforco-de-agentes-penitenciarios\/","title":{"rendered":"Nas pris\u00f5es, refor\u00e7o de agentes penitenci\u00e1rios"},"content":{"rendered":"<p style=\"text-align: justify;\">Oitenta servidores foram alocados para penitenci\u00e1rias<\/p>\n<p style=\"text-align: justify;\">Com uma a\u00e7\u00e3o volunt\u00e1ria, agentes penitenci\u00e1rios refor\u00e7am a seguran\u00e7a em unidades prisionais de Rio Branco. A iniciativa pretende coibir uma poss\u00edvel rebeli\u00e3o, segundo a categoria.<\/p>\n<p style=\"text-align: justify;\">A associa\u00e7\u00e3o dos agentes penitenci\u00e1rios convocou e 80 servidores se prontificaram a trabalhar sem nenhuma remunera\u00e7\u00e3o, ap\u00f3s os ataques criminosos em Rio Branco. <br \/>Como a pol\u00edcia acredita que os inc\u00eandios aos coletivos foram em repres\u00e1lia \u00e0 morte de tr\u00eas assaltantes, os agentes apostam na precau\u00e7\u00e3o para inibir uma poss\u00edvel rebeli\u00e3o.<\/p>\n<p style=\"text-align: justify;\">Rondas a noite em algumas unidades prisionais est\u00e3o previstas.<\/p>\n<p style=\"text-align: justify;\">&#8220;Aqui na FOC, o maior pres\u00eddio que tem a gente vai ficar durante a noite. Vamos rodar \u00e0 paisana e tamb\u00e9m na UP4 onde aconteceu aquela invas\u00e3o. E tamb\u00e9m na unidade UPQ, do Quinari, que \u00e9 um pres\u00eddio isolado e precisamos guardar os presos que est\u00e3o l\u00e1 e tamb\u00e9m nossos companheiros que est\u00e3o l\u00e1, que s\u00e3o os agentes penitenci\u00e1rios&#8221;, afirmou o presidente da Associa\u00e7\u00e3o, Jos\u00e9 Janes.<\/p>\n<p style=\"text-align: justify;\">Na tarde desta quarta-feira, um grupo de agentes que atuam na escolta se apresentou no pres\u00eddio Francisco D\u2019Oliveira Conde.<\/p>\n<p style=\"text-align: justify;\">&#8220;O agente penitenci\u00e1rio \u00e9 muito criticado e muito desvalorizado, muitas vezes por a\u00e7\u00e3o de alguns irrespons\u00e1veis que fazem besteiras com seu emprego, mas aqui a maioria \u00e9 de pessoas de fam\u00edlia, de bem. Estamos demonstrando que o agente penitenci\u00e1rio n\u00e3o est\u00e1 s\u00f3 preocupado n\u00e3o s\u00f3 com a seguran\u00e7a interna, mas tamb\u00e9m com a sociedade&#8221;, disse o servidor De Assis.<\/p>\n<p style=\"text-align: justify;\">Com os volunt\u00e1rios trabalhando nos dias de folga, o n\u00famero de agentes dentro do pres\u00eddio \u00e9 de 120, segundo a associa\u00e7\u00e3o. O refor\u00e7o, segundo a categoria, ser\u00e1 garantido at\u00e9 a situa\u00e7\u00e3o normalizar e os agentes prometem atuar inclusive no domingo, dia de visitas.<\/p>\n","protected":false},"excerpt":{"rendered":"<p style=\"text-align: justify;\">Oitenta servidores foram alocados para penitenci\u00e1rias<\/p>\n","protected":false},"author":4,"featured_media":28081,"comment_status":"open","ping_status":"open","sticky":false,"template":"","format":"standard","meta":{"jnews-multi-image_gallery":[],"jnews_single_post":[],"jnews_primary_category":[],"jnews_social_meta":[],"jnews_review":[],"enable_review":"","type":"","name":"","summary":"","brand":"","sku":"","good":[],"bad":[],"score_override":"","override_value":"","rating":[],"price":[],"footnotes":""},"categories":[44],"tags":[],"class_list":["post-28082","post","type-post","status-publish","format-standard","has-post-thumbnail","hentry","category-policia"],"yoast_head":"<!-- This site is optimized with the Yoast SEO plugin v26.5 - https:\/\/yoast.com\/wordpress\/plugins\/seo\/ -->\n<title>Nas pris\u00f5es, refor\u00e7o de agentes penitenci\u00e1rios - Agazeta.net<\/title>\n<meta name=\"robots\" content=\"index, follow, max-snippet:-1, max-image-preview:large, max-video-preview:-1\" \/>\n<link rel=\"canonical\" href=\"https:\/\/nk7-testes.com.br\/agazeta\/nas-prisoes-reforco-de-agentes-penitenciarios\/\" \/>\n<meta property=\"og:locale\" content=\"pt_BR\" \/>\n<meta property=\"og:type\" content=\"article\" \/>\n<meta property=\"og:title\" content=\"Nas pris\u00f5es, refor\u00e7o de agentes penitenci\u00e1rios - Agazeta.net\" \/>\n<meta property=\"og:description\" content=\"Oitenta servidores foram alocados para penitenci\u00e1rias\" \/>\n<meta property=\"og:url\" content=\"https:\/\/nk7-testes.com.br\/agazeta\/nas-prisoes-reforco-de-agentes-penitenciarios\/\" \/>\n<meta property=\"og:site_name\" content=\"Agazeta.net\" \/>\n<meta property=\"article:published_time\" content=\"2017-02-16T13:18:49+00:00\" \/>\n<meta property=\"og:image\" content=\"https:\/\/nk7-testes.com.br\/agazeta\/wp-content\/uploads\/2017\/02\/160217-policia-agentespenitenciarios-tvgazeta2.jpg\" \/>\n\t<meta property=\"og:image:width\" content=\"458\" \/>\n\t<meta property=\"og:image:height\" content=\"340\" \/>\n\t<meta property=\"og:image:type\" content=\"image\/jpeg\" \/>\n<meta name=\"author\" content=\"Agazeta.Net\" \/>\n<meta name=\"twitter:card\" content=\"summary_large_image\" \/>\n<meta name=\"twitter:label1\" content=\"Escrito por\" \/>\n\t<meta name=\"twitter:data1\" content=\"Agazeta.Net\" \/>\n\t<meta name=\"twitter:label2\" content=\"Est. tempo de leitura\" \/>\n\t<meta name=\"twitter:data2\" content=\"2 minutos\" \/>\n<script type=\"application\/ld+json\" class=\"yoast-schema-graph\">{\"@context\":\"https:\/\/schema.org\",\"@graph\":[{\"@type\":\"WebPage\",\"@id\":\"https:\/\/nk7-testes.com.br\/agazeta\/nas-prisoes-reforco-de-agentes-penitenciarios\/\",\"url\":\"https:\/\/nk7-testes.com.br\/agazeta\/nas-prisoes-reforco-de-agentes-penitenciarios\/\",\"name\":\"Nas pris\u00f5es, refor\u00e7o de agentes penitenci\u00e1rios - Agazeta.net\",\"isPartOf\":{\"@id\":\"https:\/\/nk7-testes.com.br\/agazeta\/#website\"},\"primaryImageOfPage\":{\"@id\":\"https:\/\/nk7-testes.com.br\/agazeta\/nas-prisoes-reforco-de-agentes-penitenciarios\/#primaryimage\"},\"image\":{\"@id\":\"https:\/\/nk7-testes.com.br\/agazeta\/nas-prisoes-reforco-de-agentes-penitenciarios\/#primaryimage\"},\"thumbnailUrl\":\"https:\/\/nk7-testes.com.br\/agazeta\/wp-content\/uploads\/2017\/02\/160217-policia-agentespenitenciarios-tvgazeta2.jpg\",\"datePublished\":\"2017-02-16T13:18:49+00:00\",\"author\":{\"@id\":\"https:\/\/nk7-testes.com.br\/agazeta\/#\/schema\/person\/ff6b39d54d6973bfc57f4140f659b23f\"},\"breadcrumb\":{\"@id\":\"https:\/\/nk7-testes.com.br\/agazeta\/nas-prisoes-reforco-de-agentes-penitenciarios\/#breadcrumb\"},\"inLanguage\":\"pt-BR\",\"potentialAction\":[{\"@type\":\"ReadAction\",\"target\":[\"https:\/\/nk7-testes.com.br\/agazeta\/nas-prisoes-reforco-de-agentes-penitenciarios\/\"]}]},{\"@type\":\"ImageObject\",\"inLanguage\":\"pt-BR\",\"@id\":\"https:\/\/nk7-testes.com.br\/agazeta\/nas-prisoes-reforco-de-agentes-penitenciarios\/#primaryimage\",\"url\":\"https:\/\/nk7-testes.com.br\/agazeta\/wp-content\/uploads\/2017\/02\/160217-policia-agentespenitenciarios-tvgazeta2.jpg\",\"contentUrl\":\"https:\/\/nk7-testes.com.br\/agazeta\/wp-content\/uploads\/2017\/02\/160217-policia-agentespenitenciarios-tvgazeta2.jpg\",\"width\":458,\"height\":340,\"caption\":\"160217-policia-agentespenitenciarios-tvgazeta2\"},{\"@type\":\"BreadcrumbList\",\"@id\":\"https:\/\/nk7-testes.com.br\/agazeta\/nas-prisoes-reforco-de-agentes-penitenciarios\/#breadcrumb\",\"itemListElement\":[{\"@type\":\"ListItem\",\"position\":1,\"name\":\"In\u00edcio\",\"item\":\"https:\/\/nk7-testes.com.br\/agazeta\/\"},{\"@type\":\"ListItem\",\"position\":2,\"name\":\"Nas pris\u00f5es, refor\u00e7o de agentes penitenci\u00e1rios\"}]},{\"@type\":\"WebSite\",\"@id\":\"https:\/\/nk7-testes.com.br\/agazeta\/#website\",\"url\":\"https:\/\/nk7-testes.com.br\/agazeta\/\",\"name\":\"Agazeta.net\",\"description\":\"Agazeta.net - Not\u00edcias de Rio Branco\/AC\",\"potentialAction\":[{\"@type\":\"SearchAction\",\"target\":{\"@type\":\"EntryPoint\",\"urlTemplate\":\"https:\/\/nk7-testes.com.br\/agazeta\/?s={search_term_string}\"},\"query-input\":{\"@type\":\"PropertyValueSpecification\",\"valueRequired\":true,\"valueName\":\"search_term_string\"}}],\"inLanguage\":\"pt-BR\"},{\"@type\":\"Person\",\"@id\":\"https:\/\/nk7-testes.com.br\/agazeta\/#\/schema\/person\/ff6b39d54d6973bfc57f4140f659b23f\",\"name\":\"Agazeta.Net\",\"url\":\"https:\/\/nk7-testes.com.br\/agazeta\/author\/agazeta\/\"}]}<\/script>\n<!-- \/ Yoast SEO plugin. -->","yoast_head_json":{"title":"Nas pris\u00f5es, refor\u00e7o de agentes penitenci\u00e1rios - Agazeta.net","robots":{"index":"index","follow":"follow","max-snippet":"max-snippet:-1","max-image-preview":"max-image-preview:large","max-video-preview":"max-video-preview:-1"},"canonical":"https:\/\/nk7-testes.com.br\/agazeta\/nas-prisoes-reforco-de-agentes-penitenciarios\/","og_locale":"pt_BR","og_type":"article","og_title":"Nas pris\u00f5es, refor\u00e7o de agentes penitenci\u00e1rios - Agazeta.net","og_description":"Oitenta servidores foram alocados para penitenci\u00e1rias","og_url":"https:\/\/nk7-testes.com.br\/agazeta\/nas-prisoes-reforco-de-agentes-penitenciarios\/","og_site_name":"Agazeta.net","article_published_time":"2017-02-16T13:18:49+00:00","og_image":[{"width":458,"height":340,"url":"https:\/\/nk7-testes.com.br\/agazeta\/wp-content\/uploads\/2017\/02\/160217-policia-agentespenitenciarios-tvgazeta2.jpg","type":"image\/jpeg"}],"author":"Agazeta.Net","twitter_card":"summary_large_image","twitter_misc":{"Escrito por":"Agazeta.Net","Est. tempo de leitura":"2 minutos"},"schema":{"@context":"https:\/\/schema.org","@graph":[{"@type":"WebPage","@id":"https:\/\/nk7-testes.com.br\/agazeta\/nas-prisoes-reforco-de-agentes-penitenciarios\/","url":"https:\/\/nk7-testes.com.br\/agazeta\/nas-prisoes-reforco-de-agentes-penitenciarios\/","name":"Nas pris\u00f5es, refor\u00e7o de agentes penitenci\u00e1rios - Agazeta.net","isPartOf":{"@id":"https:\/\/nk7-testes.com.br\/agazeta\/#website"},"primaryImageOfPage":{"@id":"https:\/\/nk7-testes.com.br\/agazeta\/nas-prisoes-reforco-de-agentes-penitenciarios\/#primaryimage"},"image":{"@id":"https:\/\/nk7-testes.com.br\/agazeta\/nas-prisoes-reforco-de-agentes-penitenciarios\/#primaryimage"},"thumbnailUrl":"https:\/\/nk7-testes.com.br\/agazeta\/wp-content\/uploads\/2017\/02\/160217-policia-agentespenitenciarios-tvgazeta2.jpg","datePublished":"2017-02-16T13:18:49+00:00","author":{"@id":"https:\/\/nk7-testes.com.br\/agazeta\/#\/schema\/person\/ff6b39d54d6973bfc57f4140f659b23f"},"breadcrumb":{"@id":"https:\/\/nk7-testes.com.br\/agazeta\/nas-prisoes-reforco-de-agentes-penitenciarios\/#breadcrumb"},"inLanguage":"pt-BR","potentialAction":[{"@type":"ReadAction","target":["https:\/\/nk7-testes.com.br\/agazeta\/nas-prisoes-reforco-de-agentes-penitenciarios\/"]}]},{"@type":"ImageObject","inLanguage":"pt-BR","@id":"https:\/\/nk7-testes.com.br\/agazeta\/nas-prisoes-reforco-de-agentes-penitenciarios\/#primaryimage","url":"https:\/\/nk7-testes.com.br\/agazeta\/wp-content\/uploads\/2017\/02\/160217-policia-agentespenitenciarios-tvgazeta2.jpg","contentUrl":"https:\/\/nk7-testes.com.br\/agazeta\/wp-content\/uploads\/2017\/02\/160217-policia-agentespenitenciarios-tvgazeta2.jpg","width":458,"height":340,"caption":"160217-policia-agentespenitenciarios-tvgazeta2"},{"@type":"BreadcrumbList","@id":"https:\/\/nk7-testes.com.br\/agazeta\/nas-prisoes-reforco-de-agentes-penitenciarios\/#breadcrumb","itemListElement":[{"@type":"ListItem","position":1,"name":"In\u00edcio","item":"https:\/\/nk7-testes.com.br\/agazeta\/"},{"@type":"ListItem","position":2,"name":"Nas pris\u00f5es, refor\u00e7o de agentes penitenci\u00e1rios"}]},{"@type":"WebSite","@id":"https:\/\/nk7-testes.com.br\/agazeta\/#website","url":"https:\/\/nk7-testes.com.br\/agazeta\/","name":"Agazeta.net","description":"Agazeta.net - Not\u00edcias de Rio Branco\/AC","potentialAction":[{"@type":"SearchAction","target":{"@type":"EntryPoint","urlTemplate":"https:\/\/nk7-testes.com.br\/agazeta\/?s={search_term_string}"},"query-input":{"@type":"PropertyValueSpecification","valueRequired":true,"valueName":"search_term_string"}}],"inLanguage":"pt-BR"},{"@type":"Person","@id":"https:\/\/nk7-testes.com.br\/agazeta\/#\/schema\/person\/ff6b39d54d6973bfc57f4140f659b23f","name":"Agazeta.Net","url":"https:\/\/nk7-testes.com.br\/agazeta\/author\/agazeta\/"}]}},"_links":{"self":[{"href":"https:\/\/nk7-testes.com.br\/agazeta\/wp-json\/wp\/v2\/posts\/28082","targetHints":{"allow":["GET"]}}],"collection":[{"href":"https:\/\/nk7-testes.com.br\/agazeta\/wp-json\/wp\/v2\/posts"}],"about":[{"href":"https:\/\/nk7-testes.com.br\/agazeta\/wp-json\/wp\/v2\/types\/post"}],"author":[{"embeddable":true,"href":"https:\/\/nk7-testes.com.br\/agazeta\/wp-json\/wp\/v2\/users\/4"}],"replies":[{"embeddable":true,"href":"https:\/\/nk7-testes.com.br\/agazeta\/wp-json\/wp\/v2\/comments?post=28082"}],"version-history":[{"count":0,"href":"https:\/\/nk7-testes.com.br\/agazeta\/wp-json\/wp\/v2\/posts\/28082\/revisions"}],"wp:featuredmedia":[{"embeddable":true,"href":"https:\/\/nk7-testes.com.br\/agazeta\/wp-json\/wp\/v2\/media\/28081"}],"wp:attachment":[{"href":"https:\/\/nk7-testes.com.br\/agazeta\/wp-json\/wp\/v2\/media?parent=28082"}],"wp:term":[{"taxonomy":"category","embeddable":true,"href":"https:\/\/nk7-testes.com.br\/agazeta\/wp-json\/wp\/v2\/categories?post=28082"},{"taxonomy":"post_tag","embeddable":true,"href":"https:\/\/nk7-testes.com.br\/agazeta\/wp-json\/wp\/v2\/tags?post=28082"}],"curies":[{"name":"wp","href":"https:\/\/api.w.org\/{rel}","templated":true}]}}