{"id":27992,"date":"2017-02-11T17:03:18","date_gmt":"2017-02-11T17:03:18","guid":{"rendered":"https:\/\/abarevegan.com.br\/index.php\/2017\/02\/11\/associacao-lamenta-extincao-do-grupamento-giro\/"},"modified":"2017-02-11T17:03:18","modified_gmt":"2017-02-11T17:03:18","slug":"associacao-lamenta-extincao-do-grupamento-giro","status":"publish","type":"post","link":"https:\/\/nk7-testes.com.br\/agazeta\/associacao-lamenta-extincao-do-grupamento-giro\/","title":{"rendered":"Associa\u00e7\u00e3o lamenta extin\u00e7\u00e3o do grupamento Giro"},"content":{"rendered":"<p style=\"text-align: justify;\">Presen\u00e7a nas ruas comprometida pela gest\u00e3o<\/p>\n<p style=\"text-align: justify;\">O Grupo de Interven\u00e7\u00e3o R\u00e1pida e Ostensiva (Giro) da Pol\u00edcia Militar foi totalmente desativado em Rio Branco. A informa\u00e7\u00e3o foi confirmada pela Associa\u00e7\u00e3o de Militares do Estado (Ame), que desde 2015 alertava sobre essa possibilidade.<\/p>\n<p style=\"text-align: justify;\">Naquela \u00e9poca, a den\u00fancia era de insufici\u00eancia de viaturas para a demanda e falta de manuten\u00e7\u00e3o e pe\u00e7as para as motos que eram utilizadas. Dito e feito.<\/p>\n<p style=\"text-align: justify;\">O Giro foi criado com a finalidade de atuar em ocorr\u00eancias que envolvam principalmente infratores que utilizam motocicletas para cometer crimes.<\/p>\n<p style=\"text-align: justify;\">&#8220;O Giro tem e tinha uma participa\u00e7\u00e3o no atendimento r\u00e1pido das ocorr\u00eancias, sobretudo aquelas que est\u00e3o no centro da cidade. Em alguns hor\u00e1rios de pico, um carro ficaria preso no tr\u00e2nsito, enquanto que uma moto d\u00e1 maior agilidade no atendimento da ocorr\u00eancia&#8221;, afirma o presidente da AME, Joelson Dias.<\/p>\n<p style=\"text-align: justify;\">O problema da precariza\u00e7\u00e3o de viaturas se arrasta. A categoria j\u00e1 denunciou que militares chegavam a tirar dinheiro do bolso para fazer as viaturas rodarem, trocando pe\u00e7as e at\u00e9 colocando combust\u00edvel.<\/p>\n<p style=\"text-align: justify;\">&#8220;O que a gente espera \u00e9 que essas coisas mudem e a Pol\u00edcia Militar possa ter uma aten\u00e7\u00e3o mais especial do governo do estado. Que o governador se sensibilize e possa fazer mais investimentos na seguran\u00e7a p\u00fablica e em especial na Pol\u00edcia Militar&#8221;, conclui Dias.<\/p>\n<p style=\"text-align: justify;\">O Giro atuava em dois batalh\u00f5es da capital, o 1\u00ba e o 4\u00ba, atendendo um grande n\u00famero de bairros. Os resultados desse policiamento nunca deixaram d\u00favidas quanto sua import\u00e2ncia. Para a sociedade \u00e9 frustrante saber que um servi\u00e7o t\u00e3o eficaz ser\u00e1 desativado por falta de manuten\u00e7\u00e3o.<\/p>\n","protected":false},"excerpt":{"rendered":"<p style=\"text-align: justify;\">Presen\u00e7a nas ruas comprometida pela gest\u00e3o<\/p>\n","protected":false},"author":4,"featured_media":27991,"comment_status":"open","ping_status":"open","sticky":false,"template":"","format":"standard","meta":{"jnews-multi-image_gallery":[],"jnews_single_post":[],"jnews_primary_category":[],"jnews_social_meta":[],"jnews_review":[],"enable_review":"","type":"","name":"","summary":"","brand":"","sku":"","good":[],"bad":[],"score_override":"","override_value":"","rating":[],"price":[],"footnotes":""},"categories":[44],"tags":[],"class_list":["post-27992","post","type-post","status-publish","format-standard","has-post-thumbnail","hentry","category-policia"],"yoast_head":"<!-- This site is optimized with the Yoast SEO plugin v26.5 - https:\/\/yoast.com\/wordpress\/plugins\/seo\/ -->\n<title>Associa\u00e7\u00e3o lamenta extin\u00e7\u00e3o do grupamento Giro - Agazeta.net<\/title>\n<meta name=\"robots\" content=\"index, follow, max-snippet:-1, max-image-preview:large, max-video-preview:-1\" \/>\n<link rel=\"canonical\" href=\"https:\/\/nk7-testes.com.br\/agazeta\/associacao-lamenta-extincao-do-grupamento-giro\/\" \/>\n<meta property=\"og:locale\" content=\"pt_BR\" \/>\n<meta property=\"og:type\" content=\"article\" \/>\n<meta property=\"og:title\" content=\"Associa\u00e7\u00e3o lamenta extin\u00e7\u00e3o do grupamento Giro - Agazeta.net\" \/>\n<meta property=\"og:description\" content=\"Presen\u00e7a nas ruas comprometida pela gest\u00e3o\" \/>\n<meta property=\"og:url\" content=\"https:\/\/nk7-testes.com.br\/agazeta\/associacao-lamenta-extincao-do-grupamento-giro\/\" \/>\n<meta property=\"og:site_name\" content=\"Agazeta.net\" \/>\n<meta property=\"article:published_time\" content=\"2017-02-11T17:03:18+00:00\" \/>\n<meta property=\"og:image\" content=\"https:\/\/nk7-testes.com.br\/agazeta\/wp-content\/uploads\/2017\/02\/110217-policia-grupogiro-igormartinspmac.jpg\" \/>\n\t<meta property=\"og:image:width\" content=\"458\" \/>\n\t<meta property=\"og:image:height\" content=\"340\" \/>\n\t<meta property=\"og:image:type\" content=\"image\/jpeg\" \/>\n<meta name=\"author\" content=\"Agazeta.Net\" \/>\n<meta name=\"twitter:card\" content=\"summary_large_image\" \/>\n<meta name=\"twitter:label1\" content=\"Escrito por\" \/>\n\t<meta name=\"twitter:data1\" content=\"Agazeta.Net\" \/>\n\t<meta name=\"twitter:label2\" content=\"Est. tempo de leitura\" \/>\n\t<meta name=\"twitter:data2\" content=\"1 minuto\" \/>\n<script type=\"application\/ld+json\" class=\"yoast-schema-graph\">{\"@context\":\"https:\/\/schema.org\",\"@graph\":[{\"@type\":\"WebPage\",\"@id\":\"https:\/\/nk7-testes.com.br\/agazeta\/associacao-lamenta-extincao-do-grupamento-giro\/\",\"url\":\"https:\/\/nk7-testes.com.br\/agazeta\/associacao-lamenta-extincao-do-grupamento-giro\/\",\"name\":\"Associa\u00e7\u00e3o lamenta extin\u00e7\u00e3o do grupamento Giro - Agazeta.net\",\"isPartOf\":{\"@id\":\"https:\/\/nk7-testes.com.br\/agazeta\/#website\"},\"primaryImageOfPage\":{\"@id\":\"https:\/\/nk7-testes.com.br\/agazeta\/associacao-lamenta-extincao-do-grupamento-giro\/#primaryimage\"},\"image\":{\"@id\":\"https:\/\/nk7-testes.com.br\/agazeta\/associacao-lamenta-extincao-do-grupamento-giro\/#primaryimage\"},\"thumbnailUrl\":\"https:\/\/nk7-testes.com.br\/agazeta\/wp-content\/uploads\/2017\/02\/110217-policia-grupogiro-igormartinspmac.jpg\",\"datePublished\":\"2017-02-11T17:03:18+00:00\",\"author\":{\"@id\":\"https:\/\/nk7-testes.com.br\/agazeta\/#\/schema\/person\/ff6b39d54d6973bfc57f4140f659b23f\"},\"breadcrumb\":{\"@id\":\"https:\/\/nk7-testes.com.br\/agazeta\/associacao-lamenta-extincao-do-grupamento-giro\/#breadcrumb\"},\"inLanguage\":\"pt-BR\",\"potentialAction\":[{\"@type\":\"ReadAction\",\"target\":[\"https:\/\/nk7-testes.com.br\/agazeta\/associacao-lamenta-extincao-do-grupamento-giro\/\"]}]},{\"@type\":\"ImageObject\",\"inLanguage\":\"pt-BR\",\"@id\":\"https:\/\/nk7-testes.com.br\/agazeta\/associacao-lamenta-extincao-do-grupamento-giro\/#primaryimage\",\"url\":\"https:\/\/nk7-testes.com.br\/agazeta\/wp-content\/uploads\/2017\/02\/110217-policia-grupogiro-igormartinspmac.jpg\",\"contentUrl\":\"https:\/\/nk7-testes.com.br\/agazeta\/wp-content\/uploads\/2017\/02\/110217-policia-grupogiro-igormartinspmac.jpg\",\"width\":458,\"height\":340,\"caption\":\"110217-policia-grupogiro-igormartinspmac\"},{\"@type\":\"BreadcrumbList\",\"@id\":\"https:\/\/nk7-testes.com.br\/agazeta\/associacao-lamenta-extincao-do-grupamento-giro\/#breadcrumb\",\"itemListElement\":[{\"@type\":\"ListItem\",\"position\":1,\"name\":\"In\u00edcio\",\"item\":\"https:\/\/nk7-testes.com.br\/agazeta\/\"},{\"@type\":\"ListItem\",\"position\":2,\"name\":\"Associa\u00e7\u00e3o lamenta extin\u00e7\u00e3o do grupamento Giro\"}]},{\"@type\":\"WebSite\",\"@id\":\"https:\/\/nk7-testes.com.br\/agazeta\/#website\",\"url\":\"https:\/\/nk7-testes.com.br\/agazeta\/\",\"name\":\"Agazeta.net\",\"description\":\"Agazeta.net - Not\u00edcias de Rio Branco\/AC\",\"potentialAction\":[{\"@type\":\"SearchAction\",\"target\":{\"@type\":\"EntryPoint\",\"urlTemplate\":\"https:\/\/nk7-testes.com.br\/agazeta\/?s={search_term_string}\"},\"query-input\":{\"@type\":\"PropertyValueSpecification\",\"valueRequired\":true,\"valueName\":\"search_term_string\"}}],\"inLanguage\":\"pt-BR\"},{\"@type\":\"Person\",\"@id\":\"https:\/\/nk7-testes.com.br\/agazeta\/#\/schema\/person\/ff6b39d54d6973bfc57f4140f659b23f\",\"name\":\"Agazeta.Net\",\"url\":\"https:\/\/nk7-testes.com.br\/agazeta\/author\/agazeta\/\"}]}<\/script>\n<!-- \/ Yoast SEO plugin. -->","yoast_head_json":{"title":"Associa\u00e7\u00e3o lamenta extin\u00e7\u00e3o do grupamento Giro - Agazeta.net","robots":{"index":"index","follow":"follow","max-snippet":"max-snippet:-1","max-image-preview":"max-image-preview:large","max-video-preview":"max-video-preview:-1"},"canonical":"https:\/\/nk7-testes.com.br\/agazeta\/associacao-lamenta-extincao-do-grupamento-giro\/","og_locale":"pt_BR","og_type":"article","og_title":"Associa\u00e7\u00e3o lamenta extin\u00e7\u00e3o do grupamento Giro - Agazeta.net","og_description":"Presen\u00e7a nas ruas comprometida pela gest\u00e3o","og_url":"https:\/\/nk7-testes.com.br\/agazeta\/associacao-lamenta-extincao-do-grupamento-giro\/","og_site_name":"Agazeta.net","article_published_time":"2017-02-11T17:03:18+00:00","og_image":[{"width":458,"height":340,"url":"https:\/\/nk7-testes.com.br\/agazeta\/wp-content\/uploads\/2017\/02\/110217-policia-grupogiro-igormartinspmac.jpg","type":"image\/jpeg"}],"author":"Agazeta.Net","twitter_card":"summary_large_image","twitter_misc":{"Escrito por":"Agazeta.Net","Est. tempo de leitura":"1 minuto"},"schema":{"@context":"https:\/\/schema.org","@graph":[{"@type":"WebPage","@id":"https:\/\/nk7-testes.com.br\/agazeta\/associacao-lamenta-extincao-do-grupamento-giro\/","url":"https:\/\/nk7-testes.com.br\/agazeta\/associacao-lamenta-extincao-do-grupamento-giro\/","name":"Associa\u00e7\u00e3o lamenta extin\u00e7\u00e3o do grupamento Giro - Agazeta.net","isPartOf":{"@id":"https:\/\/nk7-testes.com.br\/agazeta\/#website"},"primaryImageOfPage":{"@id":"https:\/\/nk7-testes.com.br\/agazeta\/associacao-lamenta-extincao-do-grupamento-giro\/#primaryimage"},"image":{"@id":"https:\/\/nk7-testes.com.br\/agazeta\/associacao-lamenta-extincao-do-grupamento-giro\/#primaryimage"},"thumbnailUrl":"https:\/\/nk7-testes.com.br\/agazeta\/wp-content\/uploads\/2017\/02\/110217-policia-grupogiro-igormartinspmac.jpg","datePublished":"2017-02-11T17:03:18+00:00","author":{"@id":"https:\/\/nk7-testes.com.br\/agazeta\/#\/schema\/person\/ff6b39d54d6973bfc57f4140f659b23f"},"breadcrumb":{"@id":"https:\/\/nk7-testes.com.br\/agazeta\/associacao-lamenta-extincao-do-grupamento-giro\/#breadcrumb"},"inLanguage":"pt-BR","potentialAction":[{"@type":"ReadAction","target":["https:\/\/nk7-testes.com.br\/agazeta\/associacao-lamenta-extincao-do-grupamento-giro\/"]}]},{"@type":"ImageObject","inLanguage":"pt-BR","@id":"https:\/\/nk7-testes.com.br\/agazeta\/associacao-lamenta-extincao-do-grupamento-giro\/#primaryimage","url":"https:\/\/nk7-testes.com.br\/agazeta\/wp-content\/uploads\/2017\/02\/110217-policia-grupogiro-igormartinspmac.jpg","contentUrl":"https:\/\/nk7-testes.com.br\/agazeta\/wp-content\/uploads\/2017\/02\/110217-policia-grupogiro-igormartinspmac.jpg","width":458,"height":340,"caption":"110217-policia-grupogiro-igormartinspmac"},{"@type":"BreadcrumbList","@id":"https:\/\/nk7-testes.com.br\/agazeta\/associacao-lamenta-extincao-do-grupamento-giro\/#breadcrumb","itemListElement":[{"@type":"ListItem","position":1,"name":"In\u00edcio","item":"https:\/\/nk7-testes.com.br\/agazeta\/"},{"@type":"ListItem","position":2,"name":"Associa\u00e7\u00e3o lamenta extin\u00e7\u00e3o do grupamento Giro"}]},{"@type":"WebSite","@id":"https:\/\/nk7-testes.com.br\/agazeta\/#website","url":"https:\/\/nk7-testes.com.br\/agazeta\/","name":"Agazeta.net","description":"Agazeta.net - Not\u00edcias de Rio Branco\/AC","potentialAction":[{"@type":"SearchAction","target":{"@type":"EntryPoint","urlTemplate":"https:\/\/nk7-testes.com.br\/agazeta\/?s={search_term_string}"},"query-input":{"@type":"PropertyValueSpecification","valueRequired":true,"valueName":"search_term_string"}}],"inLanguage":"pt-BR"},{"@type":"Person","@id":"https:\/\/nk7-testes.com.br\/agazeta\/#\/schema\/person\/ff6b39d54d6973bfc57f4140f659b23f","name":"Agazeta.Net","url":"https:\/\/nk7-testes.com.br\/agazeta\/author\/agazeta\/"}]}},"_links":{"self":[{"href":"https:\/\/nk7-testes.com.br\/agazeta\/wp-json\/wp\/v2\/posts\/27992","targetHints":{"allow":["GET"]}}],"collection":[{"href":"https:\/\/nk7-testes.com.br\/agazeta\/wp-json\/wp\/v2\/posts"}],"about":[{"href":"https:\/\/nk7-testes.com.br\/agazeta\/wp-json\/wp\/v2\/types\/post"}],"author":[{"embeddable":true,"href":"https:\/\/nk7-testes.com.br\/agazeta\/wp-json\/wp\/v2\/users\/4"}],"replies":[{"embeddable":true,"href":"https:\/\/nk7-testes.com.br\/agazeta\/wp-json\/wp\/v2\/comments?post=27992"}],"version-history":[{"count":0,"href":"https:\/\/nk7-testes.com.br\/agazeta\/wp-json\/wp\/v2\/posts\/27992\/revisions"}],"wp:featuredmedia":[{"embeddable":true,"href":"https:\/\/nk7-testes.com.br\/agazeta\/wp-json\/wp\/v2\/media\/27991"}],"wp:attachment":[{"href":"https:\/\/nk7-testes.com.br\/agazeta\/wp-json\/wp\/v2\/media?parent=27992"}],"wp:term":[{"taxonomy":"category","embeddable":true,"href":"https:\/\/nk7-testes.com.br\/agazeta\/wp-json\/wp\/v2\/categories?post=27992"},{"taxonomy":"post_tag","embeddable":true,"href":"https:\/\/nk7-testes.com.br\/agazeta\/wp-json\/wp\/v2\/tags?post=27992"}],"curies":[{"name":"wp","href":"https:\/\/api.w.org\/{rel}","templated":true}]}}