{"id":27907,"date":"2017-02-07T14:50:56","date_gmt":"2017-02-07T14:50:56","guid":{"rendered":"https:\/\/abarevegan.com.br\/index.php\/2017\/02\/07\/jovem-que-levou-tiro-no-rosto-em-sena-chega-ao-ps\/"},"modified":"2017-02-07T14:50:56","modified_gmt":"2017-02-07T14:50:56","slug":"jovem-que-levou-tiro-no-rosto-em-sena-chega-ao-ps","status":"publish","type":"post","link":"https:\/\/nk7-testes.com.br\/agazeta\/jovem-que-levou-tiro-no-rosto-em-sena-chega-ao-ps\/","title":{"rendered":"Jovem que levou tiro no rosto em Sena chega ao PS"},"content":{"rendered":"<p style=\"text-align: justify;\">Wiliam de Lima chegou em estado grave<\/p>\n<p style=\"text-align: justify;\">Wiliam Santos de Lima, 26, residente na Rua Siqueira Campos, em Sena Madureira, foi v\u00edtima de uma tentativa de assassinato no final da tarde desta segunda-feira. Ao se encontrar cortando o cabelo, o jovem foi surpreendido por dois infratores e atingido com um tiro no rosto.<\/p>\n<p style=\"text-align: justify;\">Sangrando bastante, Wiliam de Lima foi socorrido pelo Samu e conduzido para o Pronto Socorro do Hospital Jo\u00e3o C\u00e2ncio Fernandes, onde deu entrada em estado grave. Ap\u00f3s os primeiros atendimentos em Sena, ele foi transferido \u00e0s pressas para Rio Branco em raz\u00e3o da gravidade dos ferimentos.<\/p>\n<p style=\"text-align: justify;\">Segundo consta, o crime teria sido praticado por dois homens que estavam em uma motocicleta. A pol\u00edcia trata o caso como um \u201cajuste de contas motivado pela briga entre fac\u00e7\u00f5es rivais\u201d. Acionada, a Pol\u00edcia Militar fez diversas rondas na Siqueira Campos e bairros adjacentes.<\/p>\n","protected":false},"excerpt":{"rendered":"<p style=\"text-align: justify;\">Wiliam de Lima chegou em estado grave<\/p>\n","protected":false},"author":4,"featured_media":27906,"comment_status":"open","ping_status":"open","sticky":false,"template":"","format":"standard","meta":{"jnews-multi-image_gallery":[],"jnews_single_post":[],"jnews_primary_category":[],"jnews_social_meta":[],"jnews_review":[],"enable_review":"","type":"","name":"","summary":"","brand":"","sku":"","good":[],"bad":[],"score_override":"","override_value":"","rating":[],"price":[],"footnotes":""},"categories":[44],"tags":[],"class_list":["post-27907","post","type-post","status-publish","format-standard","has-post-thumbnail","hentry","category-policia"],"yoast_head":"<!-- This site is optimized with the Yoast SEO plugin v26.5 - https:\/\/yoast.com\/wordpress\/plugins\/seo\/ -->\n<title>Jovem que levou tiro no rosto em Sena chega ao PS - Agazeta.net<\/title>\n<meta name=\"robots\" content=\"index, follow, max-snippet:-1, max-image-preview:large, max-video-preview:-1\" \/>\n<link rel=\"canonical\" href=\"https:\/\/nk7-testes.com.br\/agazeta\/jovem-que-levou-tiro-no-rosto-em-sena-chega-ao-ps\/\" \/>\n<meta property=\"og:locale\" content=\"pt_BR\" \/>\n<meta property=\"og:type\" content=\"article\" \/>\n<meta property=\"og:title\" content=\"Jovem que levou tiro no rosto em Sena chega ao PS - Agazeta.net\" \/>\n<meta property=\"og:description\" content=\"Wiliam de Lima chegou em estado grave\" \/>\n<meta property=\"og:url\" content=\"https:\/\/nk7-testes.com.br\/agazeta\/jovem-que-levou-tiro-no-rosto-em-sena-chega-ao-ps\/\" \/>\n<meta property=\"og:site_name\" content=\"Agazeta.net\" \/>\n<meta property=\"article:published_time\" content=\"2017-02-07T14:50:56+00:00\" \/>\n<meta property=\"og:image\" content=\"https:\/\/nk7-testes.com.br\/agazeta\/wp-content\/uploads\/2017\/02\/070217-policia-jovemtiro-cleriston.jpg\" \/>\n\t<meta property=\"og:image:width\" content=\"458\" \/>\n\t<meta property=\"og:image:height\" content=\"340\" \/>\n\t<meta property=\"og:image:type\" content=\"image\/jpeg\" \/>\n<meta name=\"author\" content=\"Agazeta.Net\" \/>\n<meta name=\"twitter:card\" content=\"summary_large_image\" \/>\n<meta name=\"twitter:label1\" content=\"Escrito por\" \/>\n\t<meta name=\"twitter:data1\" content=\"Agazeta.Net\" \/>\n\t<meta name=\"twitter:label2\" content=\"Est. tempo de leitura\" \/>\n\t<meta name=\"twitter:data2\" content=\"1 minuto\" \/>\n<script type=\"application\/ld+json\" class=\"yoast-schema-graph\">{\"@context\":\"https:\/\/schema.org\",\"@graph\":[{\"@type\":\"WebPage\",\"@id\":\"https:\/\/nk7-testes.com.br\/agazeta\/jovem-que-levou-tiro-no-rosto-em-sena-chega-ao-ps\/\",\"url\":\"https:\/\/nk7-testes.com.br\/agazeta\/jovem-que-levou-tiro-no-rosto-em-sena-chega-ao-ps\/\",\"name\":\"Jovem que levou tiro no rosto em Sena chega ao PS - Agazeta.net\",\"isPartOf\":{\"@id\":\"https:\/\/nk7-testes.com.br\/agazeta\/#website\"},\"primaryImageOfPage\":{\"@id\":\"https:\/\/nk7-testes.com.br\/agazeta\/jovem-que-levou-tiro-no-rosto-em-sena-chega-ao-ps\/#primaryimage\"},\"image\":{\"@id\":\"https:\/\/nk7-testes.com.br\/agazeta\/jovem-que-levou-tiro-no-rosto-em-sena-chega-ao-ps\/#primaryimage\"},\"thumbnailUrl\":\"https:\/\/nk7-testes.com.br\/agazeta\/wp-content\/uploads\/2017\/02\/070217-policia-jovemtiro-cleriston.jpg\",\"datePublished\":\"2017-02-07T14:50:56+00:00\",\"author\":{\"@id\":\"https:\/\/nk7-testes.com.br\/agazeta\/#\/schema\/person\/ff6b39d54d6973bfc57f4140f659b23f\"},\"breadcrumb\":{\"@id\":\"https:\/\/nk7-testes.com.br\/agazeta\/jovem-que-levou-tiro-no-rosto-em-sena-chega-ao-ps\/#breadcrumb\"},\"inLanguage\":\"pt-BR\",\"potentialAction\":[{\"@type\":\"ReadAction\",\"target\":[\"https:\/\/nk7-testes.com.br\/agazeta\/jovem-que-levou-tiro-no-rosto-em-sena-chega-ao-ps\/\"]}]},{\"@type\":\"ImageObject\",\"inLanguage\":\"pt-BR\",\"@id\":\"https:\/\/nk7-testes.com.br\/agazeta\/jovem-que-levou-tiro-no-rosto-em-sena-chega-ao-ps\/#primaryimage\",\"url\":\"https:\/\/nk7-testes.com.br\/agazeta\/wp-content\/uploads\/2017\/02\/070217-policia-jovemtiro-cleriston.jpg\",\"contentUrl\":\"https:\/\/nk7-testes.com.br\/agazeta\/wp-content\/uploads\/2017\/02\/070217-policia-jovemtiro-cleriston.jpg\",\"width\":458,\"height\":340,\"caption\":\"070217-policia-jovemtiro-cleriston\"},{\"@type\":\"BreadcrumbList\",\"@id\":\"https:\/\/nk7-testes.com.br\/agazeta\/jovem-que-levou-tiro-no-rosto-em-sena-chega-ao-ps\/#breadcrumb\",\"itemListElement\":[{\"@type\":\"ListItem\",\"position\":1,\"name\":\"In\u00edcio\",\"item\":\"https:\/\/nk7-testes.com.br\/agazeta\/\"},{\"@type\":\"ListItem\",\"position\":2,\"name\":\"Jovem que levou tiro no rosto em Sena chega ao PS\"}]},{\"@type\":\"WebSite\",\"@id\":\"https:\/\/nk7-testes.com.br\/agazeta\/#website\",\"url\":\"https:\/\/nk7-testes.com.br\/agazeta\/\",\"name\":\"Agazeta.net\",\"description\":\"Agazeta.net - Not\u00edcias de Rio Branco\/AC\",\"potentialAction\":[{\"@type\":\"SearchAction\",\"target\":{\"@type\":\"EntryPoint\",\"urlTemplate\":\"https:\/\/nk7-testes.com.br\/agazeta\/?s={search_term_string}\"},\"query-input\":{\"@type\":\"PropertyValueSpecification\",\"valueRequired\":true,\"valueName\":\"search_term_string\"}}],\"inLanguage\":\"pt-BR\"},{\"@type\":\"Person\",\"@id\":\"https:\/\/nk7-testes.com.br\/agazeta\/#\/schema\/person\/ff6b39d54d6973bfc57f4140f659b23f\",\"name\":\"Agazeta.Net\",\"url\":\"https:\/\/nk7-testes.com.br\/agazeta\/author\/agazeta\/\"}]}<\/script>\n<!-- \/ Yoast SEO plugin. -->","yoast_head_json":{"title":"Jovem que levou tiro no rosto em Sena chega ao PS - Agazeta.net","robots":{"index":"index","follow":"follow","max-snippet":"max-snippet:-1","max-image-preview":"max-image-preview:large","max-video-preview":"max-video-preview:-1"},"canonical":"https:\/\/nk7-testes.com.br\/agazeta\/jovem-que-levou-tiro-no-rosto-em-sena-chega-ao-ps\/","og_locale":"pt_BR","og_type":"article","og_title":"Jovem que levou tiro no rosto em Sena chega ao PS - Agazeta.net","og_description":"Wiliam de Lima chegou em estado grave","og_url":"https:\/\/nk7-testes.com.br\/agazeta\/jovem-que-levou-tiro-no-rosto-em-sena-chega-ao-ps\/","og_site_name":"Agazeta.net","article_published_time":"2017-02-07T14:50:56+00:00","og_image":[{"width":458,"height":340,"url":"https:\/\/nk7-testes.com.br\/agazeta\/wp-content\/uploads\/2017\/02\/070217-policia-jovemtiro-cleriston.jpg","type":"image\/jpeg"}],"author":"Agazeta.Net","twitter_card":"summary_large_image","twitter_misc":{"Escrito por":"Agazeta.Net","Est. tempo de leitura":"1 minuto"},"schema":{"@context":"https:\/\/schema.org","@graph":[{"@type":"WebPage","@id":"https:\/\/nk7-testes.com.br\/agazeta\/jovem-que-levou-tiro-no-rosto-em-sena-chega-ao-ps\/","url":"https:\/\/nk7-testes.com.br\/agazeta\/jovem-que-levou-tiro-no-rosto-em-sena-chega-ao-ps\/","name":"Jovem que levou tiro no rosto em Sena chega ao PS - Agazeta.net","isPartOf":{"@id":"https:\/\/nk7-testes.com.br\/agazeta\/#website"},"primaryImageOfPage":{"@id":"https:\/\/nk7-testes.com.br\/agazeta\/jovem-que-levou-tiro-no-rosto-em-sena-chega-ao-ps\/#primaryimage"},"image":{"@id":"https:\/\/nk7-testes.com.br\/agazeta\/jovem-que-levou-tiro-no-rosto-em-sena-chega-ao-ps\/#primaryimage"},"thumbnailUrl":"https:\/\/nk7-testes.com.br\/agazeta\/wp-content\/uploads\/2017\/02\/070217-policia-jovemtiro-cleriston.jpg","datePublished":"2017-02-07T14:50:56+00:00","author":{"@id":"https:\/\/nk7-testes.com.br\/agazeta\/#\/schema\/person\/ff6b39d54d6973bfc57f4140f659b23f"},"breadcrumb":{"@id":"https:\/\/nk7-testes.com.br\/agazeta\/jovem-que-levou-tiro-no-rosto-em-sena-chega-ao-ps\/#breadcrumb"},"inLanguage":"pt-BR","potentialAction":[{"@type":"ReadAction","target":["https:\/\/nk7-testes.com.br\/agazeta\/jovem-que-levou-tiro-no-rosto-em-sena-chega-ao-ps\/"]}]},{"@type":"ImageObject","inLanguage":"pt-BR","@id":"https:\/\/nk7-testes.com.br\/agazeta\/jovem-que-levou-tiro-no-rosto-em-sena-chega-ao-ps\/#primaryimage","url":"https:\/\/nk7-testes.com.br\/agazeta\/wp-content\/uploads\/2017\/02\/070217-policia-jovemtiro-cleriston.jpg","contentUrl":"https:\/\/nk7-testes.com.br\/agazeta\/wp-content\/uploads\/2017\/02\/070217-policia-jovemtiro-cleriston.jpg","width":458,"height":340,"caption":"070217-policia-jovemtiro-cleriston"},{"@type":"BreadcrumbList","@id":"https:\/\/nk7-testes.com.br\/agazeta\/jovem-que-levou-tiro-no-rosto-em-sena-chega-ao-ps\/#breadcrumb","itemListElement":[{"@type":"ListItem","position":1,"name":"In\u00edcio","item":"https:\/\/nk7-testes.com.br\/agazeta\/"},{"@type":"ListItem","position":2,"name":"Jovem que levou tiro no rosto em Sena chega ao PS"}]},{"@type":"WebSite","@id":"https:\/\/nk7-testes.com.br\/agazeta\/#website","url":"https:\/\/nk7-testes.com.br\/agazeta\/","name":"Agazeta.net","description":"Agazeta.net - Not\u00edcias de Rio Branco\/AC","potentialAction":[{"@type":"SearchAction","target":{"@type":"EntryPoint","urlTemplate":"https:\/\/nk7-testes.com.br\/agazeta\/?s={search_term_string}"},"query-input":{"@type":"PropertyValueSpecification","valueRequired":true,"valueName":"search_term_string"}}],"inLanguage":"pt-BR"},{"@type":"Person","@id":"https:\/\/nk7-testes.com.br\/agazeta\/#\/schema\/person\/ff6b39d54d6973bfc57f4140f659b23f","name":"Agazeta.Net","url":"https:\/\/nk7-testes.com.br\/agazeta\/author\/agazeta\/"}]}},"_links":{"self":[{"href":"https:\/\/nk7-testes.com.br\/agazeta\/wp-json\/wp\/v2\/posts\/27907","targetHints":{"allow":["GET"]}}],"collection":[{"href":"https:\/\/nk7-testes.com.br\/agazeta\/wp-json\/wp\/v2\/posts"}],"about":[{"href":"https:\/\/nk7-testes.com.br\/agazeta\/wp-json\/wp\/v2\/types\/post"}],"author":[{"embeddable":true,"href":"https:\/\/nk7-testes.com.br\/agazeta\/wp-json\/wp\/v2\/users\/4"}],"replies":[{"embeddable":true,"href":"https:\/\/nk7-testes.com.br\/agazeta\/wp-json\/wp\/v2\/comments?post=27907"}],"version-history":[{"count":0,"href":"https:\/\/nk7-testes.com.br\/agazeta\/wp-json\/wp\/v2\/posts\/27907\/revisions"}],"wp:featuredmedia":[{"embeddable":true,"href":"https:\/\/nk7-testes.com.br\/agazeta\/wp-json\/wp\/v2\/media\/27906"}],"wp:attachment":[{"href":"https:\/\/nk7-testes.com.br\/agazeta\/wp-json\/wp\/v2\/media?parent=27907"}],"wp:term":[{"taxonomy":"category","embeddable":true,"href":"https:\/\/nk7-testes.com.br\/agazeta\/wp-json\/wp\/v2\/categories?post=27907"},{"taxonomy":"post_tag","embeddable":true,"href":"https:\/\/nk7-testes.com.br\/agazeta\/wp-json\/wp\/v2\/tags?post=27907"}],"curies":[{"name":"wp","href":"https:\/\/api.w.org\/{rel}","templated":true}]}}