{"id":27872,"date":"2017-02-03T23:31:39","date_gmt":"2017-02-03T23:31:39","guid":{"rendered":"https:\/\/abarevegan.com.br\/index.php\/2017\/02\/03\/dois-mortos-e-tres-feridos-em-confronto-com-policiais\/"},"modified":"2017-02-03T23:31:39","modified_gmt":"2017-02-03T23:31:39","slug":"dois-mortos-e-tres-feridos-em-confronto-com-policiais","status":"publish","type":"post","link":"https:\/\/nk7-testes.com.br\/agazeta\/dois-mortos-e-tres-feridos-em-confronto-com-policiais\/","title":{"rendered":"Dois mortos e tr\u00eas feridos em confronto com policiais"},"content":{"rendered":"<p style=\"text-align: justify;\">Bando fazia \u201carrast\u00e3o\u201d em propriedades do Purus<\/p>\n<p style=\"text-align: justify;\">O clima \u00e9 de desespero em frente ao Hospital Jo\u00e3o C\u00e2ncio Fernandes em Sena Madureira. Na tarde desta sexta-feira, tr\u00eas integrantes de um bando que aterrorizou os ribeirinhos foram baleados por policiais pr\u00f3ximo ao Rio Caet\u00e9.<\/p>\n<p style=\"text-align: justify;\">No confronto com os policiais, um dos integrantes do bando morreu na hora. Outro morreu no translado. Os outros tr\u00eas foram levados para o hospital de Sena. Equipes do IML j\u00e1 foram deslocadas para o munic\u00edpio e a Pol\u00edcia Militar tamb\u00e9m refor\u00e7ou o efetivo na cidade. A pol\u00edcia ainda n\u00e3o reconheceu e nem divulgou o nome dos mortos e feridos.<\/p>\n<p style=\"text-align: justify;\">Na ter\u00e7a-feira, o bando chegou at\u00e9 a torturar fam\u00edlias de ribeirinhos. Desde ent\u00e3o, equipes de policiais se revezavam nas buscas aos criminosos. Hoje (3), foi o dia do confronto.<\/p>\n<p style=\"text-align: justify;\">Eles, possivelmente, estavam indo em dire\u00e7\u00e3o a Sena Madureira quando foram interceptados pelos policiais. Foi intensa a troca de tiros. N\u00e3o houve policiais feridos.<\/p>\n","protected":false},"excerpt":{"rendered":"<p style=\"text-align: justify;\">Bando fazia \u201carrast\u00e3o\u201d em propriedades do Purus<\/p>\n","protected":false},"author":4,"featured_media":27871,"comment_status":"open","ping_status":"open","sticky":false,"template":"","format":"standard","meta":{"jnews-multi-image_gallery":[],"jnews_single_post":[],"jnews_primary_category":[],"jnews_social_meta":[],"jnews_review":[],"enable_review":"","type":"","name":"","summary":"","brand":"","sku":"","good":[],"bad":[],"score_override":"","override_value":"","rating":[],"price":[],"footnotes":""},"categories":[44],"tags":[],"class_list":["post-27872","post","type-post","status-publish","format-standard","has-post-thumbnail","hentry","category-policia"],"yoast_head":"<!-- This site is optimized with the Yoast SEO plugin v26.5 - https:\/\/yoast.com\/wordpress\/plugins\/seo\/ -->\n<title>Dois mortos e tr\u00eas feridos em confronto com policiais - Agazeta.net<\/title>\n<meta name=\"robots\" content=\"index, follow, max-snippet:-1, max-image-preview:large, max-video-preview:-1\" \/>\n<link rel=\"canonical\" href=\"https:\/\/nk7-testes.com.br\/agazeta\/dois-mortos-e-tres-feridos-em-confronto-com-policiais\/\" \/>\n<meta property=\"og:locale\" content=\"pt_BR\" \/>\n<meta property=\"og:type\" content=\"article\" \/>\n<meta property=\"og:title\" content=\"Dois mortos e tr\u00eas feridos em confronto com policiais - Agazeta.net\" \/>\n<meta property=\"og:description\" content=\"Bando fazia \u201carrast\u00e3o\u201d em propriedades do Purus\" \/>\n<meta property=\"og:url\" content=\"https:\/\/nk7-testes.com.br\/agazeta\/dois-mortos-e-tres-feridos-em-confronto-com-policiais\/\" \/>\n<meta property=\"og:site_name\" content=\"Agazeta.net\" \/>\n<meta property=\"article:published_time\" content=\"2017-02-03T23:31:39+00:00\" \/>\n<meta property=\"og:image\" content=\"https:\/\/nk7-testes.com.br\/agazeta\/wp-content\/uploads\/2017\/02\/030217-policia-senamadureira-senaonline.png\" \/>\n\t<meta property=\"og:image:width\" content=\"458\" \/>\n\t<meta property=\"og:image:height\" content=\"340\" \/>\n\t<meta property=\"og:image:type\" content=\"image\/png\" \/>\n<meta name=\"author\" content=\"Agazeta.Net\" \/>\n<meta name=\"twitter:card\" content=\"summary_large_image\" \/>\n<meta name=\"twitter:label1\" content=\"Escrito por\" \/>\n\t<meta name=\"twitter:data1\" content=\"Agazeta.Net\" \/>\n\t<meta name=\"twitter:label2\" content=\"Est. tempo de leitura\" \/>\n\t<meta name=\"twitter:data2\" content=\"1 minuto\" \/>\n<script type=\"application\/ld+json\" class=\"yoast-schema-graph\">{\"@context\":\"https:\/\/schema.org\",\"@graph\":[{\"@type\":\"WebPage\",\"@id\":\"https:\/\/nk7-testes.com.br\/agazeta\/dois-mortos-e-tres-feridos-em-confronto-com-policiais\/\",\"url\":\"https:\/\/nk7-testes.com.br\/agazeta\/dois-mortos-e-tres-feridos-em-confronto-com-policiais\/\",\"name\":\"Dois mortos e tr\u00eas feridos em confronto com policiais - Agazeta.net\",\"isPartOf\":{\"@id\":\"https:\/\/nk7-testes.com.br\/agazeta\/#website\"},\"primaryImageOfPage\":{\"@id\":\"https:\/\/nk7-testes.com.br\/agazeta\/dois-mortos-e-tres-feridos-em-confronto-com-policiais\/#primaryimage\"},\"image\":{\"@id\":\"https:\/\/nk7-testes.com.br\/agazeta\/dois-mortos-e-tres-feridos-em-confronto-com-policiais\/#primaryimage\"},\"thumbnailUrl\":\"https:\/\/nk7-testes.com.br\/agazeta\/wp-content\/uploads\/2017\/02\/030217-policia-senamadureira-senaonline.png\",\"datePublished\":\"2017-02-03T23:31:39+00:00\",\"author\":{\"@id\":\"https:\/\/nk7-testes.com.br\/agazeta\/#\/schema\/person\/ff6b39d54d6973bfc57f4140f659b23f\"},\"breadcrumb\":{\"@id\":\"https:\/\/nk7-testes.com.br\/agazeta\/dois-mortos-e-tres-feridos-em-confronto-com-policiais\/#breadcrumb\"},\"inLanguage\":\"pt-BR\",\"potentialAction\":[{\"@type\":\"ReadAction\",\"target\":[\"https:\/\/nk7-testes.com.br\/agazeta\/dois-mortos-e-tres-feridos-em-confronto-com-policiais\/\"]}]},{\"@type\":\"ImageObject\",\"inLanguage\":\"pt-BR\",\"@id\":\"https:\/\/nk7-testes.com.br\/agazeta\/dois-mortos-e-tres-feridos-em-confronto-com-policiais\/#primaryimage\",\"url\":\"https:\/\/nk7-testes.com.br\/agazeta\/wp-content\/uploads\/2017\/02\/030217-policia-senamadureira-senaonline.png\",\"contentUrl\":\"https:\/\/nk7-testes.com.br\/agazeta\/wp-content\/uploads\/2017\/02\/030217-policia-senamadureira-senaonline.png\",\"width\":458,\"height\":340,\"caption\":\"030217-policia-senamadureira-senaonline\"},{\"@type\":\"BreadcrumbList\",\"@id\":\"https:\/\/nk7-testes.com.br\/agazeta\/dois-mortos-e-tres-feridos-em-confronto-com-policiais\/#breadcrumb\",\"itemListElement\":[{\"@type\":\"ListItem\",\"position\":1,\"name\":\"In\u00edcio\",\"item\":\"https:\/\/nk7-testes.com.br\/agazeta\/\"},{\"@type\":\"ListItem\",\"position\":2,\"name\":\"Dois mortos e tr\u00eas feridos em confronto com policiais\"}]},{\"@type\":\"WebSite\",\"@id\":\"https:\/\/nk7-testes.com.br\/agazeta\/#website\",\"url\":\"https:\/\/nk7-testes.com.br\/agazeta\/\",\"name\":\"Agazeta.net\",\"description\":\"Agazeta.net - Not\u00edcias de Rio Branco\/AC\",\"potentialAction\":[{\"@type\":\"SearchAction\",\"target\":{\"@type\":\"EntryPoint\",\"urlTemplate\":\"https:\/\/nk7-testes.com.br\/agazeta\/?s={search_term_string}\"},\"query-input\":{\"@type\":\"PropertyValueSpecification\",\"valueRequired\":true,\"valueName\":\"search_term_string\"}}],\"inLanguage\":\"pt-BR\"},{\"@type\":\"Person\",\"@id\":\"https:\/\/nk7-testes.com.br\/agazeta\/#\/schema\/person\/ff6b39d54d6973bfc57f4140f659b23f\",\"name\":\"Agazeta.Net\",\"url\":\"https:\/\/nk7-testes.com.br\/agazeta\/author\/agazeta\/\"}]}<\/script>\n<!-- \/ Yoast SEO plugin. -->","yoast_head_json":{"title":"Dois mortos e tr\u00eas feridos em confronto com policiais - Agazeta.net","robots":{"index":"index","follow":"follow","max-snippet":"max-snippet:-1","max-image-preview":"max-image-preview:large","max-video-preview":"max-video-preview:-1"},"canonical":"https:\/\/nk7-testes.com.br\/agazeta\/dois-mortos-e-tres-feridos-em-confronto-com-policiais\/","og_locale":"pt_BR","og_type":"article","og_title":"Dois mortos e tr\u00eas feridos em confronto com policiais - Agazeta.net","og_description":"Bando fazia \u201carrast\u00e3o\u201d em propriedades do Purus","og_url":"https:\/\/nk7-testes.com.br\/agazeta\/dois-mortos-e-tres-feridos-em-confronto-com-policiais\/","og_site_name":"Agazeta.net","article_published_time":"2017-02-03T23:31:39+00:00","og_image":[{"width":458,"height":340,"url":"https:\/\/nk7-testes.com.br\/agazeta\/wp-content\/uploads\/2017\/02\/030217-policia-senamadureira-senaonline.png","type":"image\/png"}],"author":"Agazeta.Net","twitter_card":"summary_large_image","twitter_misc":{"Escrito por":"Agazeta.Net","Est. tempo de leitura":"1 minuto"},"schema":{"@context":"https:\/\/schema.org","@graph":[{"@type":"WebPage","@id":"https:\/\/nk7-testes.com.br\/agazeta\/dois-mortos-e-tres-feridos-em-confronto-com-policiais\/","url":"https:\/\/nk7-testes.com.br\/agazeta\/dois-mortos-e-tres-feridos-em-confronto-com-policiais\/","name":"Dois mortos e tr\u00eas feridos em confronto com policiais - Agazeta.net","isPartOf":{"@id":"https:\/\/nk7-testes.com.br\/agazeta\/#website"},"primaryImageOfPage":{"@id":"https:\/\/nk7-testes.com.br\/agazeta\/dois-mortos-e-tres-feridos-em-confronto-com-policiais\/#primaryimage"},"image":{"@id":"https:\/\/nk7-testes.com.br\/agazeta\/dois-mortos-e-tres-feridos-em-confronto-com-policiais\/#primaryimage"},"thumbnailUrl":"https:\/\/nk7-testes.com.br\/agazeta\/wp-content\/uploads\/2017\/02\/030217-policia-senamadureira-senaonline.png","datePublished":"2017-02-03T23:31:39+00:00","author":{"@id":"https:\/\/nk7-testes.com.br\/agazeta\/#\/schema\/person\/ff6b39d54d6973bfc57f4140f659b23f"},"breadcrumb":{"@id":"https:\/\/nk7-testes.com.br\/agazeta\/dois-mortos-e-tres-feridos-em-confronto-com-policiais\/#breadcrumb"},"inLanguage":"pt-BR","potentialAction":[{"@type":"ReadAction","target":["https:\/\/nk7-testes.com.br\/agazeta\/dois-mortos-e-tres-feridos-em-confronto-com-policiais\/"]}]},{"@type":"ImageObject","inLanguage":"pt-BR","@id":"https:\/\/nk7-testes.com.br\/agazeta\/dois-mortos-e-tres-feridos-em-confronto-com-policiais\/#primaryimage","url":"https:\/\/nk7-testes.com.br\/agazeta\/wp-content\/uploads\/2017\/02\/030217-policia-senamadureira-senaonline.png","contentUrl":"https:\/\/nk7-testes.com.br\/agazeta\/wp-content\/uploads\/2017\/02\/030217-policia-senamadureira-senaonline.png","width":458,"height":340,"caption":"030217-policia-senamadureira-senaonline"},{"@type":"BreadcrumbList","@id":"https:\/\/nk7-testes.com.br\/agazeta\/dois-mortos-e-tres-feridos-em-confronto-com-policiais\/#breadcrumb","itemListElement":[{"@type":"ListItem","position":1,"name":"In\u00edcio","item":"https:\/\/nk7-testes.com.br\/agazeta\/"},{"@type":"ListItem","position":2,"name":"Dois mortos e tr\u00eas feridos em confronto com policiais"}]},{"@type":"WebSite","@id":"https:\/\/nk7-testes.com.br\/agazeta\/#website","url":"https:\/\/nk7-testes.com.br\/agazeta\/","name":"Agazeta.net","description":"Agazeta.net - Not\u00edcias de Rio Branco\/AC","potentialAction":[{"@type":"SearchAction","target":{"@type":"EntryPoint","urlTemplate":"https:\/\/nk7-testes.com.br\/agazeta\/?s={search_term_string}"},"query-input":{"@type":"PropertyValueSpecification","valueRequired":true,"valueName":"search_term_string"}}],"inLanguage":"pt-BR"},{"@type":"Person","@id":"https:\/\/nk7-testes.com.br\/agazeta\/#\/schema\/person\/ff6b39d54d6973bfc57f4140f659b23f","name":"Agazeta.Net","url":"https:\/\/nk7-testes.com.br\/agazeta\/author\/agazeta\/"}]}},"_links":{"self":[{"href":"https:\/\/nk7-testes.com.br\/agazeta\/wp-json\/wp\/v2\/posts\/27872","targetHints":{"allow":["GET"]}}],"collection":[{"href":"https:\/\/nk7-testes.com.br\/agazeta\/wp-json\/wp\/v2\/posts"}],"about":[{"href":"https:\/\/nk7-testes.com.br\/agazeta\/wp-json\/wp\/v2\/types\/post"}],"author":[{"embeddable":true,"href":"https:\/\/nk7-testes.com.br\/agazeta\/wp-json\/wp\/v2\/users\/4"}],"replies":[{"embeddable":true,"href":"https:\/\/nk7-testes.com.br\/agazeta\/wp-json\/wp\/v2\/comments?post=27872"}],"version-history":[{"count":0,"href":"https:\/\/nk7-testes.com.br\/agazeta\/wp-json\/wp\/v2\/posts\/27872\/revisions"}],"wp:featuredmedia":[{"embeddable":true,"href":"https:\/\/nk7-testes.com.br\/agazeta\/wp-json\/wp\/v2\/media\/27871"}],"wp:attachment":[{"href":"https:\/\/nk7-testes.com.br\/agazeta\/wp-json\/wp\/v2\/media?parent=27872"}],"wp:term":[{"taxonomy":"category","embeddable":true,"href":"https:\/\/nk7-testes.com.br\/agazeta\/wp-json\/wp\/v2\/categories?post=27872"},{"taxonomy":"post_tag","embeddable":true,"href":"https:\/\/nk7-testes.com.br\/agazeta\/wp-json\/wp\/v2\/tags?post=27872"}],"curies":[{"name":"wp","href":"https:\/\/api.w.org\/{rel}","templated":true}]}}