{"id":27839,"date":"2017-02-02T16:47:34","date_gmt":"2017-02-02T16:47:34","guid":{"rendered":"https:\/\/abarevegan.com.br\/index.php\/2017\/02\/02\/irmaos-sao-presos-em-brasileia-por-associacao-ao-trafico-de-drogas\/"},"modified":"2017-02-02T16:47:34","modified_gmt":"2017-02-02T16:47:34","slug":"irmaos-sao-presos-em-brasileia-por-associacao-ao-trafico-de-drogas","status":"publish","type":"post","link":"https:\/\/nk7-testes.com.br\/agazeta\/irmaos-sao-presos-em-brasileia-por-associacao-ao-trafico-de-drogas\/","title":{"rendered":"Irm\u00e3os s\u00e3o presos em Brasileia por associa\u00e7\u00e3o ao tr\u00e1fico de drogas"},"content":{"rendered":"<p style=\"text-align: justify;\">Eberton e Kedna estavam em liberdade condicional<\/p>\n<p style=\"text-align: justify;\">No inicio da noite desta quarta-feira (1\u00ba) dois irm\u00e3os foram presos em Brasileia pela Pol\u00edcia Civil do munic\u00edpio. A pris\u00e3o de Eberton da Silva de Almeida, 23 anos, vulgo \u2018Katanga\u2019, e Kedna Nay da Silva, 28, aconteceu durante uma opera\u00e7\u00e3o.<\/p>\n<p style=\"text-align: justify;\">De acordo com a pol\u00edcia, Eberton estaria em liberdade condicional a cerca de 4 meses e foi flagrado ontem no Bairro Eldorado portando uma quantia de cloridrato de coca\u00edna, maconha e R$ 470 reais.<\/p>\n<p style=\"text-align: justify;\">Uma opera\u00e7\u00e3o da Pol\u00edcia Civil de Brasil\u00e9ia por volta das 18 horas desta quarta-feira, dia 1, resultou na pris\u00e3o em flagrante de um velho conhecido no mundo do tr\u00e1fico desde quando era menor de idade. Kedna que tamb\u00e9m est\u00e1 em condicional por tentativa de homic\u00eddio, foi detida suspeita de ser comparsa do irm\u00e3o.<\/p>\n<p style=\"text-align: justify;\">Os irm\u00e3os foram encaminhados \u00e0 delegacia do munic\u00edpio.<\/p>\n","protected":false},"excerpt":{"rendered":"<p style=\"text-align: justify;\">Eberton e Kedna estavam em liberdade condicional<\/p>\n","protected":false},"author":4,"featured_media":27838,"comment_status":"open","ping_status":"open","sticky":false,"template":"","format":"standard","meta":{"jnews-multi-image_gallery":[],"jnews_single_post":[],"jnews_primary_category":[],"jnews_social_meta":[],"jnews_review":[],"enable_review":"","type":"","name":"","summary":"","brand":"","sku":"","good":[],"bad":[],"score_override":"","override_value":"","rating":[],"price":[],"footnotes":""},"categories":[44],"tags":[],"class_list":["post-27839","post","type-post","status-publish","format-standard","has-post-thumbnail","hentry","category-policia"],"yoast_head":"<!-- This site is optimized with the Yoast SEO plugin v26.5 - https:\/\/yoast.com\/wordpress\/plugins\/seo\/ -->\n<title>Irm\u00e3os s\u00e3o presos em Brasileia por associa\u00e7\u00e3o ao tr\u00e1fico de drogas - Agazeta.net<\/title>\n<meta name=\"robots\" content=\"index, follow, max-snippet:-1, max-image-preview:large, max-video-preview:-1\" \/>\n<link rel=\"canonical\" href=\"https:\/\/nk7-testes.com.br\/agazeta\/irmaos-sao-presos-em-brasileia-por-associacao-ao-trafico-de-drogas\/\" \/>\n<meta property=\"og:locale\" content=\"pt_BR\" \/>\n<meta property=\"og:type\" content=\"article\" \/>\n<meta property=\"og:title\" content=\"Irm\u00e3os s\u00e3o presos em Brasileia por associa\u00e7\u00e3o ao tr\u00e1fico de drogas - Agazeta.net\" \/>\n<meta property=\"og:description\" content=\"Eberton e Kedna estavam em liberdade condicional\" \/>\n<meta property=\"og:url\" content=\"https:\/\/nk7-testes.com.br\/agazeta\/irmaos-sao-presos-em-brasileia-por-associacao-ao-trafico-de-drogas\/\" \/>\n<meta property=\"og:site_name\" content=\"Agazeta.net\" \/>\n<meta property=\"article:published_time\" content=\"2017-02-02T16:47:34+00:00\" \/>\n<meta property=\"og:image\" content=\"https:\/\/nk7-testes.com.br\/agazeta\/wp-content\/uploads\/2017\/02\/020217-policia-irmaospresos-droga.jpg\" \/>\n\t<meta property=\"og:image:width\" content=\"458\" \/>\n\t<meta property=\"og:image:height\" content=\"340\" \/>\n\t<meta property=\"og:image:type\" content=\"image\/jpeg\" \/>\n<meta name=\"author\" content=\"Agazeta.Net\" \/>\n<meta name=\"twitter:card\" content=\"summary_large_image\" \/>\n<meta name=\"twitter:label1\" content=\"Escrito por\" \/>\n\t<meta name=\"twitter:data1\" content=\"Agazeta.Net\" \/>\n\t<meta name=\"twitter:label2\" content=\"Est. tempo de leitura\" \/>\n\t<meta name=\"twitter:data2\" content=\"1 minuto\" \/>\n<script type=\"application\/ld+json\" class=\"yoast-schema-graph\">{\"@context\":\"https:\/\/schema.org\",\"@graph\":[{\"@type\":\"WebPage\",\"@id\":\"https:\/\/nk7-testes.com.br\/agazeta\/irmaos-sao-presos-em-brasileia-por-associacao-ao-trafico-de-drogas\/\",\"url\":\"https:\/\/nk7-testes.com.br\/agazeta\/irmaos-sao-presos-em-brasileia-por-associacao-ao-trafico-de-drogas\/\",\"name\":\"Irm\u00e3os s\u00e3o presos em Brasileia por associa\u00e7\u00e3o ao tr\u00e1fico de drogas - Agazeta.net\",\"isPartOf\":{\"@id\":\"https:\/\/nk7-testes.com.br\/agazeta\/#website\"},\"primaryImageOfPage\":{\"@id\":\"https:\/\/nk7-testes.com.br\/agazeta\/irmaos-sao-presos-em-brasileia-por-associacao-ao-trafico-de-drogas\/#primaryimage\"},\"image\":{\"@id\":\"https:\/\/nk7-testes.com.br\/agazeta\/irmaos-sao-presos-em-brasileia-por-associacao-ao-trafico-de-drogas\/#primaryimage\"},\"thumbnailUrl\":\"https:\/\/nk7-testes.com.br\/agazeta\/wp-content\/uploads\/2017\/02\/020217-policia-irmaospresos-droga.jpg\",\"datePublished\":\"2017-02-02T16:47:34+00:00\",\"author\":{\"@id\":\"https:\/\/nk7-testes.com.br\/agazeta\/#\/schema\/person\/ff6b39d54d6973bfc57f4140f659b23f\"},\"breadcrumb\":{\"@id\":\"https:\/\/nk7-testes.com.br\/agazeta\/irmaos-sao-presos-em-brasileia-por-associacao-ao-trafico-de-drogas\/#breadcrumb\"},\"inLanguage\":\"pt-BR\",\"potentialAction\":[{\"@type\":\"ReadAction\",\"target\":[\"https:\/\/nk7-testes.com.br\/agazeta\/irmaos-sao-presos-em-brasileia-por-associacao-ao-trafico-de-drogas\/\"]}]},{\"@type\":\"ImageObject\",\"inLanguage\":\"pt-BR\",\"@id\":\"https:\/\/nk7-testes.com.br\/agazeta\/irmaos-sao-presos-em-brasileia-por-associacao-ao-trafico-de-drogas\/#primaryimage\",\"url\":\"https:\/\/nk7-testes.com.br\/agazeta\/wp-content\/uploads\/2017\/02\/020217-policia-irmaospresos-droga.jpg\",\"contentUrl\":\"https:\/\/nk7-testes.com.br\/agazeta\/wp-content\/uploads\/2017\/02\/020217-policia-irmaospresos-droga.jpg\",\"width\":458,\"height\":340,\"caption\":\"020217-policia-irmaospresos-droga\"},{\"@type\":\"BreadcrumbList\",\"@id\":\"https:\/\/nk7-testes.com.br\/agazeta\/irmaos-sao-presos-em-brasileia-por-associacao-ao-trafico-de-drogas\/#breadcrumb\",\"itemListElement\":[{\"@type\":\"ListItem\",\"position\":1,\"name\":\"In\u00edcio\",\"item\":\"https:\/\/nk7-testes.com.br\/agazeta\/\"},{\"@type\":\"ListItem\",\"position\":2,\"name\":\"Irm\u00e3os s\u00e3o presos em Brasileia por associa\u00e7\u00e3o ao tr\u00e1fico de drogas\"}]},{\"@type\":\"WebSite\",\"@id\":\"https:\/\/nk7-testes.com.br\/agazeta\/#website\",\"url\":\"https:\/\/nk7-testes.com.br\/agazeta\/\",\"name\":\"Agazeta.net\",\"description\":\"Agazeta.net - Not\u00edcias de Rio Branco\/AC\",\"potentialAction\":[{\"@type\":\"SearchAction\",\"target\":{\"@type\":\"EntryPoint\",\"urlTemplate\":\"https:\/\/nk7-testes.com.br\/agazeta\/?s={search_term_string}\"},\"query-input\":{\"@type\":\"PropertyValueSpecification\",\"valueRequired\":true,\"valueName\":\"search_term_string\"}}],\"inLanguage\":\"pt-BR\"},{\"@type\":\"Person\",\"@id\":\"https:\/\/nk7-testes.com.br\/agazeta\/#\/schema\/person\/ff6b39d54d6973bfc57f4140f659b23f\",\"name\":\"Agazeta.Net\",\"url\":\"https:\/\/nk7-testes.com.br\/agazeta\/author\/agazeta\/\"}]}<\/script>\n<!-- \/ Yoast SEO plugin. -->","yoast_head_json":{"title":"Irm\u00e3os s\u00e3o presos em Brasileia por associa\u00e7\u00e3o ao tr\u00e1fico de drogas - Agazeta.net","robots":{"index":"index","follow":"follow","max-snippet":"max-snippet:-1","max-image-preview":"max-image-preview:large","max-video-preview":"max-video-preview:-1"},"canonical":"https:\/\/nk7-testes.com.br\/agazeta\/irmaos-sao-presos-em-brasileia-por-associacao-ao-trafico-de-drogas\/","og_locale":"pt_BR","og_type":"article","og_title":"Irm\u00e3os s\u00e3o presos em Brasileia por associa\u00e7\u00e3o ao tr\u00e1fico de drogas - Agazeta.net","og_description":"Eberton e Kedna estavam em liberdade condicional","og_url":"https:\/\/nk7-testes.com.br\/agazeta\/irmaos-sao-presos-em-brasileia-por-associacao-ao-trafico-de-drogas\/","og_site_name":"Agazeta.net","article_published_time":"2017-02-02T16:47:34+00:00","og_image":[{"width":458,"height":340,"url":"https:\/\/nk7-testes.com.br\/agazeta\/wp-content\/uploads\/2017\/02\/020217-policia-irmaospresos-droga.jpg","type":"image\/jpeg"}],"author":"Agazeta.Net","twitter_card":"summary_large_image","twitter_misc":{"Escrito por":"Agazeta.Net","Est. tempo de leitura":"1 minuto"},"schema":{"@context":"https:\/\/schema.org","@graph":[{"@type":"WebPage","@id":"https:\/\/nk7-testes.com.br\/agazeta\/irmaos-sao-presos-em-brasileia-por-associacao-ao-trafico-de-drogas\/","url":"https:\/\/nk7-testes.com.br\/agazeta\/irmaos-sao-presos-em-brasileia-por-associacao-ao-trafico-de-drogas\/","name":"Irm\u00e3os s\u00e3o presos em Brasileia por associa\u00e7\u00e3o ao tr\u00e1fico de drogas - Agazeta.net","isPartOf":{"@id":"https:\/\/nk7-testes.com.br\/agazeta\/#website"},"primaryImageOfPage":{"@id":"https:\/\/nk7-testes.com.br\/agazeta\/irmaos-sao-presos-em-brasileia-por-associacao-ao-trafico-de-drogas\/#primaryimage"},"image":{"@id":"https:\/\/nk7-testes.com.br\/agazeta\/irmaos-sao-presos-em-brasileia-por-associacao-ao-trafico-de-drogas\/#primaryimage"},"thumbnailUrl":"https:\/\/nk7-testes.com.br\/agazeta\/wp-content\/uploads\/2017\/02\/020217-policia-irmaospresos-droga.jpg","datePublished":"2017-02-02T16:47:34+00:00","author":{"@id":"https:\/\/nk7-testes.com.br\/agazeta\/#\/schema\/person\/ff6b39d54d6973bfc57f4140f659b23f"},"breadcrumb":{"@id":"https:\/\/nk7-testes.com.br\/agazeta\/irmaos-sao-presos-em-brasileia-por-associacao-ao-trafico-de-drogas\/#breadcrumb"},"inLanguage":"pt-BR","potentialAction":[{"@type":"ReadAction","target":["https:\/\/nk7-testes.com.br\/agazeta\/irmaos-sao-presos-em-brasileia-por-associacao-ao-trafico-de-drogas\/"]}]},{"@type":"ImageObject","inLanguage":"pt-BR","@id":"https:\/\/nk7-testes.com.br\/agazeta\/irmaos-sao-presos-em-brasileia-por-associacao-ao-trafico-de-drogas\/#primaryimage","url":"https:\/\/nk7-testes.com.br\/agazeta\/wp-content\/uploads\/2017\/02\/020217-policia-irmaospresos-droga.jpg","contentUrl":"https:\/\/nk7-testes.com.br\/agazeta\/wp-content\/uploads\/2017\/02\/020217-policia-irmaospresos-droga.jpg","width":458,"height":340,"caption":"020217-policia-irmaospresos-droga"},{"@type":"BreadcrumbList","@id":"https:\/\/nk7-testes.com.br\/agazeta\/irmaos-sao-presos-em-brasileia-por-associacao-ao-trafico-de-drogas\/#breadcrumb","itemListElement":[{"@type":"ListItem","position":1,"name":"In\u00edcio","item":"https:\/\/nk7-testes.com.br\/agazeta\/"},{"@type":"ListItem","position":2,"name":"Irm\u00e3os s\u00e3o presos em Brasileia por associa\u00e7\u00e3o ao tr\u00e1fico de drogas"}]},{"@type":"WebSite","@id":"https:\/\/nk7-testes.com.br\/agazeta\/#website","url":"https:\/\/nk7-testes.com.br\/agazeta\/","name":"Agazeta.net","description":"Agazeta.net - Not\u00edcias de Rio Branco\/AC","potentialAction":[{"@type":"SearchAction","target":{"@type":"EntryPoint","urlTemplate":"https:\/\/nk7-testes.com.br\/agazeta\/?s={search_term_string}"},"query-input":{"@type":"PropertyValueSpecification","valueRequired":true,"valueName":"search_term_string"}}],"inLanguage":"pt-BR"},{"@type":"Person","@id":"https:\/\/nk7-testes.com.br\/agazeta\/#\/schema\/person\/ff6b39d54d6973bfc57f4140f659b23f","name":"Agazeta.Net","url":"https:\/\/nk7-testes.com.br\/agazeta\/author\/agazeta\/"}]}},"_links":{"self":[{"href":"https:\/\/nk7-testes.com.br\/agazeta\/wp-json\/wp\/v2\/posts\/27839","targetHints":{"allow":["GET"]}}],"collection":[{"href":"https:\/\/nk7-testes.com.br\/agazeta\/wp-json\/wp\/v2\/posts"}],"about":[{"href":"https:\/\/nk7-testes.com.br\/agazeta\/wp-json\/wp\/v2\/types\/post"}],"author":[{"embeddable":true,"href":"https:\/\/nk7-testes.com.br\/agazeta\/wp-json\/wp\/v2\/users\/4"}],"replies":[{"embeddable":true,"href":"https:\/\/nk7-testes.com.br\/agazeta\/wp-json\/wp\/v2\/comments?post=27839"}],"version-history":[{"count":0,"href":"https:\/\/nk7-testes.com.br\/agazeta\/wp-json\/wp\/v2\/posts\/27839\/revisions"}],"wp:featuredmedia":[{"embeddable":true,"href":"https:\/\/nk7-testes.com.br\/agazeta\/wp-json\/wp\/v2\/media\/27838"}],"wp:attachment":[{"href":"https:\/\/nk7-testes.com.br\/agazeta\/wp-json\/wp\/v2\/media?parent=27839"}],"wp:term":[{"taxonomy":"category","embeddable":true,"href":"https:\/\/nk7-testes.com.br\/agazeta\/wp-json\/wp\/v2\/categories?post=27839"},{"taxonomy":"post_tag","embeddable":true,"href":"https:\/\/nk7-testes.com.br\/agazeta\/wp-json\/wp\/v2\/tags?post=27839"}],"curies":[{"name":"wp","href":"https:\/\/api.w.org\/{rel}","templated":true}]}}