{"id":27832,"date":"2017-02-02T15:35:08","date_gmt":"2017-02-02T15:35:08","guid":{"rendered":"https:\/\/abarevegan.com.br\/index.php\/2017\/02\/02\/trabalho-integrado-prende-dupla-de-assaltantes\/"},"modified":"2017-02-02T15:35:08","modified_gmt":"2017-02-02T15:35:08","slug":"trabalho-integrado-prende-dupla-de-assaltantes","status":"publish","type":"post","link":"https:\/\/nk7-testes.com.br\/agazeta\/trabalho-integrado-prende-dupla-de-assaltantes\/","title":{"rendered":"Trabalho integrado prende dupla de assaltantes"},"content":{"rendered":"<p style=\"text-align: justify;\">Jovens voltavam de Cobija ap\u00f3s vender caminhonete roubada<\/p>\n<p style=\"text-align: justify;\">Henrique Barbosa, 22, homicida confesso. Natural de Ji-Paran\u00e1. Ele confessou ter matado um homem em Acrel\u00e2ndia. Heleones Maia de Oliveira, 29. Natural de Jaru, em Rond\u00f4nia.<\/p>\n<p style=\"text-align: justify;\">Eles foram presos na BR-317, no posto da Pol\u00edcia Rodovi\u00e1ria Federal, no momento em que retornavam da Bol\u00edvia. A dupla estava em um taxi e foi abordada pelos agentes da PRF.<\/p>\n<p style=\"text-align: justify;\">Com eles, foram encontrados R$ 6,25 mil. A pol\u00edcia desconfiou da postura deles durante interrogat\u00f3rio. Foi comunicado \u00e0 Divis\u00e3o de Investiga\u00e7\u00f5es Criminais.<\/p>\n<p style=\"text-align: justify;\">Segundo o delegado S\u00e9rgio Lopes, a dupla \u00e9 acusada de assaltar um taxista no \u00faltimo dia 26 de janeiro, rendido no estacionamento de um supermercado no 2\u00ba Distrito. O taxistas foi posto no porta malas do carro.<\/p>\n<p style=\"text-align: justify;\">Os bandidos foram at\u00e9 \u00e0 casa do taxista e levaram a caminhonete Hilux para a Bol\u00edvia. Na ocasi\u00e3o, os dois conseguiram furar um bloqueio policial. Ontem (1), eles estavam retornando de Cobija com parte do dinheiro da venda do carro.<\/p>\n<p style=\"text-align: justify;\">Eles foram reconhecidos pela v\u00edtima. Foi pedida pris\u00e3o preventiva dos dois. A pol\u00edcia tenta recuperar a caminhonete que est\u00e1 em territ\u00f3rio boliviano. Heleones \u00e9 tamb\u00e9m acusado de assalto a banco e furto de caixas eletr\u00f4nicos em Rond\u00f4nia.<\/p>\n","protected":false},"excerpt":{"rendered":"<p style=\"text-align: justify;\">Jovens voltavam de Cobija ap\u00f3s vender caminhonete roubada<\/p>\n","protected":false},"author":4,"featured_media":27831,"comment_status":"open","ping_status":"open","sticky":false,"template":"","format":"standard","meta":{"jnews-multi-image_gallery":[],"jnews_single_post":[],"jnews_primary_category":[],"jnews_social_meta":[],"jnews_review":[],"enable_review":"","type":"","name":"","summary":"","brand":"","sku":"","good":[],"bad":[],"score_override":"","override_value":"","rating":[],"price":[],"footnotes":""},"categories":[44],"tags":[],"class_list":["post-27832","post","type-post","status-publish","format-standard","has-post-thumbnail","hentry","category-policia"],"yoast_head":"<!-- This site is optimized with the Yoast SEO plugin v26.5 - https:\/\/yoast.com\/wordpress\/plugins\/seo\/ -->\n<title>Trabalho integrado prende dupla de assaltantes - Agazeta.net<\/title>\n<meta name=\"robots\" content=\"index, follow, max-snippet:-1, max-image-preview:large, max-video-preview:-1\" \/>\n<link rel=\"canonical\" href=\"https:\/\/nk7-testes.com.br\/agazeta\/trabalho-integrado-prende-dupla-de-assaltantes\/\" \/>\n<meta property=\"og:locale\" content=\"pt_BR\" \/>\n<meta property=\"og:type\" content=\"article\" \/>\n<meta property=\"og:title\" content=\"Trabalho integrado prende dupla de assaltantes - Agazeta.net\" \/>\n<meta property=\"og:description\" content=\"Jovens voltavam de Cobija ap\u00f3s vender caminhonete roubada\" \/>\n<meta property=\"og:url\" content=\"https:\/\/nk7-testes.com.br\/agazeta\/trabalho-integrado-prende-dupla-de-assaltantes\/\" \/>\n<meta property=\"og:site_name\" content=\"Agazeta.net\" \/>\n<meta property=\"article:published_time\" content=\"2017-02-02T15:35:08+00:00\" \/>\n<meta property=\"og:image\" content=\"https:\/\/nk7-testes.com.br\/agazeta\/wp-content\/uploads\/2017\/02\/020217-policia-duplaassaltante-cleriston.jpg\" \/>\n\t<meta property=\"og:image:width\" content=\"458\" \/>\n\t<meta property=\"og:image:height\" content=\"340\" \/>\n\t<meta property=\"og:image:type\" content=\"image\/jpeg\" \/>\n<meta name=\"author\" content=\"Agazeta.Net\" \/>\n<meta name=\"twitter:card\" content=\"summary_large_image\" \/>\n<meta name=\"twitter:label1\" content=\"Escrito por\" \/>\n\t<meta name=\"twitter:data1\" content=\"Agazeta.Net\" \/>\n\t<meta name=\"twitter:label2\" content=\"Est. tempo de leitura\" \/>\n\t<meta name=\"twitter:data2\" content=\"1 minuto\" \/>\n<script type=\"application\/ld+json\" class=\"yoast-schema-graph\">{\"@context\":\"https:\/\/schema.org\",\"@graph\":[{\"@type\":\"WebPage\",\"@id\":\"https:\/\/nk7-testes.com.br\/agazeta\/trabalho-integrado-prende-dupla-de-assaltantes\/\",\"url\":\"https:\/\/nk7-testes.com.br\/agazeta\/trabalho-integrado-prende-dupla-de-assaltantes\/\",\"name\":\"Trabalho integrado prende dupla de assaltantes - Agazeta.net\",\"isPartOf\":{\"@id\":\"https:\/\/nk7-testes.com.br\/agazeta\/#website\"},\"primaryImageOfPage\":{\"@id\":\"https:\/\/nk7-testes.com.br\/agazeta\/trabalho-integrado-prende-dupla-de-assaltantes\/#primaryimage\"},\"image\":{\"@id\":\"https:\/\/nk7-testes.com.br\/agazeta\/trabalho-integrado-prende-dupla-de-assaltantes\/#primaryimage\"},\"thumbnailUrl\":\"https:\/\/nk7-testes.com.br\/agazeta\/wp-content\/uploads\/2017\/02\/020217-policia-duplaassaltante-cleriston.jpg\",\"datePublished\":\"2017-02-02T15:35:08+00:00\",\"author\":{\"@id\":\"https:\/\/nk7-testes.com.br\/agazeta\/#\/schema\/person\/ff6b39d54d6973bfc57f4140f659b23f\"},\"breadcrumb\":{\"@id\":\"https:\/\/nk7-testes.com.br\/agazeta\/trabalho-integrado-prende-dupla-de-assaltantes\/#breadcrumb\"},\"inLanguage\":\"pt-BR\",\"potentialAction\":[{\"@type\":\"ReadAction\",\"target\":[\"https:\/\/nk7-testes.com.br\/agazeta\/trabalho-integrado-prende-dupla-de-assaltantes\/\"]}]},{\"@type\":\"ImageObject\",\"inLanguage\":\"pt-BR\",\"@id\":\"https:\/\/nk7-testes.com.br\/agazeta\/trabalho-integrado-prende-dupla-de-assaltantes\/#primaryimage\",\"url\":\"https:\/\/nk7-testes.com.br\/agazeta\/wp-content\/uploads\/2017\/02\/020217-policia-duplaassaltante-cleriston.jpg\",\"contentUrl\":\"https:\/\/nk7-testes.com.br\/agazeta\/wp-content\/uploads\/2017\/02\/020217-policia-duplaassaltante-cleriston.jpg\",\"width\":458,\"height\":340,\"caption\":\"020217-policia-duplaassaltante-cleriston\"},{\"@type\":\"BreadcrumbList\",\"@id\":\"https:\/\/nk7-testes.com.br\/agazeta\/trabalho-integrado-prende-dupla-de-assaltantes\/#breadcrumb\",\"itemListElement\":[{\"@type\":\"ListItem\",\"position\":1,\"name\":\"In\u00edcio\",\"item\":\"https:\/\/nk7-testes.com.br\/agazeta\/\"},{\"@type\":\"ListItem\",\"position\":2,\"name\":\"Trabalho integrado prende dupla de assaltantes\"}]},{\"@type\":\"WebSite\",\"@id\":\"https:\/\/nk7-testes.com.br\/agazeta\/#website\",\"url\":\"https:\/\/nk7-testes.com.br\/agazeta\/\",\"name\":\"Agazeta.net\",\"description\":\"Agazeta.net - Not\u00edcias de Rio Branco\/AC\",\"potentialAction\":[{\"@type\":\"SearchAction\",\"target\":{\"@type\":\"EntryPoint\",\"urlTemplate\":\"https:\/\/nk7-testes.com.br\/agazeta\/?s={search_term_string}\"},\"query-input\":{\"@type\":\"PropertyValueSpecification\",\"valueRequired\":true,\"valueName\":\"search_term_string\"}}],\"inLanguage\":\"pt-BR\"},{\"@type\":\"Person\",\"@id\":\"https:\/\/nk7-testes.com.br\/agazeta\/#\/schema\/person\/ff6b39d54d6973bfc57f4140f659b23f\",\"name\":\"Agazeta.Net\",\"url\":\"https:\/\/nk7-testes.com.br\/agazeta\/author\/agazeta\/\"}]}<\/script>\n<!-- \/ Yoast SEO plugin. -->","yoast_head_json":{"title":"Trabalho integrado prende dupla de assaltantes - Agazeta.net","robots":{"index":"index","follow":"follow","max-snippet":"max-snippet:-1","max-image-preview":"max-image-preview:large","max-video-preview":"max-video-preview:-1"},"canonical":"https:\/\/nk7-testes.com.br\/agazeta\/trabalho-integrado-prende-dupla-de-assaltantes\/","og_locale":"pt_BR","og_type":"article","og_title":"Trabalho integrado prende dupla de assaltantes - Agazeta.net","og_description":"Jovens voltavam de Cobija ap\u00f3s vender caminhonete roubada","og_url":"https:\/\/nk7-testes.com.br\/agazeta\/trabalho-integrado-prende-dupla-de-assaltantes\/","og_site_name":"Agazeta.net","article_published_time":"2017-02-02T15:35:08+00:00","og_image":[{"width":458,"height":340,"url":"https:\/\/nk7-testes.com.br\/agazeta\/wp-content\/uploads\/2017\/02\/020217-policia-duplaassaltante-cleriston.jpg","type":"image\/jpeg"}],"author":"Agazeta.Net","twitter_card":"summary_large_image","twitter_misc":{"Escrito por":"Agazeta.Net","Est. tempo de leitura":"1 minuto"},"schema":{"@context":"https:\/\/schema.org","@graph":[{"@type":"WebPage","@id":"https:\/\/nk7-testes.com.br\/agazeta\/trabalho-integrado-prende-dupla-de-assaltantes\/","url":"https:\/\/nk7-testes.com.br\/agazeta\/trabalho-integrado-prende-dupla-de-assaltantes\/","name":"Trabalho integrado prende dupla de assaltantes - Agazeta.net","isPartOf":{"@id":"https:\/\/nk7-testes.com.br\/agazeta\/#website"},"primaryImageOfPage":{"@id":"https:\/\/nk7-testes.com.br\/agazeta\/trabalho-integrado-prende-dupla-de-assaltantes\/#primaryimage"},"image":{"@id":"https:\/\/nk7-testes.com.br\/agazeta\/trabalho-integrado-prende-dupla-de-assaltantes\/#primaryimage"},"thumbnailUrl":"https:\/\/nk7-testes.com.br\/agazeta\/wp-content\/uploads\/2017\/02\/020217-policia-duplaassaltante-cleriston.jpg","datePublished":"2017-02-02T15:35:08+00:00","author":{"@id":"https:\/\/nk7-testes.com.br\/agazeta\/#\/schema\/person\/ff6b39d54d6973bfc57f4140f659b23f"},"breadcrumb":{"@id":"https:\/\/nk7-testes.com.br\/agazeta\/trabalho-integrado-prende-dupla-de-assaltantes\/#breadcrumb"},"inLanguage":"pt-BR","potentialAction":[{"@type":"ReadAction","target":["https:\/\/nk7-testes.com.br\/agazeta\/trabalho-integrado-prende-dupla-de-assaltantes\/"]}]},{"@type":"ImageObject","inLanguage":"pt-BR","@id":"https:\/\/nk7-testes.com.br\/agazeta\/trabalho-integrado-prende-dupla-de-assaltantes\/#primaryimage","url":"https:\/\/nk7-testes.com.br\/agazeta\/wp-content\/uploads\/2017\/02\/020217-policia-duplaassaltante-cleriston.jpg","contentUrl":"https:\/\/nk7-testes.com.br\/agazeta\/wp-content\/uploads\/2017\/02\/020217-policia-duplaassaltante-cleriston.jpg","width":458,"height":340,"caption":"020217-policia-duplaassaltante-cleriston"},{"@type":"BreadcrumbList","@id":"https:\/\/nk7-testes.com.br\/agazeta\/trabalho-integrado-prende-dupla-de-assaltantes\/#breadcrumb","itemListElement":[{"@type":"ListItem","position":1,"name":"In\u00edcio","item":"https:\/\/nk7-testes.com.br\/agazeta\/"},{"@type":"ListItem","position":2,"name":"Trabalho integrado prende dupla de assaltantes"}]},{"@type":"WebSite","@id":"https:\/\/nk7-testes.com.br\/agazeta\/#website","url":"https:\/\/nk7-testes.com.br\/agazeta\/","name":"Agazeta.net","description":"Agazeta.net - Not\u00edcias de Rio Branco\/AC","potentialAction":[{"@type":"SearchAction","target":{"@type":"EntryPoint","urlTemplate":"https:\/\/nk7-testes.com.br\/agazeta\/?s={search_term_string}"},"query-input":{"@type":"PropertyValueSpecification","valueRequired":true,"valueName":"search_term_string"}}],"inLanguage":"pt-BR"},{"@type":"Person","@id":"https:\/\/nk7-testes.com.br\/agazeta\/#\/schema\/person\/ff6b39d54d6973bfc57f4140f659b23f","name":"Agazeta.Net","url":"https:\/\/nk7-testes.com.br\/agazeta\/author\/agazeta\/"}]}},"_links":{"self":[{"href":"https:\/\/nk7-testes.com.br\/agazeta\/wp-json\/wp\/v2\/posts\/27832","targetHints":{"allow":["GET"]}}],"collection":[{"href":"https:\/\/nk7-testes.com.br\/agazeta\/wp-json\/wp\/v2\/posts"}],"about":[{"href":"https:\/\/nk7-testes.com.br\/agazeta\/wp-json\/wp\/v2\/types\/post"}],"author":[{"embeddable":true,"href":"https:\/\/nk7-testes.com.br\/agazeta\/wp-json\/wp\/v2\/users\/4"}],"replies":[{"embeddable":true,"href":"https:\/\/nk7-testes.com.br\/agazeta\/wp-json\/wp\/v2\/comments?post=27832"}],"version-history":[{"count":0,"href":"https:\/\/nk7-testes.com.br\/agazeta\/wp-json\/wp\/v2\/posts\/27832\/revisions"}],"wp:featuredmedia":[{"embeddable":true,"href":"https:\/\/nk7-testes.com.br\/agazeta\/wp-json\/wp\/v2\/media\/27831"}],"wp:attachment":[{"href":"https:\/\/nk7-testes.com.br\/agazeta\/wp-json\/wp\/v2\/media?parent=27832"}],"wp:term":[{"taxonomy":"category","embeddable":true,"href":"https:\/\/nk7-testes.com.br\/agazeta\/wp-json\/wp\/v2\/categories?post=27832"},{"taxonomy":"post_tag","embeddable":true,"href":"https:\/\/nk7-testes.com.br\/agazeta\/wp-json\/wp\/v2\/tags?post=27832"}],"curies":[{"name":"wp","href":"https:\/\/api.w.org\/{rel}","templated":true}]}}