{"id":27740,"date":"2017-01-30T21:18:06","date_gmt":"2017-01-30T21:18:06","guid":{"rendered":"https:\/\/abarevegan.com.br\/index.php\/2017\/01\/30\/predio-publico-e-incendiado-em-senador-guiomard\/"},"modified":"2017-01-30T21:18:06","modified_gmt":"2017-01-30T21:18:06","slug":"predio-publico-e-incendiado-em-senador-guiomard","status":"publish","type":"post","link":"https:\/\/nk7-testes.com.br\/agazeta\/predio-publico-e-incendiado-em-senador-guiomard\/","title":{"rendered":"Pr\u00e9dio p\u00fablico \u00e9 incendiado em Senador Guiomard"},"content":{"rendered":"<p style=\"text-align: justify;\">Inc\u00eandio pode ter sido criminoso<\/p>\n<p style=\"text-align: justify;\">O pr\u00e9dio da Secret\u00e1ria de Meio Ambiente de Senador Guiomard pode ter sido alvo de inc\u00eandio criminoso neste fim de semana.<\/p>\n<p style=\"text-align: justify;\">O servidor municipal Patrick Leon, que trabalha no local, publicou as imagens do pr\u00e9dio parcialmente destru\u00eddo pelas chamas em uma rede social. \u201cCom muito esfor\u00e7o, est\u00e1vamos, aos poucos, fazendo melhorias no pr\u00e9dio. At\u00e9 que hoje pela manh\u00e3, ao chegarmos ao pr\u00e9dio, nos deparamos com ele parcialmente destru\u00eddo\u201d, disse o servidor.<\/p>\n<p style=\"text-align: justify;\">Na publica\u00e7\u00e3o, ele afirmou ainda que o inc\u00eandio teria sido criminoso j\u00e1 um recipiente com gasolina teria sido encontrado no local.<\/p>\n","protected":false},"excerpt":{"rendered":"<p style=\"text-align: justify;\">Inc\u00eandio pode ter sido criminoso<\/p>\n","protected":false},"author":4,"featured_media":27739,"comment_status":"open","ping_status":"open","sticky":false,"template":"","format":"standard","meta":{"jnews-multi-image_gallery":[],"jnews_single_post":[],"jnews_primary_category":[],"jnews_social_meta":[],"jnews_review":[],"enable_review":"","type":"","name":"","summary":"","brand":"","sku":"","good":[],"bad":[],"score_override":"","override_value":"","rating":[],"price":[],"footnotes":""},"categories":[44],"tags":[],"class_list":["post-27740","post","type-post","status-publish","format-standard","has-post-thumbnail","hentry","category-policia"],"yoast_head":"<!-- This site is optimized with the Yoast SEO plugin v26.5 - https:\/\/yoast.com\/wordpress\/plugins\/seo\/ -->\n<title>Pr\u00e9dio p\u00fablico \u00e9 incendiado em Senador Guiomard - Agazeta.net<\/title>\n<meta name=\"robots\" content=\"index, follow, max-snippet:-1, max-image-preview:large, max-video-preview:-1\" \/>\n<link rel=\"canonical\" href=\"https:\/\/nk7-testes.com.br\/agazeta\/predio-publico-e-incendiado-em-senador-guiomard\/\" \/>\n<meta property=\"og:locale\" content=\"pt_BR\" \/>\n<meta property=\"og:type\" content=\"article\" \/>\n<meta property=\"og:title\" content=\"Pr\u00e9dio p\u00fablico \u00e9 incendiado em Senador Guiomard - Agazeta.net\" \/>\n<meta property=\"og:description\" content=\"Inc\u00eandio pode ter sido criminoso\" \/>\n<meta property=\"og:url\" content=\"https:\/\/nk7-testes.com.br\/agazeta\/predio-publico-e-incendiado-em-senador-guiomard\/\" \/>\n<meta property=\"og:site_name\" content=\"Agazeta.net\" \/>\n<meta property=\"article:published_time\" content=\"2017-01-30T21:18:06+00:00\" \/>\n<meta property=\"og:image\" content=\"https:\/\/nk7-testes.com.br\/agazeta\/wp-content\/uploads\/2017\/01\/300117-policia-incendioprediosenadorguiomard-reproducaofacebook.jpg\" \/>\n\t<meta property=\"og:image:width\" content=\"458\" \/>\n\t<meta property=\"og:image:height\" content=\"340\" \/>\n\t<meta property=\"og:image:type\" content=\"image\/jpeg\" \/>\n<meta name=\"author\" content=\"Agazeta.Net\" \/>\n<meta name=\"twitter:card\" content=\"summary_large_image\" \/>\n<meta name=\"twitter:label1\" content=\"Escrito por\" \/>\n\t<meta name=\"twitter:data1\" content=\"Agazeta.Net\" \/>\n\t<meta name=\"twitter:label2\" content=\"Est. tempo de leitura\" \/>\n\t<meta name=\"twitter:data2\" content=\"1 minuto\" \/>\n<script type=\"application\/ld+json\" class=\"yoast-schema-graph\">{\"@context\":\"https:\/\/schema.org\",\"@graph\":[{\"@type\":\"WebPage\",\"@id\":\"https:\/\/nk7-testes.com.br\/agazeta\/predio-publico-e-incendiado-em-senador-guiomard\/\",\"url\":\"https:\/\/nk7-testes.com.br\/agazeta\/predio-publico-e-incendiado-em-senador-guiomard\/\",\"name\":\"Pr\u00e9dio p\u00fablico \u00e9 incendiado em Senador Guiomard - Agazeta.net\",\"isPartOf\":{\"@id\":\"https:\/\/nk7-testes.com.br\/agazeta\/#website\"},\"primaryImageOfPage\":{\"@id\":\"https:\/\/nk7-testes.com.br\/agazeta\/predio-publico-e-incendiado-em-senador-guiomard\/#primaryimage\"},\"image\":{\"@id\":\"https:\/\/nk7-testes.com.br\/agazeta\/predio-publico-e-incendiado-em-senador-guiomard\/#primaryimage\"},\"thumbnailUrl\":\"https:\/\/nk7-testes.com.br\/agazeta\/wp-content\/uploads\/2017\/01\/300117-policia-incendioprediosenadorguiomard-reproducaofacebook.jpg\",\"datePublished\":\"2017-01-30T21:18:06+00:00\",\"author\":{\"@id\":\"https:\/\/nk7-testes.com.br\/agazeta\/#\/schema\/person\/ff6b39d54d6973bfc57f4140f659b23f\"},\"breadcrumb\":{\"@id\":\"https:\/\/nk7-testes.com.br\/agazeta\/predio-publico-e-incendiado-em-senador-guiomard\/#breadcrumb\"},\"inLanguage\":\"pt-BR\",\"potentialAction\":[{\"@type\":\"ReadAction\",\"target\":[\"https:\/\/nk7-testes.com.br\/agazeta\/predio-publico-e-incendiado-em-senador-guiomard\/\"]}]},{\"@type\":\"ImageObject\",\"inLanguage\":\"pt-BR\",\"@id\":\"https:\/\/nk7-testes.com.br\/agazeta\/predio-publico-e-incendiado-em-senador-guiomard\/#primaryimage\",\"url\":\"https:\/\/nk7-testes.com.br\/agazeta\/wp-content\/uploads\/2017\/01\/300117-policia-incendioprediosenadorguiomard-reproducaofacebook.jpg\",\"contentUrl\":\"https:\/\/nk7-testes.com.br\/agazeta\/wp-content\/uploads\/2017\/01\/300117-policia-incendioprediosenadorguiomard-reproducaofacebook.jpg\",\"width\":458,\"height\":340,\"caption\":\"300117-policia-incendioprediosenadorguiomard-reproducaofacebook\"},{\"@type\":\"BreadcrumbList\",\"@id\":\"https:\/\/nk7-testes.com.br\/agazeta\/predio-publico-e-incendiado-em-senador-guiomard\/#breadcrumb\",\"itemListElement\":[{\"@type\":\"ListItem\",\"position\":1,\"name\":\"In\u00edcio\",\"item\":\"https:\/\/nk7-testes.com.br\/agazeta\/\"},{\"@type\":\"ListItem\",\"position\":2,\"name\":\"Pr\u00e9dio p\u00fablico \u00e9 incendiado em Senador Guiomard\"}]},{\"@type\":\"WebSite\",\"@id\":\"https:\/\/nk7-testes.com.br\/agazeta\/#website\",\"url\":\"https:\/\/nk7-testes.com.br\/agazeta\/\",\"name\":\"Agazeta.net\",\"description\":\"Agazeta.net - Not\u00edcias de Rio Branco\/AC\",\"potentialAction\":[{\"@type\":\"SearchAction\",\"target\":{\"@type\":\"EntryPoint\",\"urlTemplate\":\"https:\/\/nk7-testes.com.br\/agazeta\/?s={search_term_string}\"},\"query-input\":{\"@type\":\"PropertyValueSpecification\",\"valueRequired\":true,\"valueName\":\"search_term_string\"}}],\"inLanguage\":\"pt-BR\"},{\"@type\":\"Person\",\"@id\":\"https:\/\/nk7-testes.com.br\/agazeta\/#\/schema\/person\/ff6b39d54d6973bfc57f4140f659b23f\",\"name\":\"Agazeta.Net\",\"url\":\"https:\/\/nk7-testes.com.br\/agazeta\/author\/agazeta\/\"}]}<\/script>\n<!-- \/ Yoast SEO plugin. -->","yoast_head_json":{"title":"Pr\u00e9dio p\u00fablico \u00e9 incendiado em Senador Guiomard - Agazeta.net","robots":{"index":"index","follow":"follow","max-snippet":"max-snippet:-1","max-image-preview":"max-image-preview:large","max-video-preview":"max-video-preview:-1"},"canonical":"https:\/\/nk7-testes.com.br\/agazeta\/predio-publico-e-incendiado-em-senador-guiomard\/","og_locale":"pt_BR","og_type":"article","og_title":"Pr\u00e9dio p\u00fablico \u00e9 incendiado em Senador Guiomard - Agazeta.net","og_description":"Inc\u00eandio pode ter sido criminoso","og_url":"https:\/\/nk7-testes.com.br\/agazeta\/predio-publico-e-incendiado-em-senador-guiomard\/","og_site_name":"Agazeta.net","article_published_time":"2017-01-30T21:18:06+00:00","og_image":[{"width":458,"height":340,"url":"https:\/\/nk7-testes.com.br\/agazeta\/wp-content\/uploads\/2017\/01\/300117-policia-incendioprediosenadorguiomard-reproducaofacebook.jpg","type":"image\/jpeg"}],"author":"Agazeta.Net","twitter_card":"summary_large_image","twitter_misc":{"Escrito por":"Agazeta.Net","Est. tempo de leitura":"1 minuto"},"schema":{"@context":"https:\/\/schema.org","@graph":[{"@type":"WebPage","@id":"https:\/\/nk7-testes.com.br\/agazeta\/predio-publico-e-incendiado-em-senador-guiomard\/","url":"https:\/\/nk7-testes.com.br\/agazeta\/predio-publico-e-incendiado-em-senador-guiomard\/","name":"Pr\u00e9dio p\u00fablico \u00e9 incendiado em Senador Guiomard - Agazeta.net","isPartOf":{"@id":"https:\/\/nk7-testes.com.br\/agazeta\/#website"},"primaryImageOfPage":{"@id":"https:\/\/nk7-testes.com.br\/agazeta\/predio-publico-e-incendiado-em-senador-guiomard\/#primaryimage"},"image":{"@id":"https:\/\/nk7-testes.com.br\/agazeta\/predio-publico-e-incendiado-em-senador-guiomard\/#primaryimage"},"thumbnailUrl":"https:\/\/nk7-testes.com.br\/agazeta\/wp-content\/uploads\/2017\/01\/300117-policia-incendioprediosenadorguiomard-reproducaofacebook.jpg","datePublished":"2017-01-30T21:18:06+00:00","author":{"@id":"https:\/\/nk7-testes.com.br\/agazeta\/#\/schema\/person\/ff6b39d54d6973bfc57f4140f659b23f"},"breadcrumb":{"@id":"https:\/\/nk7-testes.com.br\/agazeta\/predio-publico-e-incendiado-em-senador-guiomard\/#breadcrumb"},"inLanguage":"pt-BR","potentialAction":[{"@type":"ReadAction","target":["https:\/\/nk7-testes.com.br\/agazeta\/predio-publico-e-incendiado-em-senador-guiomard\/"]}]},{"@type":"ImageObject","inLanguage":"pt-BR","@id":"https:\/\/nk7-testes.com.br\/agazeta\/predio-publico-e-incendiado-em-senador-guiomard\/#primaryimage","url":"https:\/\/nk7-testes.com.br\/agazeta\/wp-content\/uploads\/2017\/01\/300117-policia-incendioprediosenadorguiomard-reproducaofacebook.jpg","contentUrl":"https:\/\/nk7-testes.com.br\/agazeta\/wp-content\/uploads\/2017\/01\/300117-policia-incendioprediosenadorguiomard-reproducaofacebook.jpg","width":458,"height":340,"caption":"300117-policia-incendioprediosenadorguiomard-reproducaofacebook"},{"@type":"BreadcrumbList","@id":"https:\/\/nk7-testes.com.br\/agazeta\/predio-publico-e-incendiado-em-senador-guiomard\/#breadcrumb","itemListElement":[{"@type":"ListItem","position":1,"name":"In\u00edcio","item":"https:\/\/nk7-testes.com.br\/agazeta\/"},{"@type":"ListItem","position":2,"name":"Pr\u00e9dio p\u00fablico \u00e9 incendiado em Senador Guiomard"}]},{"@type":"WebSite","@id":"https:\/\/nk7-testes.com.br\/agazeta\/#website","url":"https:\/\/nk7-testes.com.br\/agazeta\/","name":"Agazeta.net","description":"Agazeta.net - Not\u00edcias de Rio Branco\/AC","potentialAction":[{"@type":"SearchAction","target":{"@type":"EntryPoint","urlTemplate":"https:\/\/nk7-testes.com.br\/agazeta\/?s={search_term_string}"},"query-input":{"@type":"PropertyValueSpecification","valueRequired":true,"valueName":"search_term_string"}}],"inLanguage":"pt-BR"},{"@type":"Person","@id":"https:\/\/nk7-testes.com.br\/agazeta\/#\/schema\/person\/ff6b39d54d6973bfc57f4140f659b23f","name":"Agazeta.Net","url":"https:\/\/nk7-testes.com.br\/agazeta\/author\/agazeta\/"}]}},"_links":{"self":[{"href":"https:\/\/nk7-testes.com.br\/agazeta\/wp-json\/wp\/v2\/posts\/27740","targetHints":{"allow":["GET"]}}],"collection":[{"href":"https:\/\/nk7-testes.com.br\/agazeta\/wp-json\/wp\/v2\/posts"}],"about":[{"href":"https:\/\/nk7-testes.com.br\/agazeta\/wp-json\/wp\/v2\/types\/post"}],"author":[{"embeddable":true,"href":"https:\/\/nk7-testes.com.br\/agazeta\/wp-json\/wp\/v2\/users\/4"}],"replies":[{"embeddable":true,"href":"https:\/\/nk7-testes.com.br\/agazeta\/wp-json\/wp\/v2\/comments?post=27740"}],"version-history":[{"count":0,"href":"https:\/\/nk7-testes.com.br\/agazeta\/wp-json\/wp\/v2\/posts\/27740\/revisions"}],"wp:featuredmedia":[{"embeddable":true,"href":"https:\/\/nk7-testes.com.br\/agazeta\/wp-json\/wp\/v2\/media\/27739"}],"wp:attachment":[{"href":"https:\/\/nk7-testes.com.br\/agazeta\/wp-json\/wp\/v2\/media?parent=27740"}],"wp:term":[{"taxonomy":"category","embeddable":true,"href":"https:\/\/nk7-testes.com.br\/agazeta\/wp-json\/wp\/v2\/categories?post=27740"},{"taxonomy":"post_tag","embeddable":true,"href":"https:\/\/nk7-testes.com.br\/agazeta\/wp-json\/wp\/v2\/tags?post=27740"}],"curies":[{"name":"wp","href":"https:\/\/api.w.org\/{rel}","templated":true}]}}