{"id":27708,"date":"2017-01-28T17:05:56","date_gmt":"2017-01-28T17:05:56","guid":{"rendered":"https:\/\/abarevegan.com.br\/index.php\/2017\/01\/28\/policia-prende-tres-jovens-com-revolver-e-drogas\/"},"modified":"2017-01-28T17:05:56","modified_gmt":"2017-01-28T17:05:56","slug":"policia-prende-tres-jovens-com-revolver-e-drogas","status":"publish","type":"post","link":"https:\/\/nk7-testes.com.br\/agazeta\/policia-prende-tres-jovens-com-revolver-e-drogas\/","title":{"rendered":"Pol\u00edcia prende tr\u00eas jovens com rev\u00f3lver e drogas"},"content":{"rendered":"<p style=\"text-align: justify;\">O mais velho do grupo tem apenas 19 anos<\/p>\n<p style=\"text-align: justify;\">Den\u00edlson da Silva Sousa, 18, Mateus Gomes do Nascimento, 19, e Kaio Fernandes de Sousa, 18, foram presos na noite desta sexta-feira (27), no Conjunto Jacarand\u00e1 (regi\u00e3o do bairro Santo Afonso) por estarem armados e com droga que, segundo a pol\u00edcia, seria vendida.<\/p>\n<p style=\"text-align: justify;\">Os policiais do 2\u00ba Batalh\u00e3o chegaram at\u00e9 o trio por meio de uma den\u00fancia an\u00f4nima. O informante disse que \u201cem uma casa do bairro Santo Afonso estava sendo usada como ponto de venda de droga\u201d.<\/p>\n<p style=\"text-align: justify;\">Quando a policia chegou ao local indicado pelo denunciante, os acusados ainda tentaram fugir, mas foram capturados.<\/p>\n<p style=\"text-align: justify;\">Com os acusados, a pol\u00edcia apreendeu um rev\u00f3lver calibre 32 com uma muni\u00e7\u00e3o. Apreendeu tamb\u00e9m quatro barras de maconha e 19 trouxinhas de pasta \u00e0 base de coca\u00edna. Al\u00e9m disso, havia tamb\u00e9m dois telefones celulares e uma TV de 32 polegadas.<\/p>\n<p style=\"text-align: justify;\">Os acusados, junto com o material apreendido, foram levados para a delegacia Central de Flagrantes.<\/p>\n","protected":false},"excerpt":{"rendered":"<p style=\"text-align: justify;\">O mais velho do grupo tem apenas 19 anos<\/p>\n","protected":false},"author":4,"featured_media":27707,"comment_status":"open","ping_status":"open","sticky":false,"template":"","format":"standard","meta":{"jnews-multi-image_gallery":[],"jnews_single_post":[],"jnews_primary_category":[],"jnews_social_meta":[],"jnews_review":[],"enable_review":"","type":"","name":"","summary":"","brand":"","sku":"","good":[],"bad":[],"score_override":"","override_value":"","rating":[],"price":[],"footnotes":""},"categories":[44],"tags":[],"class_list":["post-27708","post","type-post","status-publish","format-standard","has-post-thumbnail","hentry","category-policia"],"yoast_head":"<!-- This site is optimized with the Yoast SEO plugin v26.5 - https:\/\/yoast.com\/wordpress\/plugins\/seo\/ -->\n<title>Pol\u00edcia prende tr\u00eas jovens com rev\u00f3lver e drogas - Agazeta.net<\/title>\n<meta name=\"robots\" content=\"index, follow, max-snippet:-1, max-image-preview:large, max-video-preview:-1\" \/>\n<link rel=\"canonical\" href=\"https:\/\/nk7-testes.com.br\/agazeta\/policia-prende-tres-jovens-com-revolver-e-drogas\/\" \/>\n<meta property=\"og:locale\" content=\"pt_BR\" \/>\n<meta property=\"og:type\" content=\"article\" \/>\n<meta property=\"og:title\" content=\"Pol\u00edcia prende tr\u00eas jovens com rev\u00f3lver e drogas - Agazeta.net\" \/>\n<meta property=\"og:description\" content=\"O mais velho do grupo tem apenas 19 anos\" \/>\n<meta property=\"og:url\" content=\"https:\/\/nk7-testes.com.br\/agazeta\/policia-prende-tres-jovens-com-revolver-e-drogas\/\" \/>\n<meta property=\"og:site_name\" content=\"Agazeta.net\" \/>\n<meta property=\"article:published_time\" content=\"2017-01-28T17:05:56+00:00\" \/>\n<meta property=\"og:image\" content=\"https:\/\/nk7-testes.com.br\/agazeta\/wp-content\/uploads\/2017\/01\/280117-policia-jovenspresos-cleriston.jpg\" \/>\n\t<meta property=\"og:image:width\" content=\"458\" \/>\n\t<meta property=\"og:image:height\" content=\"340\" \/>\n\t<meta property=\"og:image:type\" content=\"image\/jpeg\" \/>\n<meta name=\"author\" content=\"Agazeta.Net\" \/>\n<meta name=\"twitter:card\" content=\"summary_large_image\" \/>\n<meta name=\"twitter:label1\" content=\"Escrito por\" \/>\n\t<meta name=\"twitter:data1\" content=\"Agazeta.Net\" \/>\n\t<meta name=\"twitter:label2\" content=\"Est. tempo de leitura\" \/>\n\t<meta name=\"twitter:data2\" content=\"1 minuto\" \/>\n<script type=\"application\/ld+json\" class=\"yoast-schema-graph\">{\"@context\":\"https:\/\/schema.org\",\"@graph\":[{\"@type\":\"WebPage\",\"@id\":\"https:\/\/nk7-testes.com.br\/agazeta\/policia-prende-tres-jovens-com-revolver-e-drogas\/\",\"url\":\"https:\/\/nk7-testes.com.br\/agazeta\/policia-prende-tres-jovens-com-revolver-e-drogas\/\",\"name\":\"Pol\u00edcia prende tr\u00eas jovens com rev\u00f3lver e drogas - Agazeta.net\",\"isPartOf\":{\"@id\":\"https:\/\/nk7-testes.com.br\/agazeta\/#website\"},\"primaryImageOfPage\":{\"@id\":\"https:\/\/nk7-testes.com.br\/agazeta\/policia-prende-tres-jovens-com-revolver-e-drogas\/#primaryimage\"},\"image\":{\"@id\":\"https:\/\/nk7-testes.com.br\/agazeta\/policia-prende-tres-jovens-com-revolver-e-drogas\/#primaryimage\"},\"thumbnailUrl\":\"https:\/\/nk7-testes.com.br\/agazeta\/wp-content\/uploads\/2017\/01\/280117-policia-jovenspresos-cleriston.jpg\",\"datePublished\":\"2017-01-28T17:05:56+00:00\",\"author\":{\"@id\":\"https:\/\/nk7-testes.com.br\/agazeta\/#\/schema\/person\/ff6b39d54d6973bfc57f4140f659b23f\"},\"breadcrumb\":{\"@id\":\"https:\/\/nk7-testes.com.br\/agazeta\/policia-prende-tres-jovens-com-revolver-e-drogas\/#breadcrumb\"},\"inLanguage\":\"pt-BR\",\"potentialAction\":[{\"@type\":\"ReadAction\",\"target\":[\"https:\/\/nk7-testes.com.br\/agazeta\/policia-prende-tres-jovens-com-revolver-e-drogas\/\"]}]},{\"@type\":\"ImageObject\",\"inLanguage\":\"pt-BR\",\"@id\":\"https:\/\/nk7-testes.com.br\/agazeta\/policia-prende-tres-jovens-com-revolver-e-drogas\/#primaryimage\",\"url\":\"https:\/\/nk7-testes.com.br\/agazeta\/wp-content\/uploads\/2017\/01\/280117-policia-jovenspresos-cleriston.jpg\",\"contentUrl\":\"https:\/\/nk7-testes.com.br\/agazeta\/wp-content\/uploads\/2017\/01\/280117-policia-jovenspresos-cleriston.jpg\",\"width\":458,\"height\":340,\"caption\":\"280117-policia-jovenspresos-cleriston\"},{\"@type\":\"BreadcrumbList\",\"@id\":\"https:\/\/nk7-testes.com.br\/agazeta\/policia-prende-tres-jovens-com-revolver-e-drogas\/#breadcrumb\",\"itemListElement\":[{\"@type\":\"ListItem\",\"position\":1,\"name\":\"In\u00edcio\",\"item\":\"https:\/\/nk7-testes.com.br\/agazeta\/\"},{\"@type\":\"ListItem\",\"position\":2,\"name\":\"Pol\u00edcia prende tr\u00eas jovens com rev\u00f3lver e drogas\"}]},{\"@type\":\"WebSite\",\"@id\":\"https:\/\/nk7-testes.com.br\/agazeta\/#website\",\"url\":\"https:\/\/nk7-testes.com.br\/agazeta\/\",\"name\":\"Agazeta.net\",\"description\":\"Agazeta.net - Not\u00edcias de Rio Branco\/AC\",\"potentialAction\":[{\"@type\":\"SearchAction\",\"target\":{\"@type\":\"EntryPoint\",\"urlTemplate\":\"https:\/\/nk7-testes.com.br\/agazeta\/?s={search_term_string}\"},\"query-input\":{\"@type\":\"PropertyValueSpecification\",\"valueRequired\":true,\"valueName\":\"search_term_string\"}}],\"inLanguage\":\"pt-BR\"},{\"@type\":\"Person\",\"@id\":\"https:\/\/nk7-testes.com.br\/agazeta\/#\/schema\/person\/ff6b39d54d6973bfc57f4140f659b23f\",\"name\":\"Agazeta.Net\",\"url\":\"https:\/\/nk7-testes.com.br\/agazeta\/author\/agazeta\/\"}]}<\/script>\n<!-- \/ Yoast SEO plugin. -->","yoast_head_json":{"title":"Pol\u00edcia prende tr\u00eas jovens com rev\u00f3lver e drogas - Agazeta.net","robots":{"index":"index","follow":"follow","max-snippet":"max-snippet:-1","max-image-preview":"max-image-preview:large","max-video-preview":"max-video-preview:-1"},"canonical":"https:\/\/nk7-testes.com.br\/agazeta\/policia-prende-tres-jovens-com-revolver-e-drogas\/","og_locale":"pt_BR","og_type":"article","og_title":"Pol\u00edcia prende tr\u00eas jovens com rev\u00f3lver e drogas - Agazeta.net","og_description":"O mais velho do grupo tem apenas 19 anos","og_url":"https:\/\/nk7-testes.com.br\/agazeta\/policia-prende-tres-jovens-com-revolver-e-drogas\/","og_site_name":"Agazeta.net","article_published_time":"2017-01-28T17:05:56+00:00","og_image":[{"width":458,"height":340,"url":"https:\/\/nk7-testes.com.br\/agazeta\/wp-content\/uploads\/2017\/01\/280117-policia-jovenspresos-cleriston.jpg","type":"image\/jpeg"}],"author":"Agazeta.Net","twitter_card":"summary_large_image","twitter_misc":{"Escrito por":"Agazeta.Net","Est. tempo de leitura":"1 minuto"},"schema":{"@context":"https:\/\/schema.org","@graph":[{"@type":"WebPage","@id":"https:\/\/nk7-testes.com.br\/agazeta\/policia-prende-tres-jovens-com-revolver-e-drogas\/","url":"https:\/\/nk7-testes.com.br\/agazeta\/policia-prende-tres-jovens-com-revolver-e-drogas\/","name":"Pol\u00edcia prende tr\u00eas jovens com rev\u00f3lver e drogas - Agazeta.net","isPartOf":{"@id":"https:\/\/nk7-testes.com.br\/agazeta\/#website"},"primaryImageOfPage":{"@id":"https:\/\/nk7-testes.com.br\/agazeta\/policia-prende-tres-jovens-com-revolver-e-drogas\/#primaryimage"},"image":{"@id":"https:\/\/nk7-testes.com.br\/agazeta\/policia-prende-tres-jovens-com-revolver-e-drogas\/#primaryimage"},"thumbnailUrl":"https:\/\/nk7-testes.com.br\/agazeta\/wp-content\/uploads\/2017\/01\/280117-policia-jovenspresos-cleriston.jpg","datePublished":"2017-01-28T17:05:56+00:00","author":{"@id":"https:\/\/nk7-testes.com.br\/agazeta\/#\/schema\/person\/ff6b39d54d6973bfc57f4140f659b23f"},"breadcrumb":{"@id":"https:\/\/nk7-testes.com.br\/agazeta\/policia-prende-tres-jovens-com-revolver-e-drogas\/#breadcrumb"},"inLanguage":"pt-BR","potentialAction":[{"@type":"ReadAction","target":["https:\/\/nk7-testes.com.br\/agazeta\/policia-prende-tres-jovens-com-revolver-e-drogas\/"]}]},{"@type":"ImageObject","inLanguage":"pt-BR","@id":"https:\/\/nk7-testes.com.br\/agazeta\/policia-prende-tres-jovens-com-revolver-e-drogas\/#primaryimage","url":"https:\/\/nk7-testes.com.br\/agazeta\/wp-content\/uploads\/2017\/01\/280117-policia-jovenspresos-cleriston.jpg","contentUrl":"https:\/\/nk7-testes.com.br\/agazeta\/wp-content\/uploads\/2017\/01\/280117-policia-jovenspresos-cleriston.jpg","width":458,"height":340,"caption":"280117-policia-jovenspresos-cleriston"},{"@type":"BreadcrumbList","@id":"https:\/\/nk7-testes.com.br\/agazeta\/policia-prende-tres-jovens-com-revolver-e-drogas\/#breadcrumb","itemListElement":[{"@type":"ListItem","position":1,"name":"In\u00edcio","item":"https:\/\/nk7-testes.com.br\/agazeta\/"},{"@type":"ListItem","position":2,"name":"Pol\u00edcia prende tr\u00eas jovens com rev\u00f3lver e drogas"}]},{"@type":"WebSite","@id":"https:\/\/nk7-testes.com.br\/agazeta\/#website","url":"https:\/\/nk7-testes.com.br\/agazeta\/","name":"Agazeta.net","description":"Agazeta.net - Not\u00edcias de Rio Branco\/AC","potentialAction":[{"@type":"SearchAction","target":{"@type":"EntryPoint","urlTemplate":"https:\/\/nk7-testes.com.br\/agazeta\/?s={search_term_string}"},"query-input":{"@type":"PropertyValueSpecification","valueRequired":true,"valueName":"search_term_string"}}],"inLanguage":"pt-BR"},{"@type":"Person","@id":"https:\/\/nk7-testes.com.br\/agazeta\/#\/schema\/person\/ff6b39d54d6973bfc57f4140f659b23f","name":"Agazeta.Net","url":"https:\/\/nk7-testes.com.br\/agazeta\/author\/agazeta\/"}]}},"_links":{"self":[{"href":"https:\/\/nk7-testes.com.br\/agazeta\/wp-json\/wp\/v2\/posts\/27708","targetHints":{"allow":["GET"]}}],"collection":[{"href":"https:\/\/nk7-testes.com.br\/agazeta\/wp-json\/wp\/v2\/posts"}],"about":[{"href":"https:\/\/nk7-testes.com.br\/agazeta\/wp-json\/wp\/v2\/types\/post"}],"author":[{"embeddable":true,"href":"https:\/\/nk7-testes.com.br\/agazeta\/wp-json\/wp\/v2\/users\/4"}],"replies":[{"embeddable":true,"href":"https:\/\/nk7-testes.com.br\/agazeta\/wp-json\/wp\/v2\/comments?post=27708"}],"version-history":[{"count":0,"href":"https:\/\/nk7-testes.com.br\/agazeta\/wp-json\/wp\/v2\/posts\/27708\/revisions"}],"wp:featuredmedia":[{"embeddable":true,"href":"https:\/\/nk7-testes.com.br\/agazeta\/wp-json\/wp\/v2\/media\/27707"}],"wp:attachment":[{"href":"https:\/\/nk7-testes.com.br\/agazeta\/wp-json\/wp\/v2\/media?parent=27708"}],"wp:term":[{"taxonomy":"category","embeddable":true,"href":"https:\/\/nk7-testes.com.br\/agazeta\/wp-json\/wp\/v2\/categories?post=27708"},{"taxonomy":"post_tag","embeddable":true,"href":"https:\/\/nk7-testes.com.br\/agazeta\/wp-json\/wp\/v2\/tags?post=27708"}],"curies":[{"name":"wp","href":"https:\/\/api.w.org\/{rel}","templated":true}]}}