{"id":27687,"date":"2017-01-26T20:08:57","date_gmt":"2017-01-26T20:08:57","guid":{"rendered":"https:\/\/abarevegan.com.br\/index.php\/2017\/01\/26\/presos-de-sena-madureira-ameacam-fazer-greve-de-fome\/"},"modified":"2017-01-26T20:08:57","modified_gmt":"2017-01-26T20:08:57","slug":"presos-de-sena-madureira-ameacam-fazer-greve-de-fome","status":"publish","type":"post","link":"https:\/\/nk7-testes.com.br\/agazeta\/presos-de-sena-madureira-ameacam-fazer-greve-de-fome\/","title":{"rendered":"Presos de Sena Madureira amea\u00e7am fazer greve de fome"},"content":{"rendered":"<p style=\"text-align: justify;\">Eles reivindicam o aumento do hor\u00e1rio de visita<\/p>\n<p style=\"text-align: justify;\">Nesta quinta-feira (26) detentos do pres\u00eddio Evaristo de Moraes, no munic\u00edpio de Sena Madureira, teriam enviado uma carta \u00e0 dire\u00e7\u00e3o do pres\u00eddio amea\u00e7ando realizarem greve de fome.<\/p>\n<p style=\"text-align: justify;\">Segundo informa\u00e7\u00f5es da assessoria do Instituto de Administra\u00e7\u00e3o Penitenci\u00e1ria do Acre (Iapen), cerca de 10 presos teriam feito uma carta pedindo o aumento do hor\u00e1rio de visita intima, destes, apenas 4 teriam devolvido suas marmitas e se recusado a almo\u00e7ar.<\/p>\n<p style=\"text-align: justify;\">Ainda de acordo com o Iapen, o aumento ou diminui\u00e7\u00e3o do hor\u00e1rio de visitas n\u00e3o pode ser alterado pelo instituto, pois \u00e9 de compet\u00eancia do judici\u00e1rio, que atrav\u00e9s da Lei de Execu\u00e7\u00f5es Penais, estabelece esses hor\u00e1rios. De acordo com a lei os presos j\u00e1 tem 4h de visita garantidas durante a semana, 2h pela manh\u00e3 e 2h \u00e0 tarde.<\/p>\n","protected":false},"excerpt":{"rendered":"<p style=\"text-align: justify;\">Eles reivindicam o aumento do hor\u00e1rio de visita<\/p>\n","protected":false},"author":4,"featured_media":27686,"comment_status":"open","ping_status":"open","sticky":false,"template":"","format":"standard","meta":{"jnews-multi-image_gallery":[],"jnews_single_post":[],"jnews_primary_category":[],"jnews_social_meta":[],"jnews_review":[],"enable_review":"","type":"","name":"","summary":"","brand":"","sku":"","good":[],"bad":[],"score_override":"","override_value":"","rating":[],"price":[],"footnotes":""},"categories":[44],"tags":[],"class_list":["post-27687","post","type-post","status-publish","format-standard","has-post-thumbnail","hentry","category-policia"],"yoast_head":"<!-- This site is optimized with the Yoast SEO plugin v26.5 - https:\/\/yoast.com\/wordpress\/plugins\/seo\/ -->\n<title>Presos de Sena Madureira amea\u00e7am fazer greve de fome - Agazeta.net<\/title>\n<meta name=\"robots\" content=\"index, follow, max-snippet:-1, max-image-preview:large, max-video-preview:-1\" \/>\n<link rel=\"canonical\" href=\"https:\/\/nk7-testes.com.br\/agazeta\/presos-de-sena-madureira-ameacam-fazer-greve-de-fome\/\" \/>\n<meta property=\"og:locale\" content=\"pt_BR\" \/>\n<meta property=\"og:type\" content=\"article\" \/>\n<meta property=\"og:title\" content=\"Presos de Sena Madureira amea\u00e7am fazer greve de fome - Agazeta.net\" \/>\n<meta property=\"og:description\" content=\"Eles reivindicam o aumento do hor\u00e1rio de visita\" \/>\n<meta property=\"og:url\" content=\"https:\/\/nk7-testes.com.br\/agazeta\/presos-de-sena-madureira-ameacam-fazer-greve-de-fome\/\" \/>\n<meta property=\"og:site_name\" content=\"Agazeta.net\" \/>\n<meta property=\"article:published_time\" content=\"2017-01-26T20:08:57+00:00\" \/>\n<meta property=\"og:image\" content=\"https:\/\/nk7-testes.com.br\/agazeta\/wp-content\/uploads\/2017\/01\/260117-policia-presos-greve-fome.jpg\" \/>\n\t<meta property=\"og:image:width\" content=\"458\" \/>\n\t<meta property=\"og:image:height\" content=\"340\" \/>\n\t<meta property=\"og:image:type\" content=\"image\/jpeg\" \/>\n<meta name=\"author\" content=\"Agazeta.Net\" \/>\n<meta name=\"twitter:card\" content=\"summary_large_image\" \/>\n<meta name=\"twitter:label1\" content=\"Escrito por\" \/>\n\t<meta name=\"twitter:data1\" content=\"Agazeta.Net\" \/>\n\t<meta name=\"twitter:label2\" content=\"Est. tempo de leitura\" \/>\n\t<meta name=\"twitter:data2\" content=\"1 minuto\" \/>\n<script type=\"application\/ld+json\" class=\"yoast-schema-graph\">{\"@context\":\"https:\/\/schema.org\",\"@graph\":[{\"@type\":\"WebPage\",\"@id\":\"https:\/\/nk7-testes.com.br\/agazeta\/presos-de-sena-madureira-ameacam-fazer-greve-de-fome\/\",\"url\":\"https:\/\/nk7-testes.com.br\/agazeta\/presos-de-sena-madureira-ameacam-fazer-greve-de-fome\/\",\"name\":\"Presos de Sena Madureira amea\u00e7am fazer greve de fome - Agazeta.net\",\"isPartOf\":{\"@id\":\"https:\/\/nk7-testes.com.br\/agazeta\/#website\"},\"primaryImageOfPage\":{\"@id\":\"https:\/\/nk7-testes.com.br\/agazeta\/presos-de-sena-madureira-ameacam-fazer-greve-de-fome\/#primaryimage\"},\"image\":{\"@id\":\"https:\/\/nk7-testes.com.br\/agazeta\/presos-de-sena-madureira-ameacam-fazer-greve-de-fome\/#primaryimage\"},\"thumbnailUrl\":\"https:\/\/nk7-testes.com.br\/agazeta\/wp-content\/uploads\/2017\/01\/260117-policia-presos-greve-fome.jpg\",\"datePublished\":\"2017-01-26T20:08:57+00:00\",\"author\":{\"@id\":\"https:\/\/nk7-testes.com.br\/agazeta\/#\/schema\/person\/ff6b39d54d6973bfc57f4140f659b23f\"},\"breadcrumb\":{\"@id\":\"https:\/\/nk7-testes.com.br\/agazeta\/presos-de-sena-madureira-ameacam-fazer-greve-de-fome\/#breadcrumb\"},\"inLanguage\":\"pt-BR\",\"potentialAction\":[{\"@type\":\"ReadAction\",\"target\":[\"https:\/\/nk7-testes.com.br\/agazeta\/presos-de-sena-madureira-ameacam-fazer-greve-de-fome\/\"]}]},{\"@type\":\"ImageObject\",\"inLanguage\":\"pt-BR\",\"@id\":\"https:\/\/nk7-testes.com.br\/agazeta\/presos-de-sena-madureira-ameacam-fazer-greve-de-fome\/#primaryimage\",\"url\":\"https:\/\/nk7-testes.com.br\/agazeta\/wp-content\/uploads\/2017\/01\/260117-policia-presos-greve-fome.jpg\",\"contentUrl\":\"https:\/\/nk7-testes.com.br\/agazeta\/wp-content\/uploads\/2017\/01\/260117-policia-presos-greve-fome.jpg\",\"width\":458,\"height\":340,\"caption\":\"260117-policia-presos-greve-fome\"},{\"@type\":\"BreadcrumbList\",\"@id\":\"https:\/\/nk7-testes.com.br\/agazeta\/presos-de-sena-madureira-ameacam-fazer-greve-de-fome\/#breadcrumb\",\"itemListElement\":[{\"@type\":\"ListItem\",\"position\":1,\"name\":\"In\u00edcio\",\"item\":\"https:\/\/nk7-testes.com.br\/agazeta\/\"},{\"@type\":\"ListItem\",\"position\":2,\"name\":\"Presos de Sena Madureira amea\u00e7am fazer greve de fome\"}]},{\"@type\":\"WebSite\",\"@id\":\"https:\/\/nk7-testes.com.br\/agazeta\/#website\",\"url\":\"https:\/\/nk7-testes.com.br\/agazeta\/\",\"name\":\"Agazeta.net\",\"description\":\"Agazeta.net - Not\u00edcias de Rio Branco\/AC\",\"potentialAction\":[{\"@type\":\"SearchAction\",\"target\":{\"@type\":\"EntryPoint\",\"urlTemplate\":\"https:\/\/nk7-testes.com.br\/agazeta\/?s={search_term_string}\"},\"query-input\":{\"@type\":\"PropertyValueSpecification\",\"valueRequired\":true,\"valueName\":\"search_term_string\"}}],\"inLanguage\":\"pt-BR\"},{\"@type\":\"Person\",\"@id\":\"https:\/\/nk7-testes.com.br\/agazeta\/#\/schema\/person\/ff6b39d54d6973bfc57f4140f659b23f\",\"name\":\"Agazeta.Net\",\"url\":\"https:\/\/nk7-testes.com.br\/agazeta\/author\/agazeta\/\"}]}<\/script>\n<!-- \/ Yoast SEO plugin. -->","yoast_head_json":{"title":"Presos de Sena Madureira amea\u00e7am fazer greve de fome - Agazeta.net","robots":{"index":"index","follow":"follow","max-snippet":"max-snippet:-1","max-image-preview":"max-image-preview:large","max-video-preview":"max-video-preview:-1"},"canonical":"https:\/\/nk7-testes.com.br\/agazeta\/presos-de-sena-madureira-ameacam-fazer-greve-de-fome\/","og_locale":"pt_BR","og_type":"article","og_title":"Presos de Sena Madureira amea\u00e7am fazer greve de fome - Agazeta.net","og_description":"Eles reivindicam o aumento do hor\u00e1rio de visita","og_url":"https:\/\/nk7-testes.com.br\/agazeta\/presos-de-sena-madureira-ameacam-fazer-greve-de-fome\/","og_site_name":"Agazeta.net","article_published_time":"2017-01-26T20:08:57+00:00","og_image":[{"width":458,"height":340,"url":"https:\/\/nk7-testes.com.br\/agazeta\/wp-content\/uploads\/2017\/01\/260117-policia-presos-greve-fome.jpg","type":"image\/jpeg"}],"author":"Agazeta.Net","twitter_card":"summary_large_image","twitter_misc":{"Escrito por":"Agazeta.Net","Est. tempo de leitura":"1 minuto"},"schema":{"@context":"https:\/\/schema.org","@graph":[{"@type":"WebPage","@id":"https:\/\/nk7-testes.com.br\/agazeta\/presos-de-sena-madureira-ameacam-fazer-greve-de-fome\/","url":"https:\/\/nk7-testes.com.br\/agazeta\/presos-de-sena-madureira-ameacam-fazer-greve-de-fome\/","name":"Presos de Sena Madureira amea\u00e7am fazer greve de fome - Agazeta.net","isPartOf":{"@id":"https:\/\/nk7-testes.com.br\/agazeta\/#website"},"primaryImageOfPage":{"@id":"https:\/\/nk7-testes.com.br\/agazeta\/presos-de-sena-madureira-ameacam-fazer-greve-de-fome\/#primaryimage"},"image":{"@id":"https:\/\/nk7-testes.com.br\/agazeta\/presos-de-sena-madureira-ameacam-fazer-greve-de-fome\/#primaryimage"},"thumbnailUrl":"https:\/\/nk7-testes.com.br\/agazeta\/wp-content\/uploads\/2017\/01\/260117-policia-presos-greve-fome.jpg","datePublished":"2017-01-26T20:08:57+00:00","author":{"@id":"https:\/\/nk7-testes.com.br\/agazeta\/#\/schema\/person\/ff6b39d54d6973bfc57f4140f659b23f"},"breadcrumb":{"@id":"https:\/\/nk7-testes.com.br\/agazeta\/presos-de-sena-madureira-ameacam-fazer-greve-de-fome\/#breadcrumb"},"inLanguage":"pt-BR","potentialAction":[{"@type":"ReadAction","target":["https:\/\/nk7-testes.com.br\/agazeta\/presos-de-sena-madureira-ameacam-fazer-greve-de-fome\/"]}]},{"@type":"ImageObject","inLanguage":"pt-BR","@id":"https:\/\/nk7-testes.com.br\/agazeta\/presos-de-sena-madureira-ameacam-fazer-greve-de-fome\/#primaryimage","url":"https:\/\/nk7-testes.com.br\/agazeta\/wp-content\/uploads\/2017\/01\/260117-policia-presos-greve-fome.jpg","contentUrl":"https:\/\/nk7-testes.com.br\/agazeta\/wp-content\/uploads\/2017\/01\/260117-policia-presos-greve-fome.jpg","width":458,"height":340,"caption":"260117-policia-presos-greve-fome"},{"@type":"BreadcrumbList","@id":"https:\/\/nk7-testes.com.br\/agazeta\/presos-de-sena-madureira-ameacam-fazer-greve-de-fome\/#breadcrumb","itemListElement":[{"@type":"ListItem","position":1,"name":"In\u00edcio","item":"https:\/\/nk7-testes.com.br\/agazeta\/"},{"@type":"ListItem","position":2,"name":"Presos de Sena Madureira amea\u00e7am fazer greve de fome"}]},{"@type":"WebSite","@id":"https:\/\/nk7-testes.com.br\/agazeta\/#website","url":"https:\/\/nk7-testes.com.br\/agazeta\/","name":"Agazeta.net","description":"Agazeta.net - Not\u00edcias de Rio Branco\/AC","potentialAction":[{"@type":"SearchAction","target":{"@type":"EntryPoint","urlTemplate":"https:\/\/nk7-testes.com.br\/agazeta\/?s={search_term_string}"},"query-input":{"@type":"PropertyValueSpecification","valueRequired":true,"valueName":"search_term_string"}}],"inLanguage":"pt-BR"},{"@type":"Person","@id":"https:\/\/nk7-testes.com.br\/agazeta\/#\/schema\/person\/ff6b39d54d6973bfc57f4140f659b23f","name":"Agazeta.Net","url":"https:\/\/nk7-testes.com.br\/agazeta\/author\/agazeta\/"}]}},"_links":{"self":[{"href":"https:\/\/nk7-testes.com.br\/agazeta\/wp-json\/wp\/v2\/posts\/27687","targetHints":{"allow":["GET"]}}],"collection":[{"href":"https:\/\/nk7-testes.com.br\/agazeta\/wp-json\/wp\/v2\/posts"}],"about":[{"href":"https:\/\/nk7-testes.com.br\/agazeta\/wp-json\/wp\/v2\/types\/post"}],"author":[{"embeddable":true,"href":"https:\/\/nk7-testes.com.br\/agazeta\/wp-json\/wp\/v2\/users\/4"}],"replies":[{"embeddable":true,"href":"https:\/\/nk7-testes.com.br\/agazeta\/wp-json\/wp\/v2\/comments?post=27687"}],"version-history":[{"count":0,"href":"https:\/\/nk7-testes.com.br\/agazeta\/wp-json\/wp\/v2\/posts\/27687\/revisions"}],"wp:featuredmedia":[{"embeddable":true,"href":"https:\/\/nk7-testes.com.br\/agazeta\/wp-json\/wp\/v2\/media\/27686"}],"wp:attachment":[{"href":"https:\/\/nk7-testes.com.br\/agazeta\/wp-json\/wp\/v2\/media?parent=27687"}],"wp:term":[{"taxonomy":"category","embeddable":true,"href":"https:\/\/nk7-testes.com.br\/agazeta\/wp-json\/wp\/v2\/categories?post=27687"},{"taxonomy":"post_tag","embeddable":true,"href":"https:\/\/nk7-testes.com.br\/agazeta\/wp-json\/wp\/v2\/tags?post=27687"}],"curies":[{"name":"wp","href":"https:\/\/api.w.org\/{rel}","templated":true}]}}