{"id":27679,"date":"2017-01-26T16:00:48","date_gmt":"2017-01-26T16:00:48","guid":{"rendered":"https:\/\/abarevegan.com.br\/index.php\/2017\/01\/26\/assalto-e-registrado-no-bairro-floresta\/"},"modified":"2017-01-26T16:00:48","modified_gmt":"2017-01-26T16:00:48","slug":"assalto-e-registrado-no-bairro-floresta","status":"publish","type":"post","link":"https:\/\/nk7-testes.com.br\/agazeta\/assalto-e-registrado-no-bairro-floresta\/","title":{"rendered":"Assalto \u00e9 registrado no bairro Floresta"},"content":{"rendered":"<p style=\"text-align: justify;\">Fam\u00edlias ficaram ref\u00e9ns por 7 horas<\/p>\n<p style=\"text-align: justify;\">O assalto aconteceu por volta das 9 horas da noite desta quarta-feira (25) a uma resid\u00eancia na rua Leblon, bairro Floresta em Rio Branco. Tr\u00eas fam\u00edlias ficaram ref\u00e9ns dos bandidos por cerca de 7 horas.<\/p>\n<p style=\"text-align: justify;\">De acordo com uma das v\u00edtimas, que pediu pra n\u00e3o ser identificada, tr\u00eas fam\u00edlias estavam na resid\u00eancia se preparando para sair para fazer uma ora\u00e7\u00e3o, quando tr\u00eas homens invadiram a casa. O bando fez as fam\u00edlias de ref\u00e9ns por cerca de 7 horas. Al\u00e9m de v\u00e1rios objetos de valor, eles levaram dois ve\u00edculos.<\/p>\n<p style=\"text-align: justify;\">\u201cEles aproveitaram a hora que a gente abriu o port\u00e3o para entrar na resid\u00eancia. Quando a gente abriu o port\u00e3o, j\u00e1 chegaram tr\u00eas cidad\u00e3os todos armados mandando encostar no ch\u00e3o.\u201d&nbsp;A v\u00edtima contou ainda, que no intervalo em que ficaram ref\u00e9ns, um dos assaltantes levou um carro enquanto o outro ficou com eles na resid\u00eancia.&nbsp;Os ve\u00edculos, de acordo com a v\u00edtima, teriam sido levados para Bol\u00edvia.<\/p>\n<p style=\"text-align: justify;\">Apesar do trauma psicol\u00f3gico e do preju\u00edzo material, nenhuma v\u00edtima foi ferida na a\u00e7\u00e3o.&nbsp;\u201cVoc\u00ea fica impotente dentro de casa. Voc\u00ea n\u00e3o manda mais na sua casa. Sua casa est\u00e1 dominada\u201d.<\/p>\n","protected":false},"excerpt":{"rendered":"<p style=\"text-align: justify;\">Fam\u00edlias ficaram ref\u00e9ns por 7 horas<\/p>\n","protected":false},"author":4,"featured_media":27678,"comment_status":"open","ping_status":"open","sticky":false,"template":"","format":"standard","meta":{"jnews-multi-image_gallery":[],"jnews_single_post":[],"jnews_primary_category":[],"jnews_social_meta":[],"jnews_review":[],"enable_review":"","type":"","name":"","summary":"","brand":"","sku":"","good":[],"bad":[],"score_override":"","override_value":"","rating":[],"price":[],"footnotes":""},"categories":[44],"tags":[],"class_list":["post-27679","post","type-post","status-publish","format-standard","has-post-thumbnail","hentry","category-policia"],"yoast_head":"<!-- This site is optimized with the Yoast SEO plugin v26.5 - https:\/\/yoast.com\/wordpress\/plugins\/seo\/ -->\n<title>Assalto \u00e9 registrado no bairro Floresta - Agazeta.net<\/title>\n<meta name=\"robots\" content=\"index, follow, max-snippet:-1, max-image-preview:large, max-video-preview:-1\" \/>\n<link rel=\"canonical\" href=\"https:\/\/nk7-testes.com.br\/agazeta\/assalto-e-registrado-no-bairro-floresta\/\" \/>\n<meta property=\"og:locale\" content=\"pt_BR\" \/>\n<meta property=\"og:type\" content=\"article\" \/>\n<meta property=\"og:title\" content=\"Assalto \u00e9 registrado no bairro Floresta - Agazeta.net\" \/>\n<meta property=\"og:description\" content=\"Fam\u00edlias ficaram ref\u00e9ns por 7 horas\" \/>\n<meta property=\"og:url\" content=\"https:\/\/nk7-testes.com.br\/agazeta\/assalto-e-registrado-no-bairro-floresta\/\" \/>\n<meta property=\"og:site_name\" content=\"Agazeta.net\" \/>\n<meta property=\"article:published_time\" content=\"2017-01-26T16:00:48+00:00\" \/>\n<meta property=\"og:image\" content=\"https:\/\/nk7-testes.com.br\/agazeta\/wp-content\/uploads\/2017\/01\/2601117-policia-assalto-floresta.jpg\" \/>\n\t<meta property=\"og:image:width\" content=\"458\" \/>\n\t<meta property=\"og:image:height\" content=\"340\" \/>\n\t<meta property=\"og:image:type\" content=\"image\/jpeg\" \/>\n<meta name=\"author\" content=\"Agazeta.Net\" \/>\n<meta name=\"twitter:card\" content=\"summary_large_image\" \/>\n<meta name=\"twitter:label1\" content=\"Escrito por\" \/>\n\t<meta name=\"twitter:data1\" content=\"Agazeta.Net\" \/>\n\t<meta name=\"twitter:label2\" content=\"Est. tempo de leitura\" \/>\n\t<meta name=\"twitter:data2\" content=\"1 minuto\" \/>\n<script type=\"application\/ld+json\" class=\"yoast-schema-graph\">{\"@context\":\"https:\/\/schema.org\",\"@graph\":[{\"@type\":\"WebPage\",\"@id\":\"https:\/\/nk7-testes.com.br\/agazeta\/assalto-e-registrado-no-bairro-floresta\/\",\"url\":\"https:\/\/nk7-testes.com.br\/agazeta\/assalto-e-registrado-no-bairro-floresta\/\",\"name\":\"Assalto \u00e9 registrado no bairro Floresta - Agazeta.net\",\"isPartOf\":{\"@id\":\"https:\/\/nk7-testes.com.br\/agazeta\/#website\"},\"primaryImageOfPage\":{\"@id\":\"https:\/\/nk7-testes.com.br\/agazeta\/assalto-e-registrado-no-bairro-floresta\/#primaryimage\"},\"image\":{\"@id\":\"https:\/\/nk7-testes.com.br\/agazeta\/assalto-e-registrado-no-bairro-floresta\/#primaryimage\"},\"thumbnailUrl\":\"https:\/\/nk7-testes.com.br\/agazeta\/wp-content\/uploads\/2017\/01\/2601117-policia-assalto-floresta.jpg\",\"datePublished\":\"2017-01-26T16:00:48+00:00\",\"author\":{\"@id\":\"https:\/\/nk7-testes.com.br\/agazeta\/#\/schema\/person\/ff6b39d54d6973bfc57f4140f659b23f\"},\"breadcrumb\":{\"@id\":\"https:\/\/nk7-testes.com.br\/agazeta\/assalto-e-registrado-no-bairro-floresta\/#breadcrumb\"},\"inLanguage\":\"pt-BR\",\"potentialAction\":[{\"@type\":\"ReadAction\",\"target\":[\"https:\/\/nk7-testes.com.br\/agazeta\/assalto-e-registrado-no-bairro-floresta\/\"]}]},{\"@type\":\"ImageObject\",\"inLanguage\":\"pt-BR\",\"@id\":\"https:\/\/nk7-testes.com.br\/agazeta\/assalto-e-registrado-no-bairro-floresta\/#primaryimage\",\"url\":\"https:\/\/nk7-testes.com.br\/agazeta\/wp-content\/uploads\/2017\/01\/2601117-policia-assalto-floresta.jpg\",\"contentUrl\":\"https:\/\/nk7-testes.com.br\/agazeta\/wp-content\/uploads\/2017\/01\/2601117-policia-assalto-floresta.jpg\",\"width\":458,\"height\":340,\"caption\":\"2601117-policia-assalto-floresta\"},{\"@type\":\"BreadcrumbList\",\"@id\":\"https:\/\/nk7-testes.com.br\/agazeta\/assalto-e-registrado-no-bairro-floresta\/#breadcrumb\",\"itemListElement\":[{\"@type\":\"ListItem\",\"position\":1,\"name\":\"In\u00edcio\",\"item\":\"https:\/\/nk7-testes.com.br\/agazeta\/\"},{\"@type\":\"ListItem\",\"position\":2,\"name\":\"Assalto \u00e9 registrado no bairro Floresta\"}]},{\"@type\":\"WebSite\",\"@id\":\"https:\/\/nk7-testes.com.br\/agazeta\/#website\",\"url\":\"https:\/\/nk7-testes.com.br\/agazeta\/\",\"name\":\"Agazeta.net\",\"description\":\"Agazeta.net - Not\u00edcias de Rio Branco\/AC\",\"potentialAction\":[{\"@type\":\"SearchAction\",\"target\":{\"@type\":\"EntryPoint\",\"urlTemplate\":\"https:\/\/nk7-testes.com.br\/agazeta\/?s={search_term_string}\"},\"query-input\":{\"@type\":\"PropertyValueSpecification\",\"valueRequired\":true,\"valueName\":\"search_term_string\"}}],\"inLanguage\":\"pt-BR\"},{\"@type\":\"Person\",\"@id\":\"https:\/\/nk7-testes.com.br\/agazeta\/#\/schema\/person\/ff6b39d54d6973bfc57f4140f659b23f\",\"name\":\"Agazeta.Net\",\"url\":\"https:\/\/nk7-testes.com.br\/agazeta\/author\/agazeta\/\"}]}<\/script>\n<!-- \/ Yoast SEO plugin. -->","yoast_head_json":{"title":"Assalto \u00e9 registrado no bairro Floresta - Agazeta.net","robots":{"index":"index","follow":"follow","max-snippet":"max-snippet:-1","max-image-preview":"max-image-preview:large","max-video-preview":"max-video-preview:-1"},"canonical":"https:\/\/nk7-testes.com.br\/agazeta\/assalto-e-registrado-no-bairro-floresta\/","og_locale":"pt_BR","og_type":"article","og_title":"Assalto \u00e9 registrado no bairro Floresta - Agazeta.net","og_description":"Fam\u00edlias ficaram ref\u00e9ns por 7 horas","og_url":"https:\/\/nk7-testes.com.br\/agazeta\/assalto-e-registrado-no-bairro-floresta\/","og_site_name":"Agazeta.net","article_published_time":"2017-01-26T16:00:48+00:00","og_image":[{"width":458,"height":340,"url":"https:\/\/nk7-testes.com.br\/agazeta\/wp-content\/uploads\/2017\/01\/2601117-policia-assalto-floresta.jpg","type":"image\/jpeg"}],"author":"Agazeta.Net","twitter_card":"summary_large_image","twitter_misc":{"Escrito por":"Agazeta.Net","Est. tempo de leitura":"1 minuto"},"schema":{"@context":"https:\/\/schema.org","@graph":[{"@type":"WebPage","@id":"https:\/\/nk7-testes.com.br\/agazeta\/assalto-e-registrado-no-bairro-floresta\/","url":"https:\/\/nk7-testes.com.br\/agazeta\/assalto-e-registrado-no-bairro-floresta\/","name":"Assalto \u00e9 registrado no bairro Floresta - Agazeta.net","isPartOf":{"@id":"https:\/\/nk7-testes.com.br\/agazeta\/#website"},"primaryImageOfPage":{"@id":"https:\/\/nk7-testes.com.br\/agazeta\/assalto-e-registrado-no-bairro-floresta\/#primaryimage"},"image":{"@id":"https:\/\/nk7-testes.com.br\/agazeta\/assalto-e-registrado-no-bairro-floresta\/#primaryimage"},"thumbnailUrl":"https:\/\/nk7-testes.com.br\/agazeta\/wp-content\/uploads\/2017\/01\/2601117-policia-assalto-floresta.jpg","datePublished":"2017-01-26T16:00:48+00:00","author":{"@id":"https:\/\/nk7-testes.com.br\/agazeta\/#\/schema\/person\/ff6b39d54d6973bfc57f4140f659b23f"},"breadcrumb":{"@id":"https:\/\/nk7-testes.com.br\/agazeta\/assalto-e-registrado-no-bairro-floresta\/#breadcrumb"},"inLanguage":"pt-BR","potentialAction":[{"@type":"ReadAction","target":["https:\/\/nk7-testes.com.br\/agazeta\/assalto-e-registrado-no-bairro-floresta\/"]}]},{"@type":"ImageObject","inLanguage":"pt-BR","@id":"https:\/\/nk7-testes.com.br\/agazeta\/assalto-e-registrado-no-bairro-floresta\/#primaryimage","url":"https:\/\/nk7-testes.com.br\/agazeta\/wp-content\/uploads\/2017\/01\/2601117-policia-assalto-floresta.jpg","contentUrl":"https:\/\/nk7-testes.com.br\/agazeta\/wp-content\/uploads\/2017\/01\/2601117-policia-assalto-floresta.jpg","width":458,"height":340,"caption":"2601117-policia-assalto-floresta"},{"@type":"BreadcrumbList","@id":"https:\/\/nk7-testes.com.br\/agazeta\/assalto-e-registrado-no-bairro-floresta\/#breadcrumb","itemListElement":[{"@type":"ListItem","position":1,"name":"In\u00edcio","item":"https:\/\/nk7-testes.com.br\/agazeta\/"},{"@type":"ListItem","position":2,"name":"Assalto \u00e9 registrado no bairro Floresta"}]},{"@type":"WebSite","@id":"https:\/\/nk7-testes.com.br\/agazeta\/#website","url":"https:\/\/nk7-testes.com.br\/agazeta\/","name":"Agazeta.net","description":"Agazeta.net - Not\u00edcias de Rio Branco\/AC","potentialAction":[{"@type":"SearchAction","target":{"@type":"EntryPoint","urlTemplate":"https:\/\/nk7-testes.com.br\/agazeta\/?s={search_term_string}"},"query-input":{"@type":"PropertyValueSpecification","valueRequired":true,"valueName":"search_term_string"}}],"inLanguage":"pt-BR"},{"@type":"Person","@id":"https:\/\/nk7-testes.com.br\/agazeta\/#\/schema\/person\/ff6b39d54d6973bfc57f4140f659b23f","name":"Agazeta.Net","url":"https:\/\/nk7-testes.com.br\/agazeta\/author\/agazeta\/"}]}},"_links":{"self":[{"href":"https:\/\/nk7-testes.com.br\/agazeta\/wp-json\/wp\/v2\/posts\/27679","targetHints":{"allow":["GET"]}}],"collection":[{"href":"https:\/\/nk7-testes.com.br\/agazeta\/wp-json\/wp\/v2\/posts"}],"about":[{"href":"https:\/\/nk7-testes.com.br\/agazeta\/wp-json\/wp\/v2\/types\/post"}],"author":[{"embeddable":true,"href":"https:\/\/nk7-testes.com.br\/agazeta\/wp-json\/wp\/v2\/users\/4"}],"replies":[{"embeddable":true,"href":"https:\/\/nk7-testes.com.br\/agazeta\/wp-json\/wp\/v2\/comments?post=27679"}],"version-history":[{"count":0,"href":"https:\/\/nk7-testes.com.br\/agazeta\/wp-json\/wp\/v2\/posts\/27679\/revisions"}],"wp:featuredmedia":[{"embeddable":true,"href":"https:\/\/nk7-testes.com.br\/agazeta\/wp-json\/wp\/v2\/media\/27678"}],"wp:attachment":[{"href":"https:\/\/nk7-testes.com.br\/agazeta\/wp-json\/wp\/v2\/media?parent=27679"}],"wp:term":[{"taxonomy":"category","embeddable":true,"href":"https:\/\/nk7-testes.com.br\/agazeta\/wp-json\/wp\/v2\/categories?post=27679"},{"taxonomy":"post_tag","embeddable":true,"href":"https:\/\/nk7-testes.com.br\/agazeta\/wp-json\/wp\/v2\/tags?post=27679"}],"curies":[{"name":"wp","href":"https:\/\/api.w.org\/{rel}","templated":true}]}}