{"id":27673,"date":"2017-01-25T21:51:02","date_gmt":"2017-01-25T21:51:02","guid":{"rendered":"https:\/\/abarevegan.com.br\/index.php\/2017\/01\/25\/mulheres-protestam-por-nao-haver-visita-intima\/"},"modified":"2017-01-25T21:51:02","modified_gmt":"2017-01-25T21:51:02","slug":"mulheres-protestam-por-nao-haver-visita-intima","status":"publish","type":"post","link":"https:\/\/nk7-testes.com.br\/agazeta\/mulheres-protestam-por-nao-haver-visita-intima\/","title":{"rendered":"Mulheres protestam por n\u00e3o haver visita \u00edntima"},"content":{"rendered":"<p style=\"text-align: justify;\">RDD n\u00e3o prev\u00ea benef\u00edcio e Iapen n\u00e3o recua<\/p>\n<p style=\"text-align: justify;\">Mulheres de 55 presos no Regime Disciplinar Diferenciado fizeram um protesto em frente ao pres\u00eddio de Seguran\u00e7a M\u00e1xima Ant\u00f4nio Amaro. Elas reivindicam visitas \u00edntimas aos companheiros encarcerados.<\/p>\n<p style=\"text-align: justify;\">O calor e a poeira tornavam o clima entre as esposas ainda mais nervoso na tarde desta quarta-feira em frente ao pres\u00eddio.<\/p>\n<p style=\"text-align: justify;\">A assessoria do Instituto de Administra\u00e7\u00e3o Penitenci\u00e1ria informou que n\u00e3o haver\u00e1 quebra de regime em fun\u00e7\u00e3o de nenhum protesto ou de nenhuma outra iniciativa dos familiares. \u201cO Regime Disciplinar Diferenciado n\u00e3o prev\u00ea esse tipo de situa\u00e7\u00e3o, de benef\u00edcio e o Iapen n\u00e3o vai quebrar o regime\u201d, afirmou a assessoria.<\/p>\n<p style=\"text-align: justify;\">No Ant\u00f4nio Amaro est\u00e3o presos classificados de alta periculosidade e que participaram como l\u00edderes de alguma a\u00e7\u00e3o criminosa envolvendo fac\u00e7\u00f5es.<\/p>\n","protected":false},"excerpt":{"rendered":"<p style=\"text-align: justify;\">RDD n\u00e3o prev\u00ea benef\u00edcio e Iapen n\u00e3o recua<\/p>\n","protected":false},"author":4,"featured_media":27672,"comment_status":"open","ping_status":"open","sticky":false,"template":"","format":"standard","meta":{"jnews-multi-image_gallery":[],"jnews_single_post":[],"jnews_primary_category":[],"jnews_social_meta":[],"jnews_review":[],"enable_review":"","type":"","name":"","summary":"","brand":"","sku":"","good":[],"bad":[],"score_override":"","override_value":"","rating":[],"price":[],"footnotes":""},"categories":[44],"tags":[],"class_list":["post-27673","post","type-post","status-publish","format-standard","has-post-thumbnail","hentry","category-policia"],"yoast_head":"<!-- This site is optimized with the Yoast SEO plugin v26.5 - https:\/\/yoast.com\/wordpress\/plugins\/seo\/ -->\n<title>Mulheres protestam por n\u00e3o haver visita \u00edntima - Agazeta.net<\/title>\n<meta name=\"robots\" content=\"index, follow, max-snippet:-1, max-image-preview:large, max-video-preview:-1\" \/>\n<link rel=\"canonical\" href=\"https:\/\/nk7-testes.com.br\/agazeta\/mulheres-protestam-por-nao-haver-visita-intima\/\" \/>\n<meta property=\"og:locale\" content=\"pt_BR\" \/>\n<meta property=\"og:type\" content=\"article\" \/>\n<meta property=\"og:title\" content=\"Mulheres protestam por n\u00e3o haver visita \u00edntima - Agazeta.net\" \/>\n<meta property=\"og:description\" content=\"RDD n\u00e3o prev\u00ea benef\u00edcio e Iapen n\u00e3o recua\" \/>\n<meta property=\"og:url\" content=\"https:\/\/nk7-testes.com.br\/agazeta\/mulheres-protestam-por-nao-haver-visita-intima\/\" \/>\n<meta property=\"og:site_name\" content=\"Agazeta.net\" \/>\n<meta property=\"article:published_time\" content=\"2017-01-25T21:51:02+00:00\" \/>\n<meta property=\"og:image\" content=\"https:\/\/nk7-testes.com.br\/agazeta\/wp-content\/uploads\/2017\/01\/250117-policia-protestomulheres-ingresonderze.jpg\" \/>\n\t<meta property=\"og:image:width\" content=\"458\" \/>\n\t<meta property=\"og:image:height\" content=\"340\" \/>\n\t<meta property=\"og:image:type\" content=\"image\/jpeg\" \/>\n<meta name=\"author\" content=\"Agazeta.Net\" \/>\n<meta name=\"twitter:card\" content=\"summary_large_image\" \/>\n<meta name=\"twitter:label1\" content=\"Escrito por\" \/>\n\t<meta name=\"twitter:data1\" content=\"Agazeta.Net\" \/>\n\t<meta name=\"twitter:label2\" content=\"Est. tempo de leitura\" \/>\n\t<meta name=\"twitter:data2\" content=\"1 minuto\" \/>\n<script type=\"application\/ld+json\" class=\"yoast-schema-graph\">{\"@context\":\"https:\/\/schema.org\",\"@graph\":[{\"@type\":\"WebPage\",\"@id\":\"https:\/\/nk7-testes.com.br\/agazeta\/mulheres-protestam-por-nao-haver-visita-intima\/\",\"url\":\"https:\/\/nk7-testes.com.br\/agazeta\/mulheres-protestam-por-nao-haver-visita-intima\/\",\"name\":\"Mulheres protestam por n\u00e3o haver visita \u00edntima - Agazeta.net\",\"isPartOf\":{\"@id\":\"https:\/\/nk7-testes.com.br\/agazeta\/#website\"},\"primaryImageOfPage\":{\"@id\":\"https:\/\/nk7-testes.com.br\/agazeta\/mulheres-protestam-por-nao-haver-visita-intima\/#primaryimage\"},\"image\":{\"@id\":\"https:\/\/nk7-testes.com.br\/agazeta\/mulheres-protestam-por-nao-haver-visita-intima\/#primaryimage\"},\"thumbnailUrl\":\"https:\/\/nk7-testes.com.br\/agazeta\/wp-content\/uploads\/2017\/01\/250117-policia-protestomulheres-ingresonderze.jpg\",\"datePublished\":\"2017-01-25T21:51:02+00:00\",\"author\":{\"@id\":\"https:\/\/nk7-testes.com.br\/agazeta\/#\/schema\/person\/ff6b39d54d6973bfc57f4140f659b23f\"},\"breadcrumb\":{\"@id\":\"https:\/\/nk7-testes.com.br\/agazeta\/mulheres-protestam-por-nao-haver-visita-intima\/#breadcrumb\"},\"inLanguage\":\"pt-BR\",\"potentialAction\":[{\"@type\":\"ReadAction\",\"target\":[\"https:\/\/nk7-testes.com.br\/agazeta\/mulheres-protestam-por-nao-haver-visita-intima\/\"]}]},{\"@type\":\"ImageObject\",\"inLanguage\":\"pt-BR\",\"@id\":\"https:\/\/nk7-testes.com.br\/agazeta\/mulheres-protestam-por-nao-haver-visita-intima\/#primaryimage\",\"url\":\"https:\/\/nk7-testes.com.br\/agazeta\/wp-content\/uploads\/2017\/01\/250117-policia-protestomulheres-ingresonderze.jpg\",\"contentUrl\":\"https:\/\/nk7-testes.com.br\/agazeta\/wp-content\/uploads\/2017\/01\/250117-policia-protestomulheres-ingresonderze.jpg\",\"width\":458,\"height\":340,\"caption\":\"250117-policia-protestomulheres-ingresonderze\"},{\"@type\":\"BreadcrumbList\",\"@id\":\"https:\/\/nk7-testes.com.br\/agazeta\/mulheres-protestam-por-nao-haver-visita-intima\/#breadcrumb\",\"itemListElement\":[{\"@type\":\"ListItem\",\"position\":1,\"name\":\"In\u00edcio\",\"item\":\"https:\/\/nk7-testes.com.br\/agazeta\/\"},{\"@type\":\"ListItem\",\"position\":2,\"name\":\"Mulheres protestam por n\u00e3o haver visita \u00edntima\"}]},{\"@type\":\"WebSite\",\"@id\":\"https:\/\/nk7-testes.com.br\/agazeta\/#website\",\"url\":\"https:\/\/nk7-testes.com.br\/agazeta\/\",\"name\":\"Agazeta.net\",\"description\":\"Agazeta.net - Not\u00edcias de Rio Branco\/AC\",\"potentialAction\":[{\"@type\":\"SearchAction\",\"target\":{\"@type\":\"EntryPoint\",\"urlTemplate\":\"https:\/\/nk7-testes.com.br\/agazeta\/?s={search_term_string}\"},\"query-input\":{\"@type\":\"PropertyValueSpecification\",\"valueRequired\":true,\"valueName\":\"search_term_string\"}}],\"inLanguage\":\"pt-BR\"},{\"@type\":\"Person\",\"@id\":\"https:\/\/nk7-testes.com.br\/agazeta\/#\/schema\/person\/ff6b39d54d6973bfc57f4140f659b23f\",\"name\":\"Agazeta.Net\",\"url\":\"https:\/\/nk7-testes.com.br\/agazeta\/author\/agazeta\/\"}]}<\/script>\n<!-- \/ Yoast SEO plugin. -->","yoast_head_json":{"title":"Mulheres protestam por n\u00e3o haver visita \u00edntima - Agazeta.net","robots":{"index":"index","follow":"follow","max-snippet":"max-snippet:-1","max-image-preview":"max-image-preview:large","max-video-preview":"max-video-preview:-1"},"canonical":"https:\/\/nk7-testes.com.br\/agazeta\/mulheres-protestam-por-nao-haver-visita-intima\/","og_locale":"pt_BR","og_type":"article","og_title":"Mulheres protestam por n\u00e3o haver visita \u00edntima - Agazeta.net","og_description":"RDD n\u00e3o prev\u00ea benef\u00edcio e Iapen n\u00e3o recua","og_url":"https:\/\/nk7-testes.com.br\/agazeta\/mulheres-protestam-por-nao-haver-visita-intima\/","og_site_name":"Agazeta.net","article_published_time":"2017-01-25T21:51:02+00:00","og_image":[{"width":458,"height":340,"url":"https:\/\/nk7-testes.com.br\/agazeta\/wp-content\/uploads\/2017\/01\/250117-policia-protestomulheres-ingresonderze.jpg","type":"image\/jpeg"}],"author":"Agazeta.Net","twitter_card":"summary_large_image","twitter_misc":{"Escrito por":"Agazeta.Net","Est. tempo de leitura":"1 minuto"},"schema":{"@context":"https:\/\/schema.org","@graph":[{"@type":"WebPage","@id":"https:\/\/nk7-testes.com.br\/agazeta\/mulheres-protestam-por-nao-haver-visita-intima\/","url":"https:\/\/nk7-testes.com.br\/agazeta\/mulheres-protestam-por-nao-haver-visita-intima\/","name":"Mulheres protestam por n\u00e3o haver visita \u00edntima - Agazeta.net","isPartOf":{"@id":"https:\/\/nk7-testes.com.br\/agazeta\/#website"},"primaryImageOfPage":{"@id":"https:\/\/nk7-testes.com.br\/agazeta\/mulheres-protestam-por-nao-haver-visita-intima\/#primaryimage"},"image":{"@id":"https:\/\/nk7-testes.com.br\/agazeta\/mulheres-protestam-por-nao-haver-visita-intima\/#primaryimage"},"thumbnailUrl":"https:\/\/nk7-testes.com.br\/agazeta\/wp-content\/uploads\/2017\/01\/250117-policia-protestomulheres-ingresonderze.jpg","datePublished":"2017-01-25T21:51:02+00:00","author":{"@id":"https:\/\/nk7-testes.com.br\/agazeta\/#\/schema\/person\/ff6b39d54d6973bfc57f4140f659b23f"},"breadcrumb":{"@id":"https:\/\/nk7-testes.com.br\/agazeta\/mulheres-protestam-por-nao-haver-visita-intima\/#breadcrumb"},"inLanguage":"pt-BR","potentialAction":[{"@type":"ReadAction","target":["https:\/\/nk7-testes.com.br\/agazeta\/mulheres-protestam-por-nao-haver-visita-intima\/"]}]},{"@type":"ImageObject","inLanguage":"pt-BR","@id":"https:\/\/nk7-testes.com.br\/agazeta\/mulheres-protestam-por-nao-haver-visita-intima\/#primaryimage","url":"https:\/\/nk7-testes.com.br\/agazeta\/wp-content\/uploads\/2017\/01\/250117-policia-protestomulheres-ingresonderze.jpg","contentUrl":"https:\/\/nk7-testes.com.br\/agazeta\/wp-content\/uploads\/2017\/01\/250117-policia-protestomulheres-ingresonderze.jpg","width":458,"height":340,"caption":"250117-policia-protestomulheres-ingresonderze"},{"@type":"BreadcrumbList","@id":"https:\/\/nk7-testes.com.br\/agazeta\/mulheres-protestam-por-nao-haver-visita-intima\/#breadcrumb","itemListElement":[{"@type":"ListItem","position":1,"name":"In\u00edcio","item":"https:\/\/nk7-testes.com.br\/agazeta\/"},{"@type":"ListItem","position":2,"name":"Mulheres protestam por n\u00e3o haver visita \u00edntima"}]},{"@type":"WebSite","@id":"https:\/\/nk7-testes.com.br\/agazeta\/#website","url":"https:\/\/nk7-testes.com.br\/agazeta\/","name":"Agazeta.net","description":"Agazeta.net - Not\u00edcias de Rio Branco\/AC","potentialAction":[{"@type":"SearchAction","target":{"@type":"EntryPoint","urlTemplate":"https:\/\/nk7-testes.com.br\/agazeta\/?s={search_term_string}"},"query-input":{"@type":"PropertyValueSpecification","valueRequired":true,"valueName":"search_term_string"}}],"inLanguage":"pt-BR"},{"@type":"Person","@id":"https:\/\/nk7-testes.com.br\/agazeta\/#\/schema\/person\/ff6b39d54d6973bfc57f4140f659b23f","name":"Agazeta.Net","url":"https:\/\/nk7-testes.com.br\/agazeta\/author\/agazeta\/"}]}},"_links":{"self":[{"href":"https:\/\/nk7-testes.com.br\/agazeta\/wp-json\/wp\/v2\/posts\/27673","targetHints":{"allow":["GET"]}}],"collection":[{"href":"https:\/\/nk7-testes.com.br\/agazeta\/wp-json\/wp\/v2\/posts"}],"about":[{"href":"https:\/\/nk7-testes.com.br\/agazeta\/wp-json\/wp\/v2\/types\/post"}],"author":[{"embeddable":true,"href":"https:\/\/nk7-testes.com.br\/agazeta\/wp-json\/wp\/v2\/users\/4"}],"replies":[{"embeddable":true,"href":"https:\/\/nk7-testes.com.br\/agazeta\/wp-json\/wp\/v2\/comments?post=27673"}],"version-history":[{"count":0,"href":"https:\/\/nk7-testes.com.br\/agazeta\/wp-json\/wp\/v2\/posts\/27673\/revisions"}],"wp:featuredmedia":[{"embeddable":true,"href":"https:\/\/nk7-testes.com.br\/agazeta\/wp-json\/wp\/v2\/media\/27672"}],"wp:attachment":[{"href":"https:\/\/nk7-testes.com.br\/agazeta\/wp-json\/wp\/v2\/media?parent=27673"}],"wp:term":[{"taxonomy":"category","embeddable":true,"href":"https:\/\/nk7-testes.com.br\/agazeta\/wp-json\/wp\/v2\/categories?post=27673"},{"taxonomy":"post_tag","embeddable":true,"href":"https:\/\/nk7-testes.com.br\/agazeta\/wp-json\/wp\/v2\/tags?post=27673"}],"curies":[{"name":"wp","href":"https:\/\/api.w.org\/{rel}","templated":true}]}}