{"id":27623,"date":"2017-01-24T13:41:10","date_gmt":"2017-01-24T13:41:10","guid":{"rendered":"https:\/\/abarevegan.com.br\/index.php\/2017\/01\/24\/agente-do-iapen-exonerado-nao-devolve-a-arma-e-e-preso\/"},"modified":"2017-01-24T13:41:10","modified_gmt":"2017-01-24T13:41:10","slug":"agente-do-iapen-exonerado-nao-devolve-a-arma-e-e-preso","status":"publish","type":"post","link":"https:\/\/nk7-testes.com.br\/agazeta\/agente-do-iapen-exonerado-nao-devolve-a-arma-e-e-preso\/","title":{"rendered":"Agente do Iapen exonerado n\u00e3o devolve a arma e \u00e9 preso"},"content":{"rendered":"<p style=\"text-align: justify;\">N\u00e3o devolveu argumentando n\u00e3o ter assinado exonera\u00e7\u00e3o<\/p>\n<p style=\"text-align: justify;\">Francisco Clave de Sousa da Costa, 40, foi preso na noite desta segunda feira (23), na rua Rio de Janeiro, bairro Floresta por policias do Bope. Os policias receberam uma den\u00fancia de que o Francisco estava no local portando uma pistola Ponto 40 de propriedade do Iapen.<\/p>\n<p style=\"text-align: justify;\">Os policiais foram at\u00e9 o local e prenderam o acusado. Com ele, a pol\u00edcia apreendeu a arma, uma pistola Ponto 40, com 17 muni\u00e7\u00f5es e tr\u00eas carregadores. Segundo a pol\u00edcia, Francisco Clave \u00e9 ex-agente penitenci\u00e1rio. Ele foi exonerado no \u00faltimo dia 12 de janeiro.<\/p>\n<p style=\"text-align: justify;\">E n\u00e3o teria devolvido a arma. O acusado foi conduzido \u00e0 delegacia Central de Flagrantes. Ele contou \u00e0 pol\u00edcia que o motivo de n\u00e3o te devolvido a arma seria o fato dele n\u00e3o ter assinado, ainda, a exonera\u00e7\u00e3o.<\/p>\n<p style=\"text-align: justify;\">Mas, como a sua exonera\u00e7\u00e3o teria sido publicada no Di\u00e1rio Oficial, segundo a pol\u00edcia, ele j\u00e1 estava desligado dos quadros do Iapen.<\/p>\n","protected":false},"excerpt":{"rendered":"<p style=\"text-align: justify;\">N\u00e3o devolveu argumentando n\u00e3o ter assinado exonera\u00e7\u00e3o<\/p>\n","protected":false},"author":4,"featured_media":27622,"comment_status":"open","ping_status":"open","sticky":false,"template":"","format":"standard","meta":{"jnews-multi-image_gallery":[],"jnews_single_post":[],"jnews_primary_category":[],"jnews_social_meta":[],"jnews_review":[],"enable_review":"","type":"","name":"","summary":"","brand":"","sku":"","good":[],"bad":[],"score_override":"","override_value":"","rating":[],"price":[],"footnotes":""},"categories":[44],"tags":[],"class_list":["post-27623","post","type-post","status-publish","format-standard","has-post-thumbnail","hentry","category-policia"],"yoast_head":"<!-- This site is optimized with the Yoast SEO plugin v26.5 - https:\/\/yoast.com\/wordpress\/plugins\/seo\/ -->\n<title>Agente do Iapen exonerado n\u00e3o devolve a arma e \u00e9 preso - Agazeta.net<\/title>\n<meta name=\"robots\" content=\"index, follow, max-snippet:-1, max-image-preview:large, max-video-preview:-1\" \/>\n<link rel=\"canonical\" href=\"https:\/\/nk7-testes.com.br\/agazeta\/agente-do-iapen-exonerado-nao-devolve-a-arma-e-e-preso\/\" \/>\n<meta property=\"og:locale\" content=\"pt_BR\" \/>\n<meta property=\"og:type\" content=\"article\" \/>\n<meta property=\"og:title\" content=\"Agente do Iapen exonerado n\u00e3o devolve a arma e \u00e9 preso - Agazeta.net\" \/>\n<meta property=\"og:description\" content=\"N\u00e3o devolveu argumentando n\u00e3o ter assinado exonera\u00e7\u00e3o\" \/>\n<meta property=\"og:url\" content=\"https:\/\/nk7-testes.com.br\/agazeta\/agente-do-iapen-exonerado-nao-devolve-a-arma-e-e-preso\/\" \/>\n<meta property=\"og:site_name\" content=\"Agazeta.net\" \/>\n<meta property=\"article:published_time\" content=\"2017-01-24T13:41:10+00:00\" \/>\n<meta property=\"og:image\" content=\"https:\/\/nk7-testes.com.br\/agazeta\/wp-content\/uploads\/2017\/01\/240117-policia-agentepreso-cleriston.jpg\" \/>\n\t<meta property=\"og:image:width\" content=\"458\" \/>\n\t<meta property=\"og:image:height\" content=\"340\" \/>\n\t<meta property=\"og:image:type\" content=\"image\/jpeg\" \/>\n<meta name=\"author\" content=\"Agazeta.Net\" \/>\n<meta name=\"twitter:card\" content=\"summary_large_image\" \/>\n<meta name=\"twitter:label1\" content=\"Escrito por\" \/>\n\t<meta name=\"twitter:data1\" content=\"Agazeta.Net\" \/>\n\t<meta name=\"twitter:label2\" content=\"Est. tempo de leitura\" \/>\n\t<meta name=\"twitter:data2\" content=\"1 minuto\" \/>\n<script type=\"application\/ld+json\" class=\"yoast-schema-graph\">{\"@context\":\"https:\/\/schema.org\",\"@graph\":[{\"@type\":\"WebPage\",\"@id\":\"https:\/\/nk7-testes.com.br\/agazeta\/agente-do-iapen-exonerado-nao-devolve-a-arma-e-e-preso\/\",\"url\":\"https:\/\/nk7-testes.com.br\/agazeta\/agente-do-iapen-exonerado-nao-devolve-a-arma-e-e-preso\/\",\"name\":\"Agente do Iapen exonerado n\u00e3o devolve a arma e \u00e9 preso - Agazeta.net\",\"isPartOf\":{\"@id\":\"https:\/\/nk7-testes.com.br\/agazeta\/#website\"},\"primaryImageOfPage\":{\"@id\":\"https:\/\/nk7-testes.com.br\/agazeta\/agente-do-iapen-exonerado-nao-devolve-a-arma-e-e-preso\/#primaryimage\"},\"image\":{\"@id\":\"https:\/\/nk7-testes.com.br\/agazeta\/agente-do-iapen-exonerado-nao-devolve-a-arma-e-e-preso\/#primaryimage\"},\"thumbnailUrl\":\"https:\/\/nk7-testes.com.br\/agazeta\/wp-content\/uploads\/2017\/01\/240117-policia-agentepreso-cleriston.jpg\",\"datePublished\":\"2017-01-24T13:41:10+00:00\",\"author\":{\"@id\":\"https:\/\/nk7-testes.com.br\/agazeta\/#\/schema\/person\/ff6b39d54d6973bfc57f4140f659b23f\"},\"breadcrumb\":{\"@id\":\"https:\/\/nk7-testes.com.br\/agazeta\/agente-do-iapen-exonerado-nao-devolve-a-arma-e-e-preso\/#breadcrumb\"},\"inLanguage\":\"pt-BR\",\"potentialAction\":[{\"@type\":\"ReadAction\",\"target\":[\"https:\/\/nk7-testes.com.br\/agazeta\/agente-do-iapen-exonerado-nao-devolve-a-arma-e-e-preso\/\"]}]},{\"@type\":\"ImageObject\",\"inLanguage\":\"pt-BR\",\"@id\":\"https:\/\/nk7-testes.com.br\/agazeta\/agente-do-iapen-exonerado-nao-devolve-a-arma-e-e-preso\/#primaryimage\",\"url\":\"https:\/\/nk7-testes.com.br\/agazeta\/wp-content\/uploads\/2017\/01\/240117-policia-agentepreso-cleriston.jpg\",\"contentUrl\":\"https:\/\/nk7-testes.com.br\/agazeta\/wp-content\/uploads\/2017\/01\/240117-policia-agentepreso-cleriston.jpg\",\"width\":458,\"height\":340,\"caption\":\"240117-policia-agentepreso-cleriston\"},{\"@type\":\"BreadcrumbList\",\"@id\":\"https:\/\/nk7-testes.com.br\/agazeta\/agente-do-iapen-exonerado-nao-devolve-a-arma-e-e-preso\/#breadcrumb\",\"itemListElement\":[{\"@type\":\"ListItem\",\"position\":1,\"name\":\"In\u00edcio\",\"item\":\"https:\/\/nk7-testes.com.br\/agazeta\/\"},{\"@type\":\"ListItem\",\"position\":2,\"name\":\"Agente do Iapen exonerado n\u00e3o devolve a arma e \u00e9 preso\"}]},{\"@type\":\"WebSite\",\"@id\":\"https:\/\/nk7-testes.com.br\/agazeta\/#website\",\"url\":\"https:\/\/nk7-testes.com.br\/agazeta\/\",\"name\":\"Agazeta.net\",\"description\":\"Agazeta.net - Not\u00edcias de Rio Branco\/AC\",\"potentialAction\":[{\"@type\":\"SearchAction\",\"target\":{\"@type\":\"EntryPoint\",\"urlTemplate\":\"https:\/\/nk7-testes.com.br\/agazeta\/?s={search_term_string}\"},\"query-input\":{\"@type\":\"PropertyValueSpecification\",\"valueRequired\":true,\"valueName\":\"search_term_string\"}}],\"inLanguage\":\"pt-BR\"},{\"@type\":\"Person\",\"@id\":\"https:\/\/nk7-testes.com.br\/agazeta\/#\/schema\/person\/ff6b39d54d6973bfc57f4140f659b23f\",\"name\":\"Agazeta.Net\",\"url\":\"https:\/\/nk7-testes.com.br\/agazeta\/author\/agazeta\/\"}]}<\/script>\n<!-- \/ Yoast SEO plugin. -->","yoast_head_json":{"title":"Agente do Iapen exonerado n\u00e3o devolve a arma e \u00e9 preso - Agazeta.net","robots":{"index":"index","follow":"follow","max-snippet":"max-snippet:-1","max-image-preview":"max-image-preview:large","max-video-preview":"max-video-preview:-1"},"canonical":"https:\/\/nk7-testes.com.br\/agazeta\/agente-do-iapen-exonerado-nao-devolve-a-arma-e-e-preso\/","og_locale":"pt_BR","og_type":"article","og_title":"Agente do Iapen exonerado n\u00e3o devolve a arma e \u00e9 preso - Agazeta.net","og_description":"N\u00e3o devolveu argumentando n\u00e3o ter assinado exonera\u00e7\u00e3o","og_url":"https:\/\/nk7-testes.com.br\/agazeta\/agente-do-iapen-exonerado-nao-devolve-a-arma-e-e-preso\/","og_site_name":"Agazeta.net","article_published_time":"2017-01-24T13:41:10+00:00","og_image":[{"width":458,"height":340,"url":"https:\/\/nk7-testes.com.br\/agazeta\/wp-content\/uploads\/2017\/01\/240117-policia-agentepreso-cleriston.jpg","type":"image\/jpeg"}],"author":"Agazeta.Net","twitter_card":"summary_large_image","twitter_misc":{"Escrito por":"Agazeta.Net","Est. tempo de leitura":"1 minuto"},"schema":{"@context":"https:\/\/schema.org","@graph":[{"@type":"WebPage","@id":"https:\/\/nk7-testes.com.br\/agazeta\/agente-do-iapen-exonerado-nao-devolve-a-arma-e-e-preso\/","url":"https:\/\/nk7-testes.com.br\/agazeta\/agente-do-iapen-exonerado-nao-devolve-a-arma-e-e-preso\/","name":"Agente do Iapen exonerado n\u00e3o devolve a arma e \u00e9 preso - Agazeta.net","isPartOf":{"@id":"https:\/\/nk7-testes.com.br\/agazeta\/#website"},"primaryImageOfPage":{"@id":"https:\/\/nk7-testes.com.br\/agazeta\/agente-do-iapen-exonerado-nao-devolve-a-arma-e-e-preso\/#primaryimage"},"image":{"@id":"https:\/\/nk7-testes.com.br\/agazeta\/agente-do-iapen-exonerado-nao-devolve-a-arma-e-e-preso\/#primaryimage"},"thumbnailUrl":"https:\/\/nk7-testes.com.br\/agazeta\/wp-content\/uploads\/2017\/01\/240117-policia-agentepreso-cleriston.jpg","datePublished":"2017-01-24T13:41:10+00:00","author":{"@id":"https:\/\/nk7-testes.com.br\/agazeta\/#\/schema\/person\/ff6b39d54d6973bfc57f4140f659b23f"},"breadcrumb":{"@id":"https:\/\/nk7-testes.com.br\/agazeta\/agente-do-iapen-exonerado-nao-devolve-a-arma-e-e-preso\/#breadcrumb"},"inLanguage":"pt-BR","potentialAction":[{"@type":"ReadAction","target":["https:\/\/nk7-testes.com.br\/agazeta\/agente-do-iapen-exonerado-nao-devolve-a-arma-e-e-preso\/"]}]},{"@type":"ImageObject","inLanguage":"pt-BR","@id":"https:\/\/nk7-testes.com.br\/agazeta\/agente-do-iapen-exonerado-nao-devolve-a-arma-e-e-preso\/#primaryimage","url":"https:\/\/nk7-testes.com.br\/agazeta\/wp-content\/uploads\/2017\/01\/240117-policia-agentepreso-cleriston.jpg","contentUrl":"https:\/\/nk7-testes.com.br\/agazeta\/wp-content\/uploads\/2017\/01\/240117-policia-agentepreso-cleriston.jpg","width":458,"height":340,"caption":"240117-policia-agentepreso-cleriston"},{"@type":"BreadcrumbList","@id":"https:\/\/nk7-testes.com.br\/agazeta\/agente-do-iapen-exonerado-nao-devolve-a-arma-e-e-preso\/#breadcrumb","itemListElement":[{"@type":"ListItem","position":1,"name":"In\u00edcio","item":"https:\/\/nk7-testes.com.br\/agazeta\/"},{"@type":"ListItem","position":2,"name":"Agente do Iapen exonerado n\u00e3o devolve a arma e \u00e9 preso"}]},{"@type":"WebSite","@id":"https:\/\/nk7-testes.com.br\/agazeta\/#website","url":"https:\/\/nk7-testes.com.br\/agazeta\/","name":"Agazeta.net","description":"Agazeta.net - Not\u00edcias de Rio Branco\/AC","potentialAction":[{"@type":"SearchAction","target":{"@type":"EntryPoint","urlTemplate":"https:\/\/nk7-testes.com.br\/agazeta\/?s={search_term_string}"},"query-input":{"@type":"PropertyValueSpecification","valueRequired":true,"valueName":"search_term_string"}}],"inLanguage":"pt-BR"},{"@type":"Person","@id":"https:\/\/nk7-testes.com.br\/agazeta\/#\/schema\/person\/ff6b39d54d6973bfc57f4140f659b23f","name":"Agazeta.Net","url":"https:\/\/nk7-testes.com.br\/agazeta\/author\/agazeta\/"}]}},"_links":{"self":[{"href":"https:\/\/nk7-testes.com.br\/agazeta\/wp-json\/wp\/v2\/posts\/27623","targetHints":{"allow":["GET"]}}],"collection":[{"href":"https:\/\/nk7-testes.com.br\/agazeta\/wp-json\/wp\/v2\/posts"}],"about":[{"href":"https:\/\/nk7-testes.com.br\/agazeta\/wp-json\/wp\/v2\/types\/post"}],"author":[{"embeddable":true,"href":"https:\/\/nk7-testes.com.br\/agazeta\/wp-json\/wp\/v2\/users\/4"}],"replies":[{"embeddable":true,"href":"https:\/\/nk7-testes.com.br\/agazeta\/wp-json\/wp\/v2\/comments?post=27623"}],"version-history":[{"count":0,"href":"https:\/\/nk7-testes.com.br\/agazeta\/wp-json\/wp\/v2\/posts\/27623\/revisions"}],"wp:featuredmedia":[{"embeddable":true,"href":"https:\/\/nk7-testes.com.br\/agazeta\/wp-json\/wp\/v2\/media\/27622"}],"wp:attachment":[{"href":"https:\/\/nk7-testes.com.br\/agazeta\/wp-json\/wp\/v2\/media?parent=27623"}],"wp:term":[{"taxonomy":"category","embeddable":true,"href":"https:\/\/nk7-testes.com.br\/agazeta\/wp-json\/wp\/v2\/categories?post=27623"},{"taxonomy":"post_tag","embeddable":true,"href":"https:\/\/nk7-testes.com.br\/agazeta\/wp-json\/wp\/v2\/tags?post=27623"}],"curies":[{"name":"wp","href":"https:\/\/api.w.org\/{rel}","templated":true}]}}