{"id":27592,"date":"2017-01-21T16:10:14","date_gmt":"2017-01-21T16:10:14","guid":{"rendered":"https:\/\/abarevegan.com.br\/index.php\/2017\/01\/21\/policia-militar-prende-acusados-de-roubo-no-taquari\/"},"modified":"2017-01-21T16:10:14","modified_gmt":"2017-01-21T16:10:14","slug":"policia-militar-prende-acusados-de-roubo-no-taquari","status":"publish","type":"post","link":"https:\/\/nk7-testes.com.br\/agazeta\/policia-militar-prende-acusados-de-roubo-no-taquari\/","title":{"rendered":"Pol\u00edcia Militar prende acusados de roubo no Taquari"},"content":{"rendered":"<p style=\"text-align: justify;\">Objetos roubados foram recuperados pela pol\u00edcia<\/p>\n<p style=\"text-align: justify;\">A Pol\u00edcia Militar prendeu nesta sexta-feira (20), Adevaldo Morais, 29 anos, e Marcos Wislley, 23, durante patrulhamento de rotina na Via Chico Mendes.<\/p>\n<p style=\"text-align: justify;\">De acordo com os policiais, eles foram abordados por pessoas relatando que haviam sido v\u00edtimas de roubo naquele instante, numa rua do bairro Taquari. Imediatamente, os militares atenderam ao pedido de ajuda e iniciaram um patrulhamento pelas proximidades onde ocorreu o crime.<\/p>\n<p style=\"text-align: justify;\">Ainda segundo a pol\u00edcia, ap\u00f3s o patrulhamento no Beco Xapuri, foram avistados os suspeitos que ao perceberem a chegada dos militares iniciaram uma fuga que foi frustrada pela PM. Ainda no local, Adevaldo e Marcos informaram aos policiais militares o local onde estavam os pertences e a arma de fogo utilizada no assalto.<\/p>\n<p style=\"text-align: justify;\">Ap\u00f3s as buscas no endere\u00e7o indicado pelos autores, al\u00e9m da escopeta calibre 28 e os pertences das v\u00edtimas, ainda foi apreendida uma moto roubada.<\/p>\n<p style=\"text-align: justify;\">Um detalhe da a\u00e7\u00e3o da PM \u00e9 que Marcos, h\u00e1 20 dias, havia sido preso pelo crime de Porte Ilegal de Arma de Fogo, no Segundo Distrito. Ele, o comparsa e os demais objetos envolvidos no crime, foram encaminhados \u00e0 Delegacia Central de Flagrantes (Defla).<\/p>\n","protected":false},"excerpt":{"rendered":"<p style=\"text-align: justify;\">Objetos roubados foram recuperados pela pol\u00edcia<\/p>\n","protected":false},"author":4,"featured_media":27591,"comment_status":"open","ping_status":"open","sticky":false,"template":"","format":"standard","meta":{"jnews-multi-image_gallery":[],"jnews_single_post":[],"jnews_primary_category":[],"jnews_social_meta":[],"jnews_review":[],"enable_review":"","type":"","name":"","summary":"","brand":"","sku":"","good":[],"bad":[],"score_override":"","override_value":"","rating":[],"price":[],"footnotes":""},"categories":[44],"tags":[],"class_list":["post-27592","post","type-post","status-publish","format-standard","has-post-thumbnail","hentry","category-policia"],"yoast_head":"<!-- This site is optimized with the Yoast SEO plugin v26.5 - https:\/\/yoast.com\/wordpress\/plugins\/seo\/ -->\n<title>Pol\u00edcia Militar prende acusados de roubo no Taquari - Agazeta.net<\/title>\n<meta name=\"robots\" content=\"index, follow, max-snippet:-1, max-image-preview:large, max-video-preview:-1\" \/>\n<link rel=\"canonical\" href=\"https:\/\/nk7-testes.com.br\/agazeta\/policia-militar-prende-acusados-de-roubo-no-taquari\/\" \/>\n<meta property=\"og:locale\" content=\"pt_BR\" \/>\n<meta property=\"og:type\" content=\"article\" \/>\n<meta property=\"og:title\" content=\"Pol\u00edcia Militar prende acusados de roubo no Taquari - Agazeta.net\" \/>\n<meta property=\"og:description\" content=\"Objetos roubados foram recuperados pela pol\u00edcia\" \/>\n<meta property=\"og:url\" content=\"https:\/\/nk7-testes.com.br\/agazeta\/policia-militar-prende-acusados-de-roubo-no-taquari\/\" \/>\n<meta property=\"og:site_name\" content=\"Agazeta.net\" \/>\n<meta property=\"article:published_time\" content=\"2017-01-21T16:10:14+00:00\" \/>\n<meta property=\"og:image\" content=\"https:\/\/nk7-testes.com.br\/agazeta\/wp-content\/uploads\/2017\/01\/210117-policia-presos-roubo-taquari.jpg\" \/>\n\t<meta property=\"og:image:width\" content=\"458\" \/>\n\t<meta property=\"og:image:height\" content=\"340\" \/>\n\t<meta property=\"og:image:type\" content=\"image\/jpeg\" \/>\n<meta name=\"author\" content=\"Agazeta.Net\" \/>\n<meta name=\"twitter:card\" content=\"summary_large_image\" \/>\n<meta name=\"twitter:label1\" content=\"Escrito por\" \/>\n\t<meta name=\"twitter:data1\" content=\"Agazeta.Net\" \/>\n\t<meta name=\"twitter:label2\" content=\"Est. tempo de leitura\" \/>\n\t<meta name=\"twitter:data2\" content=\"1 minuto\" \/>\n<script type=\"application\/ld+json\" class=\"yoast-schema-graph\">{\"@context\":\"https:\/\/schema.org\",\"@graph\":[{\"@type\":\"WebPage\",\"@id\":\"https:\/\/nk7-testes.com.br\/agazeta\/policia-militar-prende-acusados-de-roubo-no-taquari\/\",\"url\":\"https:\/\/nk7-testes.com.br\/agazeta\/policia-militar-prende-acusados-de-roubo-no-taquari\/\",\"name\":\"Pol\u00edcia Militar prende acusados de roubo no Taquari - Agazeta.net\",\"isPartOf\":{\"@id\":\"https:\/\/nk7-testes.com.br\/agazeta\/#website\"},\"primaryImageOfPage\":{\"@id\":\"https:\/\/nk7-testes.com.br\/agazeta\/policia-militar-prende-acusados-de-roubo-no-taquari\/#primaryimage\"},\"image\":{\"@id\":\"https:\/\/nk7-testes.com.br\/agazeta\/policia-militar-prende-acusados-de-roubo-no-taquari\/#primaryimage\"},\"thumbnailUrl\":\"https:\/\/nk7-testes.com.br\/agazeta\/wp-content\/uploads\/2017\/01\/210117-policia-presos-roubo-taquari.jpg\",\"datePublished\":\"2017-01-21T16:10:14+00:00\",\"author\":{\"@id\":\"https:\/\/nk7-testes.com.br\/agazeta\/#\/schema\/person\/ff6b39d54d6973bfc57f4140f659b23f\"},\"breadcrumb\":{\"@id\":\"https:\/\/nk7-testes.com.br\/agazeta\/policia-militar-prende-acusados-de-roubo-no-taquari\/#breadcrumb\"},\"inLanguage\":\"pt-BR\",\"potentialAction\":[{\"@type\":\"ReadAction\",\"target\":[\"https:\/\/nk7-testes.com.br\/agazeta\/policia-militar-prende-acusados-de-roubo-no-taquari\/\"]}]},{\"@type\":\"ImageObject\",\"inLanguage\":\"pt-BR\",\"@id\":\"https:\/\/nk7-testes.com.br\/agazeta\/policia-militar-prende-acusados-de-roubo-no-taquari\/#primaryimage\",\"url\":\"https:\/\/nk7-testes.com.br\/agazeta\/wp-content\/uploads\/2017\/01\/210117-policia-presos-roubo-taquari.jpg\",\"contentUrl\":\"https:\/\/nk7-testes.com.br\/agazeta\/wp-content\/uploads\/2017\/01\/210117-policia-presos-roubo-taquari.jpg\",\"width\":458,\"height\":340,\"caption\":\"210117-policia-presos-roubo-taquari\"},{\"@type\":\"BreadcrumbList\",\"@id\":\"https:\/\/nk7-testes.com.br\/agazeta\/policia-militar-prende-acusados-de-roubo-no-taquari\/#breadcrumb\",\"itemListElement\":[{\"@type\":\"ListItem\",\"position\":1,\"name\":\"In\u00edcio\",\"item\":\"https:\/\/nk7-testes.com.br\/agazeta\/\"},{\"@type\":\"ListItem\",\"position\":2,\"name\":\"Pol\u00edcia Militar prende acusados de roubo no Taquari\"}]},{\"@type\":\"WebSite\",\"@id\":\"https:\/\/nk7-testes.com.br\/agazeta\/#website\",\"url\":\"https:\/\/nk7-testes.com.br\/agazeta\/\",\"name\":\"Agazeta.net\",\"description\":\"Agazeta.net - Not\u00edcias de Rio Branco\/AC\",\"potentialAction\":[{\"@type\":\"SearchAction\",\"target\":{\"@type\":\"EntryPoint\",\"urlTemplate\":\"https:\/\/nk7-testes.com.br\/agazeta\/?s={search_term_string}\"},\"query-input\":{\"@type\":\"PropertyValueSpecification\",\"valueRequired\":true,\"valueName\":\"search_term_string\"}}],\"inLanguage\":\"pt-BR\"},{\"@type\":\"Person\",\"@id\":\"https:\/\/nk7-testes.com.br\/agazeta\/#\/schema\/person\/ff6b39d54d6973bfc57f4140f659b23f\",\"name\":\"Agazeta.Net\",\"url\":\"https:\/\/nk7-testes.com.br\/agazeta\/author\/agazeta\/\"}]}<\/script>\n<!-- \/ Yoast SEO plugin. -->","yoast_head_json":{"title":"Pol\u00edcia Militar prende acusados de roubo no Taquari - Agazeta.net","robots":{"index":"index","follow":"follow","max-snippet":"max-snippet:-1","max-image-preview":"max-image-preview:large","max-video-preview":"max-video-preview:-1"},"canonical":"https:\/\/nk7-testes.com.br\/agazeta\/policia-militar-prende-acusados-de-roubo-no-taquari\/","og_locale":"pt_BR","og_type":"article","og_title":"Pol\u00edcia Militar prende acusados de roubo no Taquari - Agazeta.net","og_description":"Objetos roubados foram recuperados pela pol\u00edcia","og_url":"https:\/\/nk7-testes.com.br\/agazeta\/policia-militar-prende-acusados-de-roubo-no-taquari\/","og_site_name":"Agazeta.net","article_published_time":"2017-01-21T16:10:14+00:00","og_image":[{"width":458,"height":340,"url":"https:\/\/nk7-testes.com.br\/agazeta\/wp-content\/uploads\/2017\/01\/210117-policia-presos-roubo-taquari.jpg","type":"image\/jpeg"}],"author":"Agazeta.Net","twitter_card":"summary_large_image","twitter_misc":{"Escrito por":"Agazeta.Net","Est. tempo de leitura":"1 minuto"},"schema":{"@context":"https:\/\/schema.org","@graph":[{"@type":"WebPage","@id":"https:\/\/nk7-testes.com.br\/agazeta\/policia-militar-prende-acusados-de-roubo-no-taquari\/","url":"https:\/\/nk7-testes.com.br\/agazeta\/policia-militar-prende-acusados-de-roubo-no-taquari\/","name":"Pol\u00edcia Militar prende acusados de roubo no Taquari - Agazeta.net","isPartOf":{"@id":"https:\/\/nk7-testes.com.br\/agazeta\/#website"},"primaryImageOfPage":{"@id":"https:\/\/nk7-testes.com.br\/agazeta\/policia-militar-prende-acusados-de-roubo-no-taquari\/#primaryimage"},"image":{"@id":"https:\/\/nk7-testes.com.br\/agazeta\/policia-militar-prende-acusados-de-roubo-no-taquari\/#primaryimage"},"thumbnailUrl":"https:\/\/nk7-testes.com.br\/agazeta\/wp-content\/uploads\/2017\/01\/210117-policia-presos-roubo-taquari.jpg","datePublished":"2017-01-21T16:10:14+00:00","author":{"@id":"https:\/\/nk7-testes.com.br\/agazeta\/#\/schema\/person\/ff6b39d54d6973bfc57f4140f659b23f"},"breadcrumb":{"@id":"https:\/\/nk7-testes.com.br\/agazeta\/policia-militar-prende-acusados-de-roubo-no-taquari\/#breadcrumb"},"inLanguage":"pt-BR","potentialAction":[{"@type":"ReadAction","target":["https:\/\/nk7-testes.com.br\/agazeta\/policia-militar-prende-acusados-de-roubo-no-taquari\/"]}]},{"@type":"ImageObject","inLanguage":"pt-BR","@id":"https:\/\/nk7-testes.com.br\/agazeta\/policia-militar-prende-acusados-de-roubo-no-taquari\/#primaryimage","url":"https:\/\/nk7-testes.com.br\/agazeta\/wp-content\/uploads\/2017\/01\/210117-policia-presos-roubo-taquari.jpg","contentUrl":"https:\/\/nk7-testes.com.br\/agazeta\/wp-content\/uploads\/2017\/01\/210117-policia-presos-roubo-taquari.jpg","width":458,"height":340,"caption":"210117-policia-presos-roubo-taquari"},{"@type":"BreadcrumbList","@id":"https:\/\/nk7-testes.com.br\/agazeta\/policia-militar-prende-acusados-de-roubo-no-taquari\/#breadcrumb","itemListElement":[{"@type":"ListItem","position":1,"name":"In\u00edcio","item":"https:\/\/nk7-testes.com.br\/agazeta\/"},{"@type":"ListItem","position":2,"name":"Pol\u00edcia Militar prende acusados de roubo no Taquari"}]},{"@type":"WebSite","@id":"https:\/\/nk7-testes.com.br\/agazeta\/#website","url":"https:\/\/nk7-testes.com.br\/agazeta\/","name":"Agazeta.net","description":"Agazeta.net - Not\u00edcias de Rio Branco\/AC","potentialAction":[{"@type":"SearchAction","target":{"@type":"EntryPoint","urlTemplate":"https:\/\/nk7-testes.com.br\/agazeta\/?s={search_term_string}"},"query-input":{"@type":"PropertyValueSpecification","valueRequired":true,"valueName":"search_term_string"}}],"inLanguage":"pt-BR"},{"@type":"Person","@id":"https:\/\/nk7-testes.com.br\/agazeta\/#\/schema\/person\/ff6b39d54d6973bfc57f4140f659b23f","name":"Agazeta.Net","url":"https:\/\/nk7-testes.com.br\/agazeta\/author\/agazeta\/"}]}},"_links":{"self":[{"href":"https:\/\/nk7-testes.com.br\/agazeta\/wp-json\/wp\/v2\/posts\/27592","targetHints":{"allow":["GET"]}}],"collection":[{"href":"https:\/\/nk7-testes.com.br\/agazeta\/wp-json\/wp\/v2\/posts"}],"about":[{"href":"https:\/\/nk7-testes.com.br\/agazeta\/wp-json\/wp\/v2\/types\/post"}],"author":[{"embeddable":true,"href":"https:\/\/nk7-testes.com.br\/agazeta\/wp-json\/wp\/v2\/users\/4"}],"replies":[{"embeddable":true,"href":"https:\/\/nk7-testes.com.br\/agazeta\/wp-json\/wp\/v2\/comments?post=27592"}],"version-history":[{"count":0,"href":"https:\/\/nk7-testes.com.br\/agazeta\/wp-json\/wp\/v2\/posts\/27592\/revisions"}],"wp:featuredmedia":[{"embeddable":true,"href":"https:\/\/nk7-testes.com.br\/agazeta\/wp-json\/wp\/v2\/media\/27591"}],"wp:attachment":[{"href":"https:\/\/nk7-testes.com.br\/agazeta\/wp-json\/wp\/v2\/media?parent=27592"}],"wp:term":[{"taxonomy":"category","embeddable":true,"href":"https:\/\/nk7-testes.com.br\/agazeta\/wp-json\/wp\/v2\/categories?post=27592"},{"taxonomy":"post_tag","embeddable":true,"href":"https:\/\/nk7-testes.com.br\/agazeta\/wp-json\/wp\/v2\/tags?post=27592"}],"curies":[{"name":"wp","href":"https:\/\/api.w.org\/{rel}","templated":true}]}}