{"id":27574,"date":"2017-01-20T15:38:50","date_gmt":"2017-01-20T15:38:50","guid":{"rendered":"https:\/\/abarevegan.com.br\/index.php\/2017\/01\/20\/policias-militar-e-civil-realizam-operacao-em-brasileia-e-epitacioandia\/"},"modified":"2017-01-20T15:38:50","modified_gmt":"2017-01-20T15:38:50","slug":"policias-militar-e-civil-realizam-operacao-em-brasileia-e-epitacioandia","status":"publish","type":"post","link":"https:\/\/nk7-testes.com.br\/agazeta\/policias-militar-e-civil-realizam-operacao-em-brasileia-e-epitacioandia\/","title":{"rendered":"Pol\u00edcias Militar e Civil realizam opera\u00e7\u00e3o no interior"},"content":{"rendered":"<p style=\"text-align: justify;\">Armas apreendidas com os 5 suspeitos de integrarem fac\u00e7\u00f5es<\/p>\n<p style=\"text-align: justify;\">Durante opera\u00e7\u00e3o integrada entre PM e Pol\u00edcia Civil, realizada nesta quinta-feira (19) 5 pessoas foram presas em Brasileia e Epitaciol\u00e2ndia. Eles s\u00e3o acusados de integrarem fac\u00e7\u00f5es.<\/p>\n<p style=\"text-align: justify;\">De acordo com os policiais, eles teriam frustrado um poss\u00edvel confronto entre os suspeitos.<\/p>\n<p style=\"text-align: justify;\">Segundo a pol\u00edcia, a primeira pris\u00e3o aconteceu pela parte da manh\u00e3, no Bairro Jos\u00e9 Moreira. Ap\u00f3s identificar o local, um cerco foi realizado e mesmo assim, um conseguiu fugir portando uma arma.<\/p>\n<p style=\"text-align: justify;\">Numa casa cercada, foram detidos Edson Silva de Oliveira (29), vulgo \u201cCupinzeiro\u201d, Lenismar de Souza Braga (32), vulgo \u201cLeni\u201d, e Augusto \u00c1vilar da Silva (19), este ultimo estaria com um mandado de pris\u00e3o em aberto. Com eles, foi encontrada uma escopeta calibre 20 e muni\u00e7\u00f5es.<\/p>\n<p style=\"text-align: justify;\">Os trabalhos continuaram durante todo o dia, at\u00e9 que os policiais chegaram a mais dois suspeitos. Desta vez, foram detidos Francisco Geisimar Menezes de Souza (23), vulgo \u201cKiki\u201d, que estava na companhia de Dione de Carvalho Andrade (26). Coma a dupla foi encontrado um revolver calibre 38, arma que pertenceria a For\u00e7a Nacional Boliviana.<\/p>\n<p style=\"text-align: justify;\">Segundo foi levantado, o trio, que faria de uma organiza\u00e7\u00e3o criminosa, teria liga\u00e7\u00e3o direta com as tentativas de homic\u00eddios ocorridas nos \u00faltimos dias, onde dois jovens foram baleados. Um teria sido baleado na cabe\u00e7a e o outro no pesco\u00e7o e bra\u00e7o, ambos est\u00e3o vivos.<\/p>\n","protected":false},"excerpt":{"rendered":"<p style=\"text-align: justify;\">Armas apreendidas com os 5 suspeitos de integrarem fac\u00e7\u00f5es<\/p>\n","protected":false},"author":4,"featured_media":27573,"comment_status":"open","ping_status":"open","sticky":false,"template":"","format":"standard","meta":{"jnews-multi-image_gallery":[],"jnews_single_post":[],"jnews_primary_category":[],"jnews_social_meta":[],"jnews_review":[],"enable_review":"","type":"","name":"","summary":"","brand":"","sku":"","good":[],"bad":[],"score_override":"","override_value":"","rating":[],"price":[],"footnotes":""},"categories":[44],"tags":[],"class_list":["post-27574","post","type-post","status-publish","format-standard","has-post-thumbnail","hentry","category-policia"],"yoast_head":"<!-- This site is optimized with the Yoast SEO plugin v26.5 - https:\/\/yoast.com\/wordpress\/plugins\/seo\/ -->\n<title>Pol\u00edcias Militar e Civil realizam opera\u00e7\u00e3o no interior - Agazeta.net<\/title>\n<meta name=\"robots\" content=\"index, follow, max-snippet:-1, max-image-preview:large, max-video-preview:-1\" \/>\n<link rel=\"canonical\" href=\"https:\/\/nk7-testes.com.br\/agazeta\/policias-militar-e-civil-realizam-operacao-em-brasileia-e-epitacioandia\/\" \/>\n<meta property=\"og:locale\" content=\"pt_BR\" \/>\n<meta property=\"og:type\" content=\"article\" \/>\n<meta property=\"og:title\" content=\"Pol\u00edcias Militar e Civil realizam opera\u00e7\u00e3o no interior - Agazeta.net\" \/>\n<meta property=\"og:description\" content=\"Armas apreendidas com os 5 suspeitos de integrarem fac\u00e7\u00f5es\" \/>\n<meta property=\"og:url\" content=\"https:\/\/nk7-testes.com.br\/agazeta\/policias-militar-e-civil-realizam-operacao-em-brasileia-e-epitacioandia\/\" \/>\n<meta property=\"og:site_name\" content=\"Agazeta.net\" \/>\n<meta property=\"article:published_time\" content=\"2017-01-20T15:38:50+00:00\" \/>\n<meta property=\"og:image\" content=\"https:\/\/nk7-testes.com.br\/agazeta\/wp-content\/uploads\/2017\/01\/200117-policia-presos-brasileia-epitacio-armas.jpg\" \/>\n\t<meta property=\"og:image:width\" content=\"458\" \/>\n\t<meta property=\"og:image:height\" content=\"340\" \/>\n\t<meta property=\"og:image:type\" content=\"image\/jpeg\" \/>\n<meta name=\"author\" content=\"Agazeta.Net\" \/>\n<meta name=\"twitter:card\" content=\"summary_large_image\" \/>\n<meta name=\"twitter:label1\" content=\"Escrito por\" \/>\n\t<meta name=\"twitter:data1\" content=\"Agazeta.Net\" \/>\n\t<meta name=\"twitter:label2\" content=\"Est. tempo de leitura\" \/>\n\t<meta name=\"twitter:data2\" content=\"1 minuto\" \/>\n<script type=\"application\/ld+json\" class=\"yoast-schema-graph\">{\"@context\":\"https:\/\/schema.org\",\"@graph\":[{\"@type\":\"WebPage\",\"@id\":\"https:\/\/nk7-testes.com.br\/agazeta\/policias-militar-e-civil-realizam-operacao-em-brasileia-e-epitacioandia\/\",\"url\":\"https:\/\/nk7-testes.com.br\/agazeta\/policias-militar-e-civil-realizam-operacao-em-brasileia-e-epitacioandia\/\",\"name\":\"Pol\u00edcias Militar e Civil realizam opera\u00e7\u00e3o no interior - Agazeta.net\",\"isPartOf\":{\"@id\":\"https:\/\/nk7-testes.com.br\/agazeta\/#website\"},\"primaryImageOfPage\":{\"@id\":\"https:\/\/nk7-testes.com.br\/agazeta\/policias-militar-e-civil-realizam-operacao-em-brasileia-e-epitacioandia\/#primaryimage\"},\"image\":{\"@id\":\"https:\/\/nk7-testes.com.br\/agazeta\/policias-militar-e-civil-realizam-operacao-em-brasileia-e-epitacioandia\/#primaryimage\"},\"thumbnailUrl\":\"https:\/\/nk7-testes.com.br\/agazeta\/wp-content\/uploads\/2017\/01\/200117-policia-presos-brasileia-epitacio-armas.jpg\",\"datePublished\":\"2017-01-20T15:38:50+00:00\",\"author\":{\"@id\":\"https:\/\/nk7-testes.com.br\/agazeta\/#\/schema\/person\/ff6b39d54d6973bfc57f4140f659b23f\"},\"breadcrumb\":{\"@id\":\"https:\/\/nk7-testes.com.br\/agazeta\/policias-militar-e-civil-realizam-operacao-em-brasileia-e-epitacioandia\/#breadcrumb\"},\"inLanguage\":\"pt-BR\",\"potentialAction\":[{\"@type\":\"ReadAction\",\"target\":[\"https:\/\/nk7-testes.com.br\/agazeta\/policias-militar-e-civil-realizam-operacao-em-brasileia-e-epitacioandia\/\"]}]},{\"@type\":\"ImageObject\",\"inLanguage\":\"pt-BR\",\"@id\":\"https:\/\/nk7-testes.com.br\/agazeta\/policias-militar-e-civil-realizam-operacao-em-brasileia-e-epitacioandia\/#primaryimage\",\"url\":\"https:\/\/nk7-testes.com.br\/agazeta\/wp-content\/uploads\/2017\/01\/200117-policia-presos-brasileia-epitacio-armas.jpg\",\"contentUrl\":\"https:\/\/nk7-testes.com.br\/agazeta\/wp-content\/uploads\/2017\/01\/200117-policia-presos-brasileia-epitacio-armas.jpg\",\"width\":458,\"height\":340,\"caption\":\"200117-policia-presos-brasileia-epitacio-armas\"},{\"@type\":\"BreadcrumbList\",\"@id\":\"https:\/\/nk7-testes.com.br\/agazeta\/policias-militar-e-civil-realizam-operacao-em-brasileia-e-epitacioandia\/#breadcrumb\",\"itemListElement\":[{\"@type\":\"ListItem\",\"position\":1,\"name\":\"In\u00edcio\",\"item\":\"https:\/\/nk7-testes.com.br\/agazeta\/\"},{\"@type\":\"ListItem\",\"position\":2,\"name\":\"Pol\u00edcias Militar e Civil realizam opera\u00e7\u00e3o no interior\"}]},{\"@type\":\"WebSite\",\"@id\":\"https:\/\/nk7-testes.com.br\/agazeta\/#website\",\"url\":\"https:\/\/nk7-testes.com.br\/agazeta\/\",\"name\":\"Agazeta.net\",\"description\":\"Agazeta.net - Not\u00edcias de Rio Branco\/AC\",\"potentialAction\":[{\"@type\":\"SearchAction\",\"target\":{\"@type\":\"EntryPoint\",\"urlTemplate\":\"https:\/\/nk7-testes.com.br\/agazeta\/?s={search_term_string}\"},\"query-input\":{\"@type\":\"PropertyValueSpecification\",\"valueRequired\":true,\"valueName\":\"search_term_string\"}}],\"inLanguage\":\"pt-BR\"},{\"@type\":\"Person\",\"@id\":\"https:\/\/nk7-testes.com.br\/agazeta\/#\/schema\/person\/ff6b39d54d6973bfc57f4140f659b23f\",\"name\":\"Agazeta.Net\",\"url\":\"https:\/\/nk7-testes.com.br\/agazeta\/author\/agazeta\/\"}]}<\/script>\n<!-- \/ Yoast SEO plugin. -->","yoast_head_json":{"title":"Pol\u00edcias Militar e Civil realizam opera\u00e7\u00e3o no interior - Agazeta.net","robots":{"index":"index","follow":"follow","max-snippet":"max-snippet:-1","max-image-preview":"max-image-preview:large","max-video-preview":"max-video-preview:-1"},"canonical":"https:\/\/nk7-testes.com.br\/agazeta\/policias-militar-e-civil-realizam-operacao-em-brasileia-e-epitacioandia\/","og_locale":"pt_BR","og_type":"article","og_title":"Pol\u00edcias Militar e Civil realizam opera\u00e7\u00e3o no interior - Agazeta.net","og_description":"Armas apreendidas com os 5 suspeitos de integrarem fac\u00e7\u00f5es","og_url":"https:\/\/nk7-testes.com.br\/agazeta\/policias-militar-e-civil-realizam-operacao-em-brasileia-e-epitacioandia\/","og_site_name":"Agazeta.net","article_published_time":"2017-01-20T15:38:50+00:00","og_image":[{"width":458,"height":340,"url":"https:\/\/nk7-testes.com.br\/agazeta\/wp-content\/uploads\/2017\/01\/200117-policia-presos-brasileia-epitacio-armas.jpg","type":"image\/jpeg"}],"author":"Agazeta.Net","twitter_card":"summary_large_image","twitter_misc":{"Escrito por":"Agazeta.Net","Est. tempo de leitura":"1 minuto"},"schema":{"@context":"https:\/\/schema.org","@graph":[{"@type":"WebPage","@id":"https:\/\/nk7-testes.com.br\/agazeta\/policias-militar-e-civil-realizam-operacao-em-brasileia-e-epitacioandia\/","url":"https:\/\/nk7-testes.com.br\/agazeta\/policias-militar-e-civil-realizam-operacao-em-brasileia-e-epitacioandia\/","name":"Pol\u00edcias Militar e Civil realizam opera\u00e7\u00e3o no interior - Agazeta.net","isPartOf":{"@id":"https:\/\/nk7-testes.com.br\/agazeta\/#website"},"primaryImageOfPage":{"@id":"https:\/\/nk7-testes.com.br\/agazeta\/policias-militar-e-civil-realizam-operacao-em-brasileia-e-epitacioandia\/#primaryimage"},"image":{"@id":"https:\/\/nk7-testes.com.br\/agazeta\/policias-militar-e-civil-realizam-operacao-em-brasileia-e-epitacioandia\/#primaryimage"},"thumbnailUrl":"https:\/\/nk7-testes.com.br\/agazeta\/wp-content\/uploads\/2017\/01\/200117-policia-presos-brasileia-epitacio-armas.jpg","datePublished":"2017-01-20T15:38:50+00:00","author":{"@id":"https:\/\/nk7-testes.com.br\/agazeta\/#\/schema\/person\/ff6b39d54d6973bfc57f4140f659b23f"},"breadcrumb":{"@id":"https:\/\/nk7-testes.com.br\/agazeta\/policias-militar-e-civil-realizam-operacao-em-brasileia-e-epitacioandia\/#breadcrumb"},"inLanguage":"pt-BR","potentialAction":[{"@type":"ReadAction","target":["https:\/\/nk7-testes.com.br\/agazeta\/policias-militar-e-civil-realizam-operacao-em-brasileia-e-epitacioandia\/"]}]},{"@type":"ImageObject","inLanguage":"pt-BR","@id":"https:\/\/nk7-testes.com.br\/agazeta\/policias-militar-e-civil-realizam-operacao-em-brasileia-e-epitacioandia\/#primaryimage","url":"https:\/\/nk7-testes.com.br\/agazeta\/wp-content\/uploads\/2017\/01\/200117-policia-presos-brasileia-epitacio-armas.jpg","contentUrl":"https:\/\/nk7-testes.com.br\/agazeta\/wp-content\/uploads\/2017\/01\/200117-policia-presos-brasileia-epitacio-armas.jpg","width":458,"height":340,"caption":"200117-policia-presos-brasileia-epitacio-armas"},{"@type":"BreadcrumbList","@id":"https:\/\/nk7-testes.com.br\/agazeta\/policias-militar-e-civil-realizam-operacao-em-brasileia-e-epitacioandia\/#breadcrumb","itemListElement":[{"@type":"ListItem","position":1,"name":"In\u00edcio","item":"https:\/\/nk7-testes.com.br\/agazeta\/"},{"@type":"ListItem","position":2,"name":"Pol\u00edcias Militar e Civil realizam opera\u00e7\u00e3o no interior"}]},{"@type":"WebSite","@id":"https:\/\/nk7-testes.com.br\/agazeta\/#website","url":"https:\/\/nk7-testes.com.br\/agazeta\/","name":"Agazeta.net","description":"Agazeta.net - Not\u00edcias de Rio Branco\/AC","potentialAction":[{"@type":"SearchAction","target":{"@type":"EntryPoint","urlTemplate":"https:\/\/nk7-testes.com.br\/agazeta\/?s={search_term_string}"},"query-input":{"@type":"PropertyValueSpecification","valueRequired":true,"valueName":"search_term_string"}}],"inLanguage":"pt-BR"},{"@type":"Person","@id":"https:\/\/nk7-testes.com.br\/agazeta\/#\/schema\/person\/ff6b39d54d6973bfc57f4140f659b23f","name":"Agazeta.Net","url":"https:\/\/nk7-testes.com.br\/agazeta\/author\/agazeta\/"}]}},"_links":{"self":[{"href":"https:\/\/nk7-testes.com.br\/agazeta\/wp-json\/wp\/v2\/posts\/27574","targetHints":{"allow":["GET"]}}],"collection":[{"href":"https:\/\/nk7-testes.com.br\/agazeta\/wp-json\/wp\/v2\/posts"}],"about":[{"href":"https:\/\/nk7-testes.com.br\/agazeta\/wp-json\/wp\/v2\/types\/post"}],"author":[{"embeddable":true,"href":"https:\/\/nk7-testes.com.br\/agazeta\/wp-json\/wp\/v2\/users\/4"}],"replies":[{"embeddable":true,"href":"https:\/\/nk7-testes.com.br\/agazeta\/wp-json\/wp\/v2\/comments?post=27574"}],"version-history":[{"count":0,"href":"https:\/\/nk7-testes.com.br\/agazeta\/wp-json\/wp\/v2\/posts\/27574\/revisions"}],"wp:featuredmedia":[{"embeddable":true,"href":"https:\/\/nk7-testes.com.br\/agazeta\/wp-json\/wp\/v2\/media\/27573"}],"wp:attachment":[{"href":"https:\/\/nk7-testes.com.br\/agazeta\/wp-json\/wp\/v2\/media?parent=27574"}],"wp:term":[{"taxonomy":"category","embeddable":true,"href":"https:\/\/nk7-testes.com.br\/agazeta\/wp-json\/wp\/v2\/categories?post=27574"},{"taxonomy":"post_tag","embeddable":true,"href":"https:\/\/nk7-testes.com.br\/agazeta\/wp-json\/wp\/v2\/tags?post=27574"}],"curies":[{"name":"wp","href":"https:\/\/api.w.org\/{rel}","templated":true}]}}