{"id":27550,"date":"2017-01-19T17:25:27","date_gmt":"2017-01-19T17:25:27","guid":{"rendered":"https:\/\/abarevegan.com.br\/index.php\/2017\/01\/19\/paroquia-sao-peregrino-e-alvo-de-assaltantes\/"},"modified":"2017-01-19T17:25:27","modified_gmt":"2017-01-19T17:25:27","slug":"paroquia-sao-peregrino-e-alvo-de-assaltantes","status":"publish","type":"post","link":"https:\/\/nk7-testes.com.br\/agazeta\/paroquia-sao-peregrino-e-alvo-de-assaltantes\/","title":{"rendered":"Par\u00f3quia S\u00e3o Peregrino \u00e9 alvo de assaltantes"},"content":{"rendered":"<p style=\"text-align: justify;\">Assaltantes levaram objetos pessoais de fieis<\/p>\n<p style=\"text-align: justify;\">Os atos de viol\u00eancia est\u00e3o cada vez mais presentes na rotina da cidade de Rio Branco, nem ao menos as igrejas est\u00e3o imunes, \u00e9 o caso da par\u00f3quia S\u00e3o Peregrino, localizada na Estrada da Floresta, na capital.<\/p>\n<p style=\"text-align: justify;\">Na manh\u00e3 de ontem a igreja foi invadida por dois homens armados que renderam o frei Ant\u00f4nio e outros cinco funcion\u00e1rios da secretaria do local.<\/p>\n<p style=\"text-align: justify;\">Os homens, que de acordo com o Frei, estavam em busca de um suposto cofre, levaram objetos pessoais como celulares e alian\u00e7as e ainda quebraram diversas imagens de santos, chamando os cat\u00f3licos de fan\u00e1ticos.<\/p>\n<p style=\"text-align: justify;\">De acordo com postagem em uma rede social, o padre M\u00e1ssimo Lombardi \u201ca viol\u00eancia parece estar hoje temperada de fanatismo religioso e este fen\u00f4meno talvez precise de uma explica\u00e7\u00e3o por parte dos \u00f3rg\u00e3os competentes\u201d.<\/p>\n<p style=\"text-align: justify;\">Ele afirma ainda que prefere o dia da luta contra a intoler\u00e2ncia religiosa ao inv\u00e9s dos feriados com Dia do Cat\u00f3lico e Dia do Evang\u00e9lico.<\/p>\n<p style=\"text-align: justify;\">\u201cPara mim isso \u00e9 mais um motivo para que os dias do Cat\u00f3lico e do Evang\u00e9lico sejam cancelados do calend\u00e1rio estadual, para dar mais \u00eanfase aos dias de conscientiza\u00e7\u00e3o ao di\u00e1logo com as diferen\u00e7as, como ao Dia da Consci\u00eancia Negra, Dia do Respeito \u00e0 Diversidade, dia de luta contra a intoler\u00e2ncia religiosa, dia dos Direitos Humanos, que por sinal n\u00e3o precisam ser feriados ou de ponto facultativo\u201d, finalizou.<\/p>\n","protected":false},"excerpt":{"rendered":"<p style=\"text-align: justify;\">Assaltantes levaram objetos pessoais de fieis<\/p>\n","protected":false},"author":4,"featured_media":27549,"comment_status":"open","ping_status":"open","sticky":false,"template":"","format":"standard","meta":{"jnews-multi-image_gallery":[],"jnews_single_post":[],"jnews_primary_category":[],"jnews_social_meta":[],"jnews_review":[],"enable_review":"","type":"","name":"","summary":"","brand":"","sku":"","good":[],"bad":[],"score_override":"","override_value":"","rating":[],"price":[],"footnotes":""},"categories":[44],"tags":[],"class_list":["post-27550","post","type-post","status-publish","format-standard","has-post-thumbnail","hentry","category-policia"],"yoast_head":"<!-- This site is optimized with the Yoast SEO plugin v26.5 - https:\/\/yoast.com\/wordpress\/plugins\/seo\/ -->\n<title>Par\u00f3quia S\u00e3o Peregrino \u00e9 alvo de assaltantes - Agazeta.net<\/title>\n<meta name=\"robots\" content=\"index, follow, max-snippet:-1, max-image-preview:large, max-video-preview:-1\" \/>\n<link rel=\"canonical\" href=\"https:\/\/nk7-testes.com.br\/agazeta\/paroquia-sao-peregrino-e-alvo-de-assaltantes\/\" \/>\n<meta property=\"og:locale\" content=\"pt_BR\" \/>\n<meta property=\"og:type\" content=\"article\" \/>\n<meta property=\"og:title\" content=\"Par\u00f3quia S\u00e3o Peregrino \u00e9 alvo de assaltantes - Agazeta.net\" \/>\n<meta property=\"og:description\" content=\"Assaltantes levaram objetos pessoais de fieis\" \/>\n<meta property=\"og:url\" content=\"https:\/\/nk7-testes.com.br\/agazeta\/paroquia-sao-peregrino-e-alvo-de-assaltantes\/\" \/>\n<meta property=\"og:site_name\" content=\"Agazeta.net\" \/>\n<meta property=\"article:published_time\" content=\"2017-01-19T17:25:27+00:00\" \/>\n<meta property=\"og:image\" content=\"https:\/\/nk7-testes.com.br\/agazeta\/wp-content\/uploads\/2017\/01\/190117-policia-paroquia-assalto.jpg\" \/>\n\t<meta property=\"og:image:width\" content=\"458\" \/>\n\t<meta property=\"og:image:height\" content=\"340\" \/>\n\t<meta property=\"og:image:type\" content=\"image\/jpeg\" \/>\n<meta name=\"author\" content=\"Agazeta.Net\" \/>\n<meta name=\"twitter:card\" content=\"summary_large_image\" \/>\n<meta name=\"twitter:label1\" content=\"Escrito por\" \/>\n\t<meta name=\"twitter:data1\" content=\"Agazeta.Net\" \/>\n\t<meta name=\"twitter:label2\" content=\"Est. tempo de leitura\" \/>\n\t<meta name=\"twitter:data2\" content=\"1 minuto\" \/>\n<script type=\"application\/ld+json\" class=\"yoast-schema-graph\">{\"@context\":\"https:\/\/schema.org\",\"@graph\":[{\"@type\":\"WebPage\",\"@id\":\"https:\/\/nk7-testes.com.br\/agazeta\/paroquia-sao-peregrino-e-alvo-de-assaltantes\/\",\"url\":\"https:\/\/nk7-testes.com.br\/agazeta\/paroquia-sao-peregrino-e-alvo-de-assaltantes\/\",\"name\":\"Par\u00f3quia S\u00e3o Peregrino \u00e9 alvo de assaltantes - Agazeta.net\",\"isPartOf\":{\"@id\":\"https:\/\/nk7-testes.com.br\/agazeta\/#website\"},\"primaryImageOfPage\":{\"@id\":\"https:\/\/nk7-testes.com.br\/agazeta\/paroquia-sao-peregrino-e-alvo-de-assaltantes\/#primaryimage\"},\"image\":{\"@id\":\"https:\/\/nk7-testes.com.br\/agazeta\/paroquia-sao-peregrino-e-alvo-de-assaltantes\/#primaryimage\"},\"thumbnailUrl\":\"https:\/\/nk7-testes.com.br\/agazeta\/wp-content\/uploads\/2017\/01\/190117-policia-paroquia-assalto.jpg\",\"datePublished\":\"2017-01-19T17:25:27+00:00\",\"author\":{\"@id\":\"https:\/\/nk7-testes.com.br\/agazeta\/#\/schema\/person\/ff6b39d54d6973bfc57f4140f659b23f\"},\"breadcrumb\":{\"@id\":\"https:\/\/nk7-testes.com.br\/agazeta\/paroquia-sao-peregrino-e-alvo-de-assaltantes\/#breadcrumb\"},\"inLanguage\":\"pt-BR\",\"potentialAction\":[{\"@type\":\"ReadAction\",\"target\":[\"https:\/\/nk7-testes.com.br\/agazeta\/paroquia-sao-peregrino-e-alvo-de-assaltantes\/\"]}]},{\"@type\":\"ImageObject\",\"inLanguage\":\"pt-BR\",\"@id\":\"https:\/\/nk7-testes.com.br\/agazeta\/paroquia-sao-peregrino-e-alvo-de-assaltantes\/#primaryimage\",\"url\":\"https:\/\/nk7-testes.com.br\/agazeta\/wp-content\/uploads\/2017\/01\/190117-policia-paroquia-assalto.jpg\",\"contentUrl\":\"https:\/\/nk7-testes.com.br\/agazeta\/wp-content\/uploads\/2017\/01\/190117-policia-paroquia-assalto.jpg\",\"width\":458,\"height\":340,\"caption\":\"190117-policia-paroquia-assalto\"},{\"@type\":\"BreadcrumbList\",\"@id\":\"https:\/\/nk7-testes.com.br\/agazeta\/paroquia-sao-peregrino-e-alvo-de-assaltantes\/#breadcrumb\",\"itemListElement\":[{\"@type\":\"ListItem\",\"position\":1,\"name\":\"In\u00edcio\",\"item\":\"https:\/\/nk7-testes.com.br\/agazeta\/\"},{\"@type\":\"ListItem\",\"position\":2,\"name\":\"Par\u00f3quia S\u00e3o Peregrino \u00e9 alvo de assaltantes\"}]},{\"@type\":\"WebSite\",\"@id\":\"https:\/\/nk7-testes.com.br\/agazeta\/#website\",\"url\":\"https:\/\/nk7-testes.com.br\/agazeta\/\",\"name\":\"Agazeta.net\",\"description\":\"Agazeta.net - Not\u00edcias de Rio Branco\/AC\",\"potentialAction\":[{\"@type\":\"SearchAction\",\"target\":{\"@type\":\"EntryPoint\",\"urlTemplate\":\"https:\/\/nk7-testes.com.br\/agazeta\/?s={search_term_string}\"},\"query-input\":{\"@type\":\"PropertyValueSpecification\",\"valueRequired\":true,\"valueName\":\"search_term_string\"}}],\"inLanguage\":\"pt-BR\"},{\"@type\":\"Person\",\"@id\":\"https:\/\/nk7-testes.com.br\/agazeta\/#\/schema\/person\/ff6b39d54d6973bfc57f4140f659b23f\",\"name\":\"Agazeta.Net\",\"url\":\"https:\/\/nk7-testes.com.br\/agazeta\/author\/agazeta\/\"}]}<\/script>\n<!-- \/ Yoast SEO plugin. -->","yoast_head_json":{"title":"Par\u00f3quia S\u00e3o Peregrino \u00e9 alvo de assaltantes - Agazeta.net","robots":{"index":"index","follow":"follow","max-snippet":"max-snippet:-1","max-image-preview":"max-image-preview:large","max-video-preview":"max-video-preview:-1"},"canonical":"https:\/\/nk7-testes.com.br\/agazeta\/paroquia-sao-peregrino-e-alvo-de-assaltantes\/","og_locale":"pt_BR","og_type":"article","og_title":"Par\u00f3quia S\u00e3o Peregrino \u00e9 alvo de assaltantes - Agazeta.net","og_description":"Assaltantes levaram objetos pessoais de fieis","og_url":"https:\/\/nk7-testes.com.br\/agazeta\/paroquia-sao-peregrino-e-alvo-de-assaltantes\/","og_site_name":"Agazeta.net","article_published_time":"2017-01-19T17:25:27+00:00","og_image":[{"width":458,"height":340,"url":"https:\/\/nk7-testes.com.br\/agazeta\/wp-content\/uploads\/2017\/01\/190117-policia-paroquia-assalto.jpg","type":"image\/jpeg"}],"author":"Agazeta.Net","twitter_card":"summary_large_image","twitter_misc":{"Escrito por":"Agazeta.Net","Est. tempo de leitura":"1 minuto"},"schema":{"@context":"https:\/\/schema.org","@graph":[{"@type":"WebPage","@id":"https:\/\/nk7-testes.com.br\/agazeta\/paroquia-sao-peregrino-e-alvo-de-assaltantes\/","url":"https:\/\/nk7-testes.com.br\/agazeta\/paroquia-sao-peregrino-e-alvo-de-assaltantes\/","name":"Par\u00f3quia S\u00e3o Peregrino \u00e9 alvo de assaltantes - Agazeta.net","isPartOf":{"@id":"https:\/\/nk7-testes.com.br\/agazeta\/#website"},"primaryImageOfPage":{"@id":"https:\/\/nk7-testes.com.br\/agazeta\/paroquia-sao-peregrino-e-alvo-de-assaltantes\/#primaryimage"},"image":{"@id":"https:\/\/nk7-testes.com.br\/agazeta\/paroquia-sao-peregrino-e-alvo-de-assaltantes\/#primaryimage"},"thumbnailUrl":"https:\/\/nk7-testes.com.br\/agazeta\/wp-content\/uploads\/2017\/01\/190117-policia-paroquia-assalto.jpg","datePublished":"2017-01-19T17:25:27+00:00","author":{"@id":"https:\/\/nk7-testes.com.br\/agazeta\/#\/schema\/person\/ff6b39d54d6973bfc57f4140f659b23f"},"breadcrumb":{"@id":"https:\/\/nk7-testes.com.br\/agazeta\/paroquia-sao-peregrino-e-alvo-de-assaltantes\/#breadcrumb"},"inLanguage":"pt-BR","potentialAction":[{"@type":"ReadAction","target":["https:\/\/nk7-testes.com.br\/agazeta\/paroquia-sao-peregrino-e-alvo-de-assaltantes\/"]}]},{"@type":"ImageObject","inLanguage":"pt-BR","@id":"https:\/\/nk7-testes.com.br\/agazeta\/paroquia-sao-peregrino-e-alvo-de-assaltantes\/#primaryimage","url":"https:\/\/nk7-testes.com.br\/agazeta\/wp-content\/uploads\/2017\/01\/190117-policia-paroquia-assalto.jpg","contentUrl":"https:\/\/nk7-testes.com.br\/agazeta\/wp-content\/uploads\/2017\/01\/190117-policia-paroquia-assalto.jpg","width":458,"height":340,"caption":"190117-policia-paroquia-assalto"},{"@type":"BreadcrumbList","@id":"https:\/\/nk7-testes.com.br\/agazeta\/paroquia-sao-peregrino-e-alvo-de-assaltantes\/#breadcrumb","itemListElement":[{"@type":"ListItem","position":1,"name":"In\u00edcio","item":"https:\/\/nk7-testes.com.br\/agazeta\/"},{"@type":"ListItem","position":2,"name":"Par\u00f3quia S\u00e3o Peregrino \u00e9 alvo de assaltantes"}]},{"@type":"WebSite","@id":"https:\/\/nk7-testes.com.br\/agazeta\/#website","url":"https:\/\/nk7-testes.com.br\/agazeta\/","name":"Agazeta.net","description":"Agazeta.net - Not\u00edcias de Rio Branco\/AC","potentialAction":[{"@type":"SearchAction","target":{"@type":"EntryPoint","urlTemplate":"https:\/\/nk7-testes.com.br\/agazeta\/?s={search_term_string}"},"query-input":{"@type":"PropertyValueSpecification","valueRequired":true,"valueName":"search_term_string"}}],"inLanguage":"pt-BR"},{"@type":"Person","@id":"https:\/\/nk7-testes.com.br\/agazeta\/#\/schema\/person\/ff6b39d54d6973bfc57f4140f659b23f","name":"Agazeta.Net","url":"https:\/\/nk7-testes.com.br\/agazeta\/author\/agazeta\/"}]}},"_links":{"self":[{"href":"https:\/\/nk7-testes.com.br\/agazeta\/wp-json\/wp\/v2\/posts\/27550","targetHints":{"allow":["GET"]}}],"collection":[{"href":"https:\/\/nk7-testes.com.br\/agazeta\/wp-json\/wp\/v2\/posts"}],"about":[{"href":"https:\/\/nk7-testes.com.br\/agazeta\/wp-json\/wp\/v2\/types\/post"}],"author":[{"embeddable":true,"href":"https:\/\/nk7-testes.com.br\/agazeta\/wp-json\/wp\/v2\/users\/4"}],"replies":[{"embeddable":true,"href":"https:\/\/nk7-testes.com.br\/agazeta\/wp-json\/wp\/v2\/comments?post=27550"}],"version-history":[{"count":0,"href":"https:\/\/nk7-testes.com.br\/agazeta\/wp-json\/wp\/v2\/posts\/27550\/revisions"}],"wp:featuredmedia":[{"embeddable":true,"href":"https:\/\/nk7-testes.com.br\/agazeta\/wp-json\/wp\/v2\/media\/27549"}],"wp:attachment":[{"href":"https:\/\/nk7-testes.com.br\/agazeta\/wp-json\/wp\/v2\/media?parent=27550"}],"wp:term":[{"taxonomy":"category","embeddable":true,"href":"https:\/\/nk7-testes.com.br\/agazeta\/wp-json\/wp\/v2\/categories?post=27550"},{"taxonomy":"post_tag","embeddable":true,"href":"https:\/\/nk7-testes.com.br\/agazeta\/wp-json\/wp\/v2\/tags?post=27550"}],"curies":[{"name":"wp","href":"https:\/\/api.w.org\/{rel}","templated":true}]}}