{"id":27520,"date":"2017-01-18T18:10:29","date_gmt":"2017-01-18T18:10:29","guid":{"rendered":"https:\/\/abarevegan.com.br\/index.php\/2017\/01\/18\/confusao-e-registrada-em-frente-a-biblioteca-publica\/"},"modified":"2017-01-18T18:10:29","modified_gmt":"2017-01-18T18:10:29","slug":"confusao-e-registrada-em-frente-a-biblioteca-publica","status":"publish","type":"post","link":"https:\/\/nk7-testes.com.br\/agazeta\/confusao-e-registrada-em-frente-a-biblioteca-publica\/","title":{"rendered":"Confus\u00e3o \u00e9 registrada em frente \u00e0 Biblioteca P\u00fablica"},"content":{"rendered":"<p style=\"text-align: justify;\">Quatro &nbsp;pessoas foram detidas pela pol\u00edcia<\/p>\n<p style=\"text-align: justify;\">Foi registrado na tarde de ontem (17), em frente a Biblioteca P\u00fablica, no Centro de Rio Branco, um conflito entre estudantes e a Pol\u00edcia Militar. Uma mulher teria sido retirada da biblioteca ap\u00f3s reclama\u00e7\u00e3o de funcion\u00e1rios do local.<\/p>\n<p style=\"text-align: justify;\">Por meio de nota, o Coletivo Mobiliza destacou que \u201ca a\u00e7\u00e3o dos jovens se deu pelo fato de que havia uma cidad\u00e3 sendo conduzida equivocadamente com trucul\u00eancia, sem que houvesse sequer a presen\u00e7a de uma agente do mesmo sexo para que atuasse na ocorr\u00eancia\u201d.<\/p>\n<p style=\"text-align: justify;\">Tamb\u00e9m por meio de nota, a pol\u00edcia informou que \u201cuma guarni\u00e7\u00e3o foi acionada por funcion\u00e1rios do local para retirar daquele ambiente uma jovem que, mesmo depois de advertida pelos servidores, negava-se a obedecer \u00e0s normas de utiliza\u00e7\u00e3o do espa\u00e7o p\u00fablico, assistindo v\u00eddeos sem liga\u00e7\u00e3o nenhuma com estudos com volume do \u00e1udio a incomodar os verdadeiros estudantes presentes, na \u00e1rea dos computadores\u201d.<\/p>\n<p style=\"text-align: justify;\">De acordo com um funcion\u00e1rio da Biblioteca, em postagem em rede social, foi feito o pedido para que a mulher utilizasse fones de ouvido ou se retirasse do local, pois estava atrapalhando quem estava estudando no local. Ele explica que \u201cn\u00e3o atendendo o pedido, foi solicitado que a mulher se retirasse. A mesma n\u00e3o quis e ficou arrua\u00e7ando. Pedimos o apoio da PM para a retirada da mesma. Na hora em que a PM estava levando ela para fora, um grupo de pessoas tentou intimidar os policiais.\u201d<\/p>\n<p style=\"text-align: justify;\">Ainda de acordo com a PM, \u201cn\u00e3o \u00e9 a primeira vez que os funcion\u00e1rios da Biblioteca acionam a Pol\u00edcia Militar para retirar a jovem do local pelo mesmo motivo\u201d. A pol\u00edcia afirma ainda que \u201cum grupo de movimento estudantil e simpatizantes tentou impedir e subjugar a for\u00e7a policial, resultando na confus\u00e3o generalizada. Com apoio de outras guarni\u00e7\u00f5es, ela e mais dois cidad\u00e3os foram conduzidos \u00e0 Delegacia por desacato, desobedi\u00eancia, resist\u00eancia e provoca\u00e7\u00e3o de tumulto, crimes previstos nas Leis Penais vigentes\u201d.<\/p>\n","protected":false},"excerpt":{"rendered":"<p style=\"text-align: justify;\">Quatro &nbsp;pessoas foram detidas pela pol\u00edcia<\/p>\n","protected":false},"author":4,"featured_media":27519,"comment_status":"open","ping_status":"open","sticky":false,"template":"","format":"standard","meta":{"jnews-multi-image_gallery":[],"jnews_single_post":[],"jnews_primary_category":[],"jnews_social_meta":[],"jnews_review":[],"enable_review":"","type":"","name":"","summary":"","brand":"","sku":"","good":[],"bad":[],"score_override":"","override_value":"","rating":[],"price":[],"footnotes":""},"categories":[44],"tags":[],"class_list":["post-27520","post","type-post","status-publish","format-standard","has-post-thumbnail","hentry","category-policia"],"yoast_head":"<!-- This site is optimized with the Yoast SEO plugin v26.5 - https:\/\/yoast.com\/wordpress\/plugins\/seo\/ -->\n<title>Confus\u00e3o \u00e9 registrada em frente \u00e0 Biblioteca P\u00fablica - Agazeta.net<\/title>\n<meta name=\"robots\" content=\"index, follow, max-snippet:-1, max-image-preview:large, max-video-preview:-1\" \/>\n<link rel=\"canonical\" href=\"https:\/\/nk7-testes.com.br\/agazeta\/confusao-e-registrada-em-frente-a-biblioteca-publica\/\" \/>\n<meta property=\"og:locale\" content=\"pt_BR\" \/>\n<meta property=\"og:type\" content=\"article\" \/>\n<meta property=\"og:title\" content=\"Confus\u00e3o \u00e9 registrada em frente \u00e0 Biblioteca P\u00fablica - Agazeta.net\" \/>\n<meta property=\"og:description\" content=\"Quatro &nbsp;pessoas foram detidas pela pol\u00edcia\" \/>\n<meta property=\"og:url\" content=\"https:\/\/nk7-testes.com.br\/agazeta\/confusao-e-registrada-em-frente-a-biblioteca-publica\/\" \/>\n<meta property=\"og:site_name\" content=\"Agazeta.net\" \/>\n<meta property=\"article:published_time\" content=\"2017-01-18T18:10:29+00:00\" \/>\n<meta property=\"og:image\" content=\"https:\/\/nk7-testes.com.br\/agazeta\/wp-content\/uploads\/2017\/01\/180117-policia-confusao.jpg\" \/>\n\t<meta property=\"og:image:width\" content=\"458\" \/>\n\t<meta property=\"og:image:height\" content=\"340\" \/>\n\t<meta property=\"og:image:type\" content=\"image\/jpeg\" \/>\n<meta name=\"author\" content=\"Agazeta.Net\" \/>\n<meta name=\"twitter:card\" content=\"summary_large_image\" \/>\n<meta name=\"twitter:label1\" content=\"Escrito por\" \/>\n\t<meta name=\"twitter:data1\" content=\"Agazeta.Net\" \/>\n\t<meta name=\"twitter:label2\" content=\"Est. tempo de leitura\" \/>\n\t<meta name=\"twitter:data2\" content=\"2 minutos\" \/>\n<script type=\"application\/ld+json\" class=\"yoast-schema-graph\">{\"@context\":\"https:\/\/schema.org\",\"@graph\":[{\"@type\":\"WebPage\",\"@id\":\"https:\/\/nk7-testes.com.br\/agazeta\/confusao-e-registrada-em-frente-a-biblioteca-publica\/\",\"url\":\"https:\/\/nk7-testes.com.br\/agazeta\/confusao-e-registrada-em-frente-a-biblioteca-publica\/\",\"name\":\"Confus\u00e3o \u00e9 registrada em frente \u00e0 Biblioteca P\u00fablica - Agazeta.net\",\"isPartOf\":{\"@id\":\"https:\/\/nk7-testes.com.br\/agazeta\/#website\"},\"primaryImageOfPage\":{\"@id\":\"https:\/\/nk7-testes.com.br\/agazeta\/confusao-e-registrada-em-frente-a-biblioteca-publica\/#primaryimage\"},\"image\":{\"@id\":\"https:\/\/nk7-testes.com.br\/agazeta\/confusao-e-registrada-em-frente-a-biblioteca-publica\/#primaryimage\"},\"thumbnailUrl\":\"https:\/\/nk7-testes.com.br\/agazeta\/wp-content\/uploads\/2017\/01\/180117-policia-confusao.jpg\",\"datePublished\":\"2017-01-18T18:10:29+00:00\",\"author\":{\"@id\":\"https:\/\/nk7-testes.com.br\/agazeta\/#\/schema\/person\/ff6b39d54d6973bfc57f4140f659b23f\"},\"breadcrumb\":{\"@id\":\"https:\/\/nk7-testes.com.br\/agazeta\/confusao-e-registrada-em-frente-a-biblioteca-publica\/#breadcrumb\"},\"inLanguage\":\"pt-BR\",\"potentialAction\":[{\"@type\":\"ReadAction\",\"target\":[\"https:\/\/nk7-testes.com.br\/agazeta\/confusao-e-registrada-em-frente-a-biblioteca-publica\/\"]}]},{\"@type\":\"ImageObject\",\"inLanguage\":\"pt-BR\",\"@id\":\"https:\/\/nk7-testes.com.br\/agazeta\/confusao-e-registrada-em-frente-a-biblioteca-publica\/#primaryimage\",\"url\":\"https:\/\/nk7-testes.com.br\/agazeta\/wp-content\/uploads\/2017\/01\/180117-policia-confusao.jpg\",\"contentUrl\":\"https:\/\/nk7-testes.com.br\/agazeta\/wp-content\/uploads\/2017\/01\/180117-policia-confusao.jpg\",\"width\":458,\"height\":340,\"caption\":\"180117-policia-confusao\"},{\"@type\":\"BreadcrumbList\",\"@id\":\"https:\/\/nk7-testes.com.br\/agazeta\/confusao-e-registrada-em-frente-a-biblioteca-publica\/#breadcrumb\",\"itemListElement\":[{\"@type\":\"ListItem\",\"position\":1,\"name\":\"In\u00edcio\",\"item\":\"https:\/\/nk7-testes.com.br\/agazeta\/\"},{\"@type\":\"ListItem\",\"position\":2,\"name\":\"Confus\u00e3o \u00e9 registrada em frente \u00e0 Biblioteca P\u00fablica\"}]},{\"@type\":\"WebSite\",\"@id\":\"https:\/\/nk7-testes.com.br\/agazeta\/#website\",\"url\":\"https:\/\/nk7-testes.com.br\/agazeta\/\",\"name\":\"Agazeta.net\",\"description\":\"Agazeta.net - Not\u00edcias de Rio Branco\/AC\",\"potentialAction\":[{\"@type\":\"SearchAction\",\"target\":{\"@type\":\"EntryPoint\",\"urlTemplate\":\"https:\/\/nk7-testes.com.br\/agazeta\/?s={search_term_string}\"},\"query-input\":{\"@type\":\"PropertyValueSpecification\",\"valueRequired\":true,\"valueName\":\"search_term_string\"}}],\"inLanguage\":\"pt-BR\"},{\"@type\":\"Person\",\"@id\":\"https:\/\/nk7-testes.com.br\/agazeta\/#\/schema\/person\/ff6b39d54d6973bfc57f4140f659b23f\",\"name\":\"Agazeta.Net\",\"url\":\"https:\/\/nk7-testes.com.br\/agazeta\/author\/agazeta\/\"}]}<\/script>\n<!-- \/ Yoast SEO plugin. -->","yoast_head_json":{"title":"Confus\u00e3o \u00e9 registrada em frente \u00e0 Biblioteca P\u00fablica - Agazeta.net","robots":{"index":"index","follow":"follow","max-snippet":"max-snippet:-1","max-image-preview":"max-image-preview:large","max-video-preview":"max-video-preview:-1"},"canonical":"https:\/\/nk7-testes.com.br\/agazeta\/confusao-e-registrada-em-frente-a-biblioteca-publica\/","og_locale":"pt_BR","og_type":"article","og_title":"Confus\u00e3o \u00e9 registrada em frente \u00e0 Biblioteca P\u00fablica - Agazeta.net","og_description":"Quatro &nbsp;pessoas foram detidas pela pol\u00edcia","og_url":"https:\/\/nk7-testes.com.br\/agazeta\/confusao-e-registrada-em-frente-a-biblioteca-publica\/","og_site_name":"Agazeta.net","article_published_time":"2017-01-18T18:10:29+00:00","og_image":[{"width":458,"height":340,"url":"https:\/\/nk7-testes.com.br\/agazeta\/wp-content\/uploads\/2017\/01\/180117-policia-confusao.jpg","type":"image\/jpeg"}],"author":"Agazeta.Net","twitter_card":"summary_large_image","twitter_misc":{"Escrito por":"Agazeta.Net","Est. tempo de leitura":"2 minutos"},"schema":{"@context":"https:\/\/schema.org","@graph":[{"@type":"WebPage","@id":"https:\/\/nk7-testes.com.br\/agazeta\/confusao-e-registrada-em-frente-a-biblioteca-publica\/","url":"https:\/\/nk7-testes.com.br\/agazeta\/confusao-e-registrada-em-frente-a-biblioteca-publica\/","name":"Confus\u00e3o \u00e9 registrada em frente \u00e0 Biblioteca P\u00fablica - Agazeta.net","isPartOf":{"@id":"https:\/\/nk7-testes.com.br\/agazeta\/#website"},"primaryImageOfPage":{"@id":"https:\/\/nk7-testes.com.br\/agazeta\/confusao-e-registrada-em-frente-a-biblioteca-publica\/#primaryimage"},"image":{"@id":"https:\/\/nk7-testes.com.br\/agazeta\/confusao-e-registrada-em-frente-a-biblioteca-publica\/#primaryimage"},"thumbnailUrl":"https:\/\/nk7-testes.com.br\/agazeta\/wp-content\/uploads\/2017\/01\/180117-policia-confusao.jpg","datePublished":"2017-01-18T18:10:29+00:00","author":{"@id":"https:\/\/nk7-testes.com.br\/agazeta\/#\/schema\/person\/ff6b39d54d6973bfc57f4140f659b23f"},"breadcrumb":{"@id":"https:\/\/nk7-testes.com.br\/agazeta\/confusao-e-registrada-em-frente-a-biblioteca-publica\/#breadcrumb"},"inLanguage":"pt-BR","potentialAction":[{"@type":"ReadAction","target":["https:\/\/nk7-testes.com.br\/agazeta\/confusao-e-registrada-em-frente-a-biblioteca-publica\/"]}]},{"@type":"ImageObject","inLanguage":"pt-BR","@id":"https:\/\/nk7-testes.com.br\/agazeta\/confusao-e-registrada-em-frente-a-biblioteca-publica\/#primaryimage","url":"https:\/\/nk7-testes.com.br\/agazeta\/wp-content\/uploads\/2017\/01\/180117-policia-confusao.jpg","contentUrl":"https:\/\/nk7-testes.com.br\/agazeta\/wp-content\/uploads\/2017\/01\/180117-policia-confusao.jpg","width":458,"height":340,"caption":"180117-policia-confusao"},{"@type":"BreadcrumbList","@id":"https:\/\/nk7-testes.com.br\/agazeta\/confusao-e-registrada-em-frente-a-biblioteca-publica\/#breadcrumb","itemListElement":[{"@type":"ListItem","position":1,"name":"In\u00edcio","item":"https:\/\/nk7-testes.com.br\/agazeta\/"},{"@type":"ListItem","position":2,"name":"Confus\u00e3o \u00e9 registrada em frente \u00e0 Biblioteca P\u00fablica"}]},{"@type":"WebSite","@id":"https:\/\/nk7-testes.com.br\/agazeta\/#website","url":"https:\/\/nk7-testes.com.br\/agazeta\/","name":"Agazeta.net","description":"Agazeta.net - Not\u00edcias de Rio Branco\/AC","potentialAction":[{"@type":"SearchAction","target":{"@type":"EntryPoint","urlTemplate":"https:\/\/nk7-testes.com.br\/agazeta\/?s={search_term_string}"},"query-input":{"@type":"PropertyValueSpecification","valueRequired":true,"valueName":"search_term_string"}}],"inLanguage":"pt-BR"},{"@type":"Person","@id":"https:\/\/nk7-testes.com.br\/agazeta\/#\/schema\/person\/ff6b39d54d6973bfc57f4140f659b23f","name":"Agazeta.Net","url":"https:\/\/nk7-testes.com.br\/agazeta\/author\/agazeta\/"}]}},"_links":{"self":[{"href":"https:\/\/nk7-testes.com.br\/agazeta\/wp-json\/wp\/v2\/posts\/27520","targetHints":{"allow":["GET"]}}],"collection":[{"href":"https:\/\/nk7-testes.com.br\/agazeta\/wp-json\/wp\/v2\/posts"}],"about":[{"href":"https:\/\/nk7-testes.com.br\/agazeta\/wp-json\/wp\/v2\/types\/post"}],"author":[{"embeddable":true,"href":"https:\/\/nk7-testes.com.br\/agazeta\/wp-json\/wp\/v2\/users\/4"}],"replies":[{"embeddable":true,"href":"https:\/\/nk7-testes.com.br\/agazeta\/wp-json\/wp\/v2\/comments?post=27520"}],"version-history":[{"count":0,"href":"https:\/\/nk7-testes.com.br\/agazeta\/wp-json\/wp\/v2\/posts\/27520\/revisions"}],"wp:featuredmedia":[{"embeddable":true,"href":"https:\/\/nk7-testes.com.br\/agazeta\/wp-json\/wp\/v2\/media\/27519"}],"wp:attachment":[{"href":"https:\/\/nk7-testes.com.br\/agazeta\/wp-json\/wp\/v2\/media?parent=27520"}],"wp:term":[{"taxonomy":"category","embeddable":true,"href":"https:\/\/nk7-testes.com.br\/agazeta\/wp-json\/wp\/v2\/categories?post=27520"},{"taxonomy":"post_tag","embeddable":true,"href":"https:\/\/nk7-testes.com.br\/agazeta\/wp-json\/wp\/v2\/tags?post=27520"}],"curies":[{"name":"wp","href":"https:\/\/api.w.org\/{rel}","templated":true}]}}