{"id":27487,"date":"2017-01-17T14:07:06","date_gmt":"2017-01-17T14:07:06","guid":{"rendered":"https:\/\/abarevegan.com.br\/index.php\/2017\/01\/17\/homem-e-baleado-ao-tentar-furar-bloqueio-da-policia\/"},"modified":"2017-01-17T14:07:06","modified_gmt":"2017-01-17T14:07:06","slug":"homem-e-baleado-ao-tentar-furar-bloqueio-da-policia","status":"publish","type":"post","link":"https:\/\/nk7-testes.com.br\/agazeta\/homem-e-baleado-ao-tentar-furar-bloqueio-da-policia\/","title":{"rendered":"Homem \u00e9 baleado ao tentar furar bloqueio da pol\u00edcia"},"content":{"rendered":"<p style=\"text-align: justify;\">Weverton foi baleado na perna e no bra\u00e7o<\/p>\n<p style=\"text-align: justify;\">Weverton Oliveira da Silva, 26 anos, foi baleado na noite desta segunda-feira (16), ao tentar fugir da pol\u00edcia. Policiais Civis haviam ido em busca de Weverton por que teria um mandado em aberto pela pr\u00e1tica de roubo. O fato aconteceu na rua Campinas, bairro da Paz.<\/p>\n<p style=\"text-align: justify;\">De acordo com a pr\u00f3pria Pol\u00edcia Civil, eles foram dar cumprimento ao mandado e no momento em que pediram para que Weverton parasse ele furou o bloqueio e foi alvejado por alguns disparos de arma de fogo. Ele foi atingido na perna esquerda e no bra\u00e7o direito.<\/p>\n<p style=\"text-align: justify;\">O Servi\u00e7o M\u00f3vel de Urg\u00eancia foi acionado e encaminhou o baleado ao Pronto socorro da capital.<\/p>\n<p style=\"text-align: justify;\">Ap\u00f3s receber o atendimento m\u00e9dico, Weverton foi encaminhado \u00e0 Defla .<\/p>\n","protected":false},"excerpt":{"rendered":"<p style=\"text-align: justify;\">Weverton foi baleado na perna e no bra\u00e7o<\/p>\n","protected":false},"author":4,"featured_media":27486,"comment_status":"open","ping_status":"open","sticky":false,"template":"","format":"standard","meta":{"jnews-multi-image_gallery":[],"jnews_single_post":[],"jnews_primary_category":[],"jnews_social_meta":[],"jnews_review":[],"enable_review":"","type":"","name":"","summary":"","brand":"","sku":"","good":[],"bad":[],"score_override":"","override_value":"","rating":[],"price":[],"footnotes":""},"categories":[44],"tags":[],"class_list":["post-27487","post","type-post","status-publish","format-standard","has-post-thumbnail","hentry","category-policia"],"yoast_head":"<!-- This site is optimized with the Yoast SEO plugin v26.5 - https:\/\/yoast.com\/wordpress\/plugins\/seo\/ -->\n<title>Homem \u00e9 baleado ao tentar furar bloqueio da pol\u00edcia - Agazeta.net<\/title>\n<meta name=\"robots\" content=\"index, follow, max-snippet:-1, max-image-preview:large, max-video-preview:-1\" \/>\n<link rel=\"canonical\" href=\"https:\/\/nk7-testes.com.br\/agazeta\/homem-e-baleado-ao-tentar-furar-bloqueio-da-policia\/\" \/>\n<meta property=\"og:locale\" content=\"pt_BR\" \/>\n<meta property=\"og:type\" content=\"article\" \/>\n<meta property=\"og:title\" content=\"Homem \u00e9 baleado ao tentar furar bloqueio da pol\u00edcia - Agazeta.net\" \/>\n<meta property=\"og:description\" content=\"Weverton foi baleado na perna e no bra\u00e7o\" \/>\n<meta property=\"og:url\" content=\"https:\/\/nk7-testes.com.br\/agazeta\/homem-e-baleado-ao-tentar-furar-bloqueio-da-policia\/\" \/>\n<meta property=\"og:site_name\" content=\"Agazeta.net\" \/>\n<meta property=\"article:published_time\" content=\"2017-01-17T14:07:06+00:00\" \/>\n<meta property=\"og:image\" content=\"https:\/\/nk7-testes.com.br\/agazeta\/wp-content\/uploads\/2017\/01\/170117-policia-baleado-policia-civil.jpg\" \/>\n\t<meta property=\"og:image:width\" content=\"458\" \/>\n\t<meta property=\"og:image:height\" content=\"340\" \/>\n\t<meta property=\"og:image:type\" content=\"image\/jpeg\" \/>\n<meta name=\"author\" content=\"Agazeta.Net\" \/>\n<meta name=\"twitter:card\" content=\"summary_large_image\" \/>\n<meta name=\"twitter:label1\" content=\"Escrito por\" \/>\n\t<meta name=\"twitter:data1\" content=\"Agazeta.Net\" \/>\n\t<meta name=\"twitter:label2\" content=\"Est. tempo de leitura\" \/>\n\t<meta name=\"twitter:data2\" content=\"1 minuto\" \/>\n<script type=\"application\/ld+json\" class=\"yoast-schema-graph\">{\"@context\":\"https:\/\/schema.org\",\"@graph\":[{\"@type\":\"WebPage\",\"@id\":\"https:\/\/nk7-testes.com.br\/agazeta\/homem-e-baleado-ao-tentar-furar-bloqueio-da-policia\/\",\"url\":\"https:\/\/nk7-testes.com.br\/agazeta\/homem-e-baleado-ao-tentar-furar-bloqueio-da-policia\/\",\"name\":\"Homem \u00e9 baleado ao tentar furar bloqueio da pol\u00edcia - Agazeta.net\",\"isPartOf\":{\"@id\":\"https:\/\/nk7-testes.com.br\/agazeta\/#website\"},\"primaryImageOfPage\":{\"@id\":\"https:\/\/nk7-testes.com.br\/agazeta\/homem-e-baleado-ao-tentar-furar-bloqueio-da-policia\/#primaryimage\"},\"image\":{\"@id\":\"https:\/\/nk7-testes.com.br\/agazeta\/homem-e-baleado-ao-tentar-furar-bloqueio-da-policia\/#primaryimage\"},\"thumbnailUrl\":\"https:\/\/nk7-testes.com.br\/agazeta\/wp-content\/uploads\/2017\/01\/170117-policia-baleado-policia-civil.jpg\",\"datePublished\":\"2017-01-17T14:07:06+00:00\",\"author\":{\"@id\":\"https:\/\/nk7-testes.com.br\/agazeta\/#\/schema\/person\/ff6b39d54d6973bfc57f4140f659b23f\"},\"breadcrumb\":{\"@id\":\"https:\/\/nk7-testes.com.br\/agazeta\/homem-e-baleado-ao-tentar-furar-bloqueio-da-policia\/#breadcrumb\"},\"inLanguage\":\"pt-BR\",\"potentialAction\":[{\"@type\":\"ReadAction\",\"target\":[\"https:\/\/nk7-testes.com.br\/agazeta\/homem-e-baleado-ao-tentar-furar-bloqueio-da-policia\/\"]}]},{\"@type\":\"ImageObject\",\"inLanguage\":\"pt-BR\",\"@id\":\"https:\/\/nk7-testes.com.br\/agazeta\/homem-e-baleado-ao-tentar-furar-bloqueio-da-policia\/#primaryimage\",\"url\":\"https:\/\/nk7-testes.com.br\/agazeta\/wp-content\/uploads\/2017\/01\/170117-policia-baleado-policia-civil.jpg\",\"contentUrl\":\"https:\/\/nk7-testes.com.br\/agazeta\/wp-content\/uploads\/2017\/01\/170117-policia-baleado-policia-civil.jpg\",\"width\":458,\"height\":340,\"caption\":\"170117-policia-baleado-policia-civil\"},{\"@type\":\"BreadcrumbList\",\"@id\":\"https:\/\/nk7-testes.com.br\/agazeta\/homem-e-baleado-ao-tentar-furar-bloqueio-da-policia\/#breadcrumb\",\"itemListElement\":[{\"@type\":\"ListItem\",\"position\":1,\"name\":\"In\u00edcio\",\"item\":\"https:\/\/nk7-testes.com.br\/agazeta\/\"},{\"@type\":\"ListItem\",\"position\":2,\"name\":\"Homem \u00e9 baleado ao tentar furar bloqueio da pol\u00edcia\"}]},{\"@type\":\"WebSite\",\"@id\":\"https:\/\/nk7-testes.com.br\/agazeta\/#website\",\"url\":\"https:\/\/nk7-testes.com.br\/agazeta\/\",\"name\":\"Agazeta.net\",\"description\":\"Agazeta.net - Not\u00edcias de Rio Branco\/AC\",\"potentialAction\":[{\"@type\":\"SearchAction\",\"target\":{\"@type\":\"EntryPoint\",\"urlTemplate\":\"https:\/\/nk7-testes.com.br\/agazeta\/?s={search_term_string}\"},\"query-input\":{\"@type\":\"PropertyValueSpecification\",\"valueRequired\":true,\"valueName\":\"search_term_string\"}}],\"inLanguage\":\"pt-BR\"},{\"@type\":\"Person\",\"@id\":\"https:\/\/nk7-testes.com.br\/agazeta\/#\/schema\/person\/ff6b39d54d6973bfc57f4140f659b23f\",\"name\":\"Agazeta.Net\",\"url\":\"https:\/\/nk7-testes.com.br\/agazeta\/author\/agazeta\/\"}]}<\/script>\n<!-- \/ Yoast SEO plugin. -->","yoast_head_json":{"title":"Homem \u00e9 baleado ao tentar furar bloqueio da pol\u00edcia - Agazeta.net","robots":{"index":"index","follow":"follow","max-snippet":"max-snippet:-1","max-image-preview":"max-image-preview:large","max-video-preview":"max-video-preview:-1"},"canonical":"https:\/\/nk7-testes.com.br\/agazeta\/homem-e-baleado-ao-tentar-furar-bloqueio-da-policia\/","og_locale":"pt_BR","og_type":"article","og_title":"Homem \u00e9 baleado ao tentar furar bloqueio da pol\u00edcia - Agazeta.net","og_description":"Weverton foi baleado na perna e no bra\u00e7o","og_url":"https:\/\/nk7-testes.com.br\/agazeta\/homem-e-baleado-ao-tentar-furar-bloqueio-da-policia\/","og_site_name":"Agazeta.net","article_published_time":"2017-01-17T14:07:06+00:00","og_image":[{"width":458,"height":340,"url":"https:\/\/nk7-testes.com.br\/agazeta\/wp-content\/uploads\/2017\/01\/170117-policia-baleado-policia-civil.jpg","type":"image\/jpeg"}],"author":"Agazeta.Net","twitter_card":"summary_large_image","twitter_misc":{"Escrito por":"Agazeta.Net","Est. tempo de leitura":"1 minuto"},"schema":{"@context":"https:\/\/schema.org","@graph":[{"@type":"WebPage","@id":"https:\/\/nk7-testes.com.br\/agazeta\/homem-e-baleado-ao-tentar-furar-bloqueio-da-policia\/","url":"https:\/\/nk7-testes.com.br\/agazeta\/homem-e-baleado-ao-tentar-furar-bloqueio-da-policia\/","name":"Homem \u00e9 baleado ao tentar furar bloqueio da pol\u00edcia - Agazeta.net","isPartOf":{"@id":"https:\/\/nk7-testes.com.br\/agazeta\/#website"},"primaryImageOfPage":{"@id":"https:\/\/nk7-testes.com.br\/agazeta\/homem-e-baleado-ao-tentar-furar-bloqueio-da-policia\/#primaryimage"},"image":{"@id":"https:\/\/nk7-testes.com.br\/agazeta\/homem-e-baleado-ao-tentar-furar-bloqueio-da-policia\/#primaryimage"},"thumbnailUrl":"https:\/\/nk7-testes.com.br\/agazeta\/wp-content\/uploads\/2017\/01\/170117-policia-baleado-policia-civil.jpg","datePublished":"2017-01-17T14:07:06+00:00","author":{"@id":"https:\/\/nk7-testes.com.br\/agazeta\/#\/schema\/person\/ff6b39d54d6973bfc57f4140f659b23f"},"breadcrumb":{"@id":"https:\/\/nk7-testes.com.br\/agazeta\/homem-e-baleado-ao-tentar-furar-bloqueio-da-policia\/#breadcrumb"},"inLanguage":"pt-BR","potentialAction":[{"@type":"ReadAction","target":["https:\/\/nk7-testes.com.br\/agazeta\/homem-e-baleado-ao-tentar-furar-bloqueio-da-policia\/"]}]},{"@type":"ImageObject","inLanguage":"pt-BR","@id":"https:\/\/nk7-testes.com.br\/agazeta\/homem-e-baleado-ao-tentar-furar-bloqueio-da-policia\/#primaryimage","url":"https:\/\/nk7-testes.com.br\/agazeta\/wp-content\/uploads\/2017\/01\/170117-policia-baleado-policia-civil.jpg","contentUrl":"https:\/\/nk7-testes.com.br\/agazeta\/wp-content\/uploads\/2017\/01\/170117-policia-baleado-policia-civil.jpg","width":458,"height":340,"caption":"170117-policia-baleado-policia-civil"},{"@type":"BreadcrumbList","@id":"https:\/\/nk7-testes.com.br\/agazeta\/homem-e-baleado-ao-tentar-furar-bloqueio-da-policia\/#breadcrumb","itemListElement":[{"@type":"ListItem","position":1,"name":"In\u00edcio","item":"https:\/\/nk7-testes.com.br\/agazeta\/"},{"@type":"ListItem","position":2,"name":"Homem \u00e9 baleado ao tentar furar bloqueio da pol\u00edcia"}]},{"@type":"WebSite","@id":"https:\/\/nk7-testes.com.br\/agazeta\/#website","url":"https:\/\/nk7-testes.com.br\/agazeta\/","name":"Agazeta.net","description":"Agazeta.net - Not\u00edcias de Rio Branco\/AC","potentialAction":[{"@type":"SearchAction","target":{"@type":"EntryPoint","urlTemplate":"https:\/\/nk7-testes.com.br\/agazeta\/?s={search_term_string}"},"query-input":{"@type":"PropertyValueSpecification","valueRequired":true,"valueName":"search_term_string"}}],"inLanguage":"pt-BR"},{"@type":"Person","@id":"https:\/\/nk7-testes.com.br\/agazeta\/#\/schema\/person\/ff6b39d54d6973bfc57f4140f659b23f","name":"Agazeta.Net","url":"https:\/\/nk7-testes.com.br\/agazeta\/author\/agazeta\/"}]}},"_links":{"self":[{"href":"https:\/\/nk7-testes.com.br\/agazeta\/wp-json\/wp\/v2\/posts\/27487","targetHints":{"allow":["GET"]}}],"collection":[{"href":"https:\/\/nk7-testes.com.br\/agazeta\/wp-json\/wp\/v2\/posts"}],"about":[{"href":"https:\/\/nk7-testes.com.br\/agazeta\/wp-json\/wp\/v2\/types\/post"}],"author":[{"embeddable":true,"href":"https:\/\/nk7-testes.com.br\/agazeta\/wp-json\/wp\/v2\/users\/4"}],"replies":[{"embeddable":true,"href":"https:\/\/nk7-testes.com.br\/agazeta\/wp-json\/wp\/v2\/comments?post=27487"}],"version-history":[{"count":0,"href":"https:\/\/nk7-testes.com.br\/agazeta\/wp-json\/wp\/v2\/posts\/27487\/revisions"}],"wp:featuredmedia":[{"embeddable":true,"href":"https:\/\/nk7-testes.com.br\/agazeta\/wp-json\/wp\/v2\/media\/27486"}],"wp:attachment":[{"href":"https:\/\/nk7-testes.com.br\/agazeta\/wp-json\/wp\/v2\/media?parent=27487"}],"wp:term":[{"taxonomy":"category","embeddable":true,"href":"https:\/\/nk7-testes.com.br\/agazeta\/wp-json\/wp\/v2\/categories?post=27487"},{"taxonomy":"post_tag","embeddable":true,"href":"https:\/\/nk7-testes.com.br\/agazeta\/wp-json\/wp\/v2\/tags?post=27487"}],"curies":[{"name":"wp","href":"https:\/\/api.w.org\/{rel}","templated":true}]}}