{"id":27388,"date":"2017-01-11T15:34:23","date_gmt":"2017-01-11T15:34:23","guid":{"rendered":"https:\/\/abarevegan.com.br\/index.php\/2017\/01\/11\/homem-e-condenado-a-mais-de-24-anos-por-estupro-de-vulneravel\/"},"modified":"2017-01-11T15:34:23","modified_gmt":"2017-01-11T15:34:23","slug":"homem-e-condenado-a-mais-de-24-anos-por-estupro-de-vulneravel","status":"publish","type":"post","link":"https:\/\/nk7-testes.com.br\/agazeta\/homem-e-condenado-a-mais-de-24-anos-por-estupro-de-vulneravel\/","title":{"rendered":"Homem \u00e9 condenado a mais de 24 anos por estupro de vulner\u00e1vel"},"content":{"rendered":"<p style=\"text-align: justify;\">Senten\u00e7a foi proferida pela 2\u00aa Vara da Inf\u00e2ncia e Juventude<\/p>\n<p style=\"text-align: justify;\">O ju\u00edzo da 2\u00aa Vara da Inf\u00e2ncia e Juventude de Rio Branco julgou e condenou o r\u00e9u Raimundo Tertuliano a mais de 24 anos de reclus\u00e3o em regime inicial fechado pela pr\u00e1tica do crime de estupro de vulner\u00e1vel cometido contra tr\u00eas crian\u00e7as da mesma fam\u00edlia.<\/p>\n<p style=\"text-align: justify;\">De acordo com a senten\u00e7a, dispon\u00edvel no Di\u00e1rio da Justi\u00e7a Eletr\u00f4nico, o acusado \u201cabusava das crian\u00e7as no interior da pr\u00f3pria casa onde todos residiam, em pleno abuso da confian\u00e7a em si depositada, quando a av\u00f3 e tia das crian\u00e7as se banhavam ou se ausentavam de casa\u201d.<\/p>\n<p style=\"text-align: justify;\">Vale ressaltar que pr\u00e1ticas como essa trazem s\u00e9rias consequ\u00eancias \u00e0s v\u00edtimas, \u201cna medida que possam lhes causar desequil\u00edbrios psicol\u00f3gicos, emocionais e at\u00e9 comportamentais, o que vem aliado \u00e0 sexualidade precoce\u201d.<\/p>\n<p style=\"text-align: justify;\">Exerc\u00edcio de poder sobre as crian\u00e7as e a continuidade delitiva (repetida por in\u00fameras vezes contra as v\u00edtimas) foram importantes pontos analisados para a aplica\u00e7\u00e3o da pena de 24 anos, quatro meses e 15 dias. Al\u00e9m da reclus\u00e3o em regime fechado, o acusado tamb\u00e9m foi condenado ao pagamento de R$ 6.000,00 em favor de cada v\u00edtima \u201ca t\u00edtulo de repara\u00e7\u00e3o m\u00ednima decorrente dos danos morais causados pela infra\u00e7\u00e3o\u201d.<\/p>\n<p style=\"text-align: justify;\">Ainda de acordo com a decis\u00e3o, foi negado ao r\u00e9u o direito de recorrer em liberdade uma vez que \u00e9 necess\u00e1rio a garantia da ordem p\u00fablica, bem como a assegura\u00e7\u00e3o da aplica\u00e7\u00e3o da lei penal.<\/p>\n<p style=\"text-align: justify;\">Pedido negado<\/p>\n<p style=\"text-align: justify;\">A 1\u00aa Vara da Inf\u00e2ncia e Juventude negou pedido de revoga\u00e7\u00e3o da interna\u00e7\u00e3o provis\u00f3ria de um adolescente suspeito da pr\u00e1tica do ato infracional de estupro de vulner\u00e1vel.<\/p>\n<p style=\"text-align: justify;\">De acordo com a decis\u00e3o, o adolescente, que foi apreendido em sua resid\u00eancia pela suposta pr\u00e1tica do ato infracional de estupro de vulner\u00e1vel contra uma v\u00edtima de 11 anos de idade, n\u00e3o ter\u00e1 o pedido aceito pelo ju\u00edzo visto que al\u00e9m do suposto ato infracional, que ora \u00e9 imputado ao jovem, ser considerado grave, pois praticado mediante viol\u00eancia e grave amea\u00e7a, \u201cneste momento, a interna\u00e7\u00e3o provis\u00f3ria \u00e9 medida de imperiosa necessidade e absolutamente imprescind\u00edvel para a preserva\u00e7\u00e3o da ordem p\u00fablica e da credibilidade da Justi\u00e7a, sendo de imperiosa necessidade e urg\u00eancia\u201d.<\/p>\n","protected":false},"excerpt":{"rendered":"<p style=\"text-align: justify;\">Senten\u00e7a foi proferida pela 2\u00aa Vara da Inf\u00e2ncia e Juventude<\/p>\n","protected":false},"author":4,"featured_media":27387,"comment_status":"open","ping_status":"open","sticky":false,"template":"","format":"standard","meta":{"jnews-multi-image_gallery":[],"jnews_single_post":[],"jnews_primary_category":[],"jnews_social_meta":[],"jnews_review":[],"enable_review":"","type":"","name":"","summary":"","brand":"","sku":"","good":[],"bad":[],"score_override":"","override_value":"","rating":[],"price":[],"footnotes":""},"categories":[44],"tags":[],"class_list":["post-27388","post","type-post","status-publish","format-standard","has-post-thumbnail","hentry","category-policia"],"yoast_head":"<!-- This site is optimized with the Yoast SEO plugin v26.5 - https:\/\/yoast.com\/wordpress\/plugins\/seo\/ -->\n<title>Homem \u00e9 condenado a mais de 24 anos por estupro de vulner\u00e1vel - Agazeta.net<\/title>\n<meta name=\"robots\" content=\"index, follow, max-snippet:-1, max-image-preview:large, max-video-preview:-1\" \/>\n<link rel=\"canonical\" href=\"https:\/\/nk7-testes.com.br\/agazeta\/homem-e-condenado-a-mais-de-24-anos-por-estupro-de-vulneravel\/\" \/>\n<meta property=\"og:locale\" content=\"pt_BR\" \/>\n<meta property=\"og:type\" content=\"article\" \/>\n<meta property=\"og:title\" content=\"Homem \u00e9 condenado a mais de 24 anos por estupro de vulner\u00e1vel - Agazeta.net\" \/>\n<meta property=\"og:description\" content=\"Senten\u00e7a foi proferida pela 2\u00aa Vara da Inf\u00e2ncia e Juventude\" \/>\n<meta property=\"og:url\" content=\"https:\/\/nk7-testes.com.br\/agazeta\/homem-e-condenado-a-mais-de-24-anos-por-estupro-de-vulneravel\/\" \/>\n<meta property=\"og:site_name\" content=\"Agazeta.net\" \/>\n<meta property=\"article:published_time\" content=\"2017-01-11T15:34:23+00:00\" \/>\n<meta property=\"og:image\" content=\"https:\/\/nk7-testes.com.br\/agazeta\/wp-content\/uploads\/2017\/01\/110117-policia-condenados-estupro.jpg\" \/>\n\t<meta property=\"og:image:width\" content=\"458\" \/>\n\t<meta property=\"og:image:height\" content=\"340\" \/>\n\t<meta property=\"og:image:type\" content=\"image\/jpeg\" \/>\n<meta name=\"author\" content=\"Agazeta.Net\" \/>\n<meta name=\"twitter:card\" content=\"summary_large_image\" \/>\n<meta name=\"twitter:label1\" content=\"Escrito por\" \/>\n\t<meta name=\"twitter:data1\" content=\"Agazeta.Net\" \/>\n\t<meta name=\"twitter:label2\" content=\"Est. tempo de leitura\" \/>\n\t<meta name=\"twitter:data2\" content=\"2 minutos\" \/>\n<script type=\"application\/ld+json\" class=\"yoast-schema-graph\">{\"@context\":\"https:\/\/schema.org\",\"@graph\":[{\"@type\":\"WebPage\",\"@id\":\"https:\/\/nk7-testes.com.br\/agazeta\/homem-e-condenado-a-mais-de-24-anos-por-estupro-de-vulneravel\/\",\"url\":\"https:\/\/nk7-testes.com.br\/agazeta\/homem-e-condenado-a-mais-de-24-anos-por-estupro-de-vulneravel\/\",\"name\":\"Homem \u00e9 condenado a mais de 24 anos por estupro de vulner\u00e1vel - Agazeta.net\",\"isPartOf\":{\"@id\":\"https:\/\/nk7-testes.com.br\/agazeta\/#website\"},\"primaryImageOfPage\":{\"@id\":\"https:\/\/nk7-testes.com.br\/agazeta\/homem-e-condenado-a-mais-de-24-anos-por-estupro-de-vulneravel\/#primaryimage\"},\"image\":{\"@id\":\"https:\/\/nk7-testes.com.br\/agazeta\/homem-e-condenado-a-mais-de-24-anos-por-estupro-de-vulneravel\/#primaryimage\"},\"thumbnailUrl\":\"https:\/\/nk7-testes.com.br\/agazeta\/wp-content\/uploads\/2017\/01\/110117-policia-condenados-estupro.jpg\",\"datePublished\":\"2017-01-11T15:34:23+00:00\",\"author\":{\"@id\":\"https:\/\/nk7-testes.com.br\/agazeta\/#\/schema\/person\/ff6b39d54d6973bfc57f4140f659b23f\"},\"breadcrumb\":{\"@id\":\"https:\/\/nk7-testes.com.br\/agazeta\/homem-e-condenado-a-mais-de-24-anos-por-estupro-de-vulneravel\/#breadcrumb\"},\"inLanguage\":\"pt-BR\",\"potentialAction\":[{\"@type\":\"ReadAction\",\"target\":[\"https:\/\/nk7-testes.com.br\/agazeta\/homem-e-condenado-a-mais-de-24-anos-por-estupro-de-vulneravel\/\"]}]},{\"@type\":\"ImageObject\",\"inLanguage\":\"pt-BR\",\"@id\":\"https:\/\/nk7-testes.com.br\/agazeta\/homem-e-condenado-a-mais-de-24-anos-por-estupro-de-vulneravel\/#primaryimage\",\"url\":\"https:\/\/nk7-testes.com.br\/agazeta\/wp-content\/uploads\/2017\/01\/110117-policia-condenados-estupro.jpg\",\"contentUrl\":\"https:\/\/nk7-testes.com.br\/agazeta\/wp-content\/uploads\/2017\/01\/110117-policia-condenados-estupro.jpg\",\"width\":458,\"height\":340,\"caption\":\"110117-policia-condenados-estupro\"},{\"@type\":\"BreadcrumbList\",\"@id\":\"https:\/\/nk7-testes.com.br\/agazeta\/homem-e-condenado-a-mais-de-24-anos-por-estupro-de-vulneravel\/#breadcrumb\",\"itemListElement\":[{\"@type\":\"ListItem\",\"position\":1,\"name\":\"In\u00edcio\",\"item\":\"https:\/\/nk7-testes.com.br\/agazeta\/\"},{\"@type\":\"ListItem\",\"position\":2,\"name\":\"Homem \u00e9 condenado a mais de 24 anos por estupro de vulner\u00e1vel\"}]},{\"@type\":\"WebSite\",\"@id\":\"https:\/\/nk7-testes.com.br\/agazeta\/#website\",\"url\":\"https:\/\/nk7-testes.com.br\/agazeta\/\",\"name\":\"Agazeta.net\",\"description\":\"Agazeta.net - Not\u00edcias de Rio Branco\/AC\",\"potentialAction\":[{\"@type\":\"SearchAction\",\"target\":{\"@type\":\"EntryPoint\",\"urlTemplate\":\"https:\/\/nk7-testes.com.br\/agazeta\/?s={search_term_string}\"},\"query-input\":{\"@type\":\"PropertyValueSpecification\",\"valueRequired\":true,\"valueName\":\"search_term_string\"}}],\"inLanguage\":\"pt-BR\"},{\"@type\":\"Person\",\"@id\":\"https:\/\/nk7-testes.com.br\/agazeta\/#\/schema\/person\/ff6b39d54d6973bfc57f4140f659b23f\",\"name\":\"Agazeta.Net\",\"url\":\"https:\/\/nk7-testes.com.br\/agazeta\/author\/agazeta\/\"}]}<\/script>\n<!-- \/ Yoast SEO plugin. -->","yoast_head_json":{"title":"Homem \u00e9 condenado a mais de 24 anos por estupro de vulner\u00e1vel - Agazeta.net","robots":{"index":"index","follow":"follow","max-snippet":"max-snippet:-1","max-image-preview":"max-image-preview:large","max-video-preview":"max-video-preview:-1"},"canonical":"https:\/\/nk7-testes.com.br\/agazeta\/homem-e-condenado-a-mais-de-24-anos-por-estupro-de-vulneravel\/","og_locale":"pt_BR","og_type":"article","og_title":"Homem \u00e9 condenado a mais de 24 anos por estupro de vulner\u00e1vel - Agazeta.net","og_description":"Senten\u00e7a foi proferida pela 2\u00aa Vara da Inf\u00e2ncia e Juventude","og_url":"https:\/\/nk7-testes.com.br\/agazeta\/homem-e-condenado-a-mais-de-24-anos-por-estupro-de-vulneravel\/","og_site_name":"Agazeta.net","article_published_time":"2017-01-11T15:34:23+00:00","og_image":[{"width":458,"height":340,"url":"https:\/\/nk7-testes.com.br\/agazeta\/wp-content\/uploads\/2017\/01\/110117-policia-condenados-estupro.jpg","type":"image\/jpeg"}],"author":"Agazeta.Net","twitter_card":"summary_large_image","twitter_misc":{"Escrito por":"Agazeta.Net","Est. tempo de leitura":"2 minutos"},"schema":{"@context":"https:\/\/schema.org","@graph":[{"@type":"WebPage","@id":"https:\/\/nk7-testes.com.br\/agazeta\/homem-e-condenado-a-mais-de-24-anos-por-estupro-de-vulneravel\/","url":"https:\/\/nk7-testes.com.br\/agazeta\/homem-e-condenado-a-mais-de-24-anos-por-estupro-de-vulneravel\/","name":"Homem \u00e9 condenado a mais de 24 anos por estupro de vulner\u00e1vel - Agazeta.net","isPartOf":{"@id":"https:\/\/nk7-testes.com.br\/agazeta\/#website"},"primaryImageOfPage":{"@id":"https:\/\/nk7-testes.com.br\/agazeta\/homem-e-condenado-a-mais-de-24-anos-por-estupro-de-vulneravel\/#primaryimage"},"image":{"@id":"https:\/\/nk7-testes.com.br\/agazeta\/homem-e-condenado-a-mais-de-24-anos-por-estupro-de-vulneravel\/#primaryimage"},"thumbnailUrl":"https:\/\/nk7-testes.com.br\/agazeta\/wp-content\/uploads\/2017\/01\/110117-policia-condenados-estupro.jpg","datePublished":"2017-01-11T15:34:23+00:00","author":{"@id":"https:\/\/nk7-testes.com.br\/agazeta\/#\/schema\/person\/ff6b39d54d6973bfc57f4140f659b23f"},"breadcrumb":{"@id":"https:\/\/nk7-testes.com.br\/agazeta\/homem-e-condenado-a-mais-de-24-anos-por-estupro-de-vulneravel\/#breadcrumb"},"inLanguage":"pt-BR","potentialAction":[{"@type":"ReadAction","target":["https:\/\/nk7-testes.com.br\/agazeta\/homem-e-condenado-a-mais-de-24-anos-por-estupro-de-vulneravel\/"]}]},{"@type":"ImageObject","inLanguage":"pt-BR","@id":"https:\/\/nk7-testes.com.br\/agazeta\/homem-e-condenado-a-mais-de-24-anos-por-estupro-de-vulneravel\/#primaryimage","url":"https:\/\/nk7-testes.com.br\/agazeta\/wp-content\/uploads\/2017\/01\/110117-policia-condenados-estupro.jpg","contentUrl":"https:\/\/nk7-testes.com.br\/agazeta\/wp-content\/uploads\/2017\/01\/110117-policia-condenados-estupro.jpg","width":458,"height":340,"caption":"110117-policia-condenados-estupro"},{"@type":"BreadcrumbList","@id":"https:\/\/nk7-testes.com.br\/agazeta\/homem-e-condenado-a-mais-de-24-anos-por-estupro-de-vulneravel\/#breadcrumb","itemListElement":[{"@type":"ListItem","position":1,"name":"In\u00edcio","item":"https:\/\/nk7-testes.com.br\/agazeta\/"},{"@type":"ListItem","position":2,"name":"Homem \u00e9 condenado a mais de 24 anos por estupro de vulner\u00e1vel"}]},{"@type":"WebSite","@id":"https:\/\/nk7-testes.com.br\/agazeta\/#website","url":"https:\/\/nk7-testes.com.br\/agazeta\/","name":"Agazeta.net","description":"Agazeta.net - Not\u00edcias de Rio Branco\/AC","potentialAction":[{"@type":"SearchAction","target":{"@type":"EntryPoint","urlTemplate":"https:\/\/nk7-testes.com.br\/agazeta\/?s={search_term_string}"},"query-input":{"@type":"PropertyValueSpecification","valueRequired":true,"valueName":"search_term_string"}}],"inLanguage":"pt-BR"},{"@type":"Person","@id":"https:\/\/nk7-testes.com.br\/agazeta\/#\/schema\/person\/ff6b39d54d6973bfc57f4140f659b23f","name":"Agazeta.Net","url":"https:\/\/nk7-testes.com.br\/agazeta\/author\/agazeta\/"}]}},"_links":{"self":[{"href":"https:\/\/nk7-testes.com.br\/agazeta\/wp-json\/wp\/v2\/posts\/27388","targetHints":{"allow":["GET"]}}],"collection":[{"href":"https:\/\/nk7-testes.com.br\/agazeta\/wp-json\/wp\/v2\/posts"}],"about":[{"href":"https:\/\/nk7-testes.com.br\/agazeta\/wp-json\/wp\/v2\/types\/post"}],"author":[{"embeddable":true,"href":"https:\/\/nk7-testes.com.br\/agazeta\/wp-json\/wp\/v2\/users\/4"}],"replies":[{"embeddable":true,"href":"https:\/\/nk7-testes.com.br\/agazeta\/wp-json\/wp\/v2\/comments?post=27388"}],"version-history":[{"count":0,"href":"https:\/\/nk7-testes.com.br\/agazeta\/wp-json\/wp\/v2\/posts\/27388\/revisions"}],"wp:featuredmedia":[{"embeddable":true,"href":"https:\/\/nk7-testes.com.br\/agazeta\/wp-json\/wp\/v2\/media\/27387"}],"wp:attachment":[{"href":"https:\/\/nk7-testes.com.br\/agazeta\/wp-json\/wp\/v2\/media?parent=27388"}],"wp:term":[{"taxonomy":"category","embeddable":true,"href":"https:\/\/nk7-testes.com.br\/agazeta\/wp-json\/wp\/v2\/categories?post=27388"},{"taxonomy":"post_tag","embeddable":true,"href":"https:\/\/nk7-testes.com.br\/agazeta\/wp-json\/wp\/v2\/tags?post=27388"}],"curies":[{"name":"wp","href":"https:\/\/api.w.org\/{rel}","templated":true}]}}