{"id":27380,"date":"2017-01-11T14:16:44","date_gmt":"2017-01-11T14:16:44","guid":{"rendered":"https:\/\/abarevegan.com.br\/index.php\/2017\/01\/11\/policia-identificou-que-pistola-esta-no-nome-de-agente-penitenciario\/"},"modified":"2017-01-11T14:16:44","modified_gmt":"2017-01-11T14:16:44","slug":"policia-identificou-que-pistola-esta-no-nome-de-agente-penitenciario","status":"publish","type":"post","link":"https:\/\/nk7-testes.com.br\/agazeta\/policia-identificou-que-pistola-esta-no-nome-de-agente-penitenciario\/","title":{"rendered":"Pol\u00edcia identificou que pistola est\u00e1 no nome de agente penitenci\u00e1rio"},"content":{"rendered":"<p style=\"text-align: justify;\">Arma foi encontrada durante revista no pres\u00eddio<\/p>\n<p style=\"text-align: justify;\">O balan\u00e7o pr\u00e9vio de uma revista ocorrida nesta ter\u00e7a-feira (10) no Pres\u00eddio Francisco de Oliveira Conde \u00e9 de apreens\u00e3o de 8 celulares, mais de 70 estoques e 1 arma de fogo. Policiais civis e militares foram chamados para a a\u00e7\u00e3o ocorrida no Pavilh\u00e3o A da unidade, onde ficam presos do regime fechado.<\/p>\n<p style=\"text-align: justify;\">Segundo o diretor do Iapen, Martin Hessel, uma sindic\u00e2ncia vai apurar como a pistola com muni\u00e7\u00f5es intactas entraram no pres\u00eddio. \u201cNuma situa\u00e7\u00e3o espec\u00edfica conseguimos localizar essa arma de fogo que estava com 37 muni\u00e7\u00f5es. De imediato foi comunicado a Pol\u00edcia Civil, atrav\u00e9s do delegado que coordenava a Pol\u00edcia Civil na opera\u00e7\u00e3o. Imediatamente se iniciaram as investiga\u00e7\u00f5es. A gente espera que t\u00e3o logo localize, identifique o respons\u00e1vel por isso, possamos tomar as medidas adequadas\u201d, afirmou.<\/p>\n<p style=\"text-align: justify;\">A pistola estaria cadastrada no nome de um agente penitenci\u00e1rio.<\/p>\n<p style=\"text-align: justify;\">O clima \u00e9 tenso no pres\u00eddio da capital, diariamente policiais civis e militares refor\u00e7am a seguran\u00e7a. De acordo com o diretor do Iapen, a revista \u00e9 uma das a\u00e7\u00f5es preventivas para evitar investidas das fac\u00e7\u00f5es criminosas que em outros estados j\u00e1 terminaram com v\u00e1rias mortes de presos.<\/p>\n<p style=\"text-align: justify;\">\u201cA gente tem acompanhado Brasil afora a crise no sistema penitenci\u00e1rio, com exemplos de Amazonas e Roraima com mortes. Aqui no Acre a gente vem desde o ano passado, desde meados de setembro, refor\u00e7ando essa parte de seguran\u00e7a, fazendo revistas semanais, ordin\u00e1rias e conseguido retirar esses objetos il\u00edcitos, o que tem dificultado qualquer tipo de a\u00e7\u00e3o. Temos refor\u00e7ado a seguran\u00e7a com mais agentes penitenci\u00e1rios, mais policiais militares, refor\u00e7ando guaritas, temos feito rondas noturnas e diurnas\u201d, disse.<\/p>\n<p style=\"text-align: justify;\">Outra medida que deve impactar ainda mais o pres\u00eddio Francisco de Oliveira Conde \u00e9 a implanta\u00e7\u00e3o do servi\u00e7o de bloqueio de sinais radiocomunicadores. Por\u00e9m o governo ainda n\u00e3o tem previs\u00e3o de quando os bloqueadores de celulares ser\u00e3o instalados.<\/p>\n<p style=\"text-align: justify;\">De acordo com o Secret\u00e1rio de Seguran\u00e7a P\u00fablica, Emylson Farias, uma nova licita\u00e7\u00e3o foi aberta para contratar o servi\u00e7o. &#8220;Bloqueador passa por um processo licitat\u00f3rio. No ano passado foi lan\u00e7ado edital, a licita\u00e7\u00e3o deu deserta, nenhuma empresa se habilitou. Lan\u00e7amos nova licita\u00e7\u00e3o marcada para o dia 16 de janeiro, se nenhuma empresa se habilitar vamos fazer a compra direta atrav\u00e9s de preg\u00e3o eletr\u00f4nico&#8221;, afirmou.<\/p>\n","protected":false},"excerpt":{"rendered":"<p style=\"text-align: justify;\">Arma foi encontrada durante revista no pres\u00eddio<\/p>\n","protected":false},"author":4,"featured_media":27379,"comment_status":"open","ping_status":"open","sticky":false,"template":"","format":"standard","meta":{"jnews-multi-image_gallery":[],"jnews_single_post":[],"jnews_primary_category":[],"jnews_social_meta":[],"jnews_review":[],"enable_review":"","type":"","name":"","summary":"","brand":"","sku":"","good":[],"bad":[],"score_override":"","override_value":"","rating":[],"price":[],"footnotes":""},"categories":[44],"tags":[],"class_list":["post-27380","post","type-post","status-publish","format-standard","has-post-thumbnail","hentry","category-policia"],"yoast_head":"<!-- This site is optimized with the Yoast SEO plugin v26.5 - https:\/\/yoast.com\/wordpress\/plugins\/seo\/ -->\n<title>Pol\u00edcia identificou que pistola est\u00e1 no nome de agente penitenci\u00e1rio - Agazeta.net<\/title>\n<meta name=\"robots\" content=\"index, follow, max-snippet:-1, max-image-preview:large, max-video-preview:-1\" \/>\n<link rel=\"canonical\" href=\"https:\/\/nk7-testes.com.br\/agazeta\/policia-identificou-que-pistola-esta-no-nome-de-agente-penitenciario\/\" \/>\n<meta property=\"og:locale\" content=\"pt_BR\" \/>\n<meta property=\"og:type\" content=\"article\" \/>\n<meta property=\"og:title\" content=\"Pol\u00edcia identificou que pistola est\u00e1 no nome de agente penitenci\u00e1rio - Agazeta.net\" \/>\n<meta property=\"og:description\" content=\"Arma foi encontrada durante revista no pres\u00eddio\" \/>\n<meta property=\"og:url\" content=\"https:\/\/nk7-testes.com.br\/agazeta\/policia-identificou-que-pistola-esta-no-nome-de-agente-penitenciario\/\" \/>\n<meta property=\"og:site_name\" content=\"Agazeta.net\" \/>\n<meta property=\"article:published_time\" content=\"2017-01-11T14:16:44+00:00\" \/>\n<meta property=\"og:image\" content=\"https:\/\/nk7-testes.com.br\/agazeta\/wp-content\/uploads\/2017\/01\/110117-policia-arma-foc.jpg\" \/>\n\t<meta property=\"og:image:width\" content=\"458\" \/>\n\t<meta property=\"og:image:height\" content=\"340\" \/>\n\t<meta property=\"og:image:type\" content=\"image\/jpeg\" \/>\n<meta name=\"author\" content=\"Agazeta.Net\" \/>\n<meta name=\"twitter:card\" content=\"summary_large_image\" \/>\n<meta name=\"twitter:label1\" content=\"Escrito por\" \/>\n\t<meta name=\"twitter:data1\" content=\"Agazeta.Net\" \/>\n\t<meta name=\"twitter:label2\" content=\"Est. tempo de leitura\" \/>\n\t<meta name=\"twitter:data2\" content=\"2 minutos\" \/>\n<script type=\"application\/ld+json\" class=\"yoast-schema-graph\">{\"@context\":\"https:\/\/schema.org\",\"@graph\":[{\"@type\":\"WebPage\",\"@id\":\"https:\/\/nk7-testes.com.br\/agazeta\/policia-identificou-que-pistola-esta-no-nome-de-agente-penitenciario\/\",\"url\":\"https:\/\/nk7-testes.com.br\/agazeta\/policia-identificou-que-pistola-esta-no-nome-de-agente-penitenciario\/\",\"name\":\"Pol\u00edcia identificou que pistola est\u00e1 no nome de agente penitenci\u00e1rio - Agazeta.net\",\"isPartOf\":{\"@id\":\"https:\/\/nk7-testes.com.br\/agazeta\/#website\"},\"primaryImageOfPage\":{\"@id\":\"https:\/\/nk7-testes.com.br\/agazeta\/policia-identificou-que-pistola-esta-no-nome-de-agente-penitenciario\/#primaryimage\"},\"image\":{\"@id\":\"https:\/\/nk7-testes.com.br\/agazeta\/policia-identificou-que-pistola-esta-no-nome-de-agente-penitenciario\/#primaryimage\"},\"thumbnailUrl\":\"https:\/\/nk7-testes.com.br\/agazeta\/wp-content\/uploads\/2017\/01\/110117-policia-arma-foc.jpg\",\"datePublished\":\"2017-01-11T14:16:44+00:00\",\"author\":{\"@id\":\"https:\/\/nk7-testes.com.br\/agazeta\/#\/schema\/person\/ff6b39d54d6973bfc57f4140f659b23f\"},\"breadcrumb\":{\"@id\":\"https:\/\/nk7-testes.com.br\/agazeta\/policia-identificou-que-pistola-esta-no-nome-de-agente-penitenciario\/#breadcrumb\"},\"inLanguage\":\"pt-BR\",\"potentialAction\":[{\"@type\":\"ReadAction\",\"target\":[\"https:\/\/nk7-testes.com.br\/agazeta\/policia-identificou-que-pistola-esta-no-nome-de-agente-penitenciario\/\"]}]},{\"@type\":\"ImageObject\",\"inLanguage\":\"pt-BR\",\"@id\":\"https:\/\/nk7-testes.com.br\/agazeta\/policia-identificou-que-pistola-esta-no-nome-de-agente-penitenciario\/#primaryimage\",\"url\":\"https:\/\/nk7-testes.com.br\/agazeta\/wp-content\/uploads\/2017\/01\/110117-policia-arma-foc.jpg\",\"contentUrl\":\"https:\/\/nk7-testes.com.br\/agazeta\/wp-content\/uploads\/2017\/01\/110117-policia-arma-foc.jpg\",\"width\":458,\"height\":340,\"caption\":\"110117-policia-arma-foc\"},{\"@type\":\"BreadcrumbList\",\"@id\":\"https:\/\/nk7-testes.com.br\/agazeta\/policia-identificou-que-pistola-esta-no-nome-de-agente-penitenciario\/#breadcrumb\",\"itemListElement\":[{\"@type\":\"ListItem\",\"position\":1,\"name\":\"In\u00edcio\",\"item\":\"https:\/\/nk7-testes.com.br\/agazeta\/\"},{\"@type\":\"ListItem\",\"position\":2,\"name\":\"Pol\u00edcia identificou que pistola est\u00e1 no nome de agente penitenci\u00e1rio\"}]},{\"@type\":\"WebSite\",\"@id\":\"https:\/\/nk7-testes.com.br\/agazeta\/#website\",\"url\":\"https:\/\/nk7-testes.com.br\/agazeta\/\",\"name\":\"Agazeta.net\",\"description\":\"Agazeta.net - Not\u00edcias de Rio Branco\/AC\",\"potentialAction\":[{\"@type\":\"SearchAction\",\"target\":{\"@type\":\"EntryPoint\",\"urlTemplate\":\"https:\/\/nk7-testes.com.br\/agazeta\/?s={search_term_string}\"},\"query-input\":{\"@type\":\"PropertyValueSpecification\",\"valueRequired\":true,\"valueName\":\"search_term_string\"}}],\"inLanguage\":\"pt-BR\"},{\"@type\":\"Person\",\"@id\":\"https:\/\/nk7-testes.com.br\/agazeta\/#\/schema\/person\/ff6b39d54d6973bfc57f4140f659b23f\",\"name\":\"Agazeta.Net\",\"url\":\"https:\/\/nk7-testes.com.br\/agazeta\/author\/agazeta\/\"}]}<\/script>\n<!-- \/ Yoast SEO plugin. -->","yoast_head_json":{"title":"Pol\u00edcia identificou que pistola est\u00e1 no nome de agente penitenci\u00e1rio - Agazeta.net","robots":{"index":"index","follow":"follow","max-snippet":"max-snippet:-1","max-image-preview":"max-image-preview:large","max-video-preview":"max-video-preview:-1"},"canonical":"https:\/\/nk7-testes.com.br\/agazeta\/policia-identificou-que-pistola-esta-no-nome-de-agente-penitenciario\/","og_locale":"pt_BR","og_type":"article","og_title":"Pol\u00edcia identificou que pistola est\u00e1 no nome de agente penitenci\u00e1rio - Agazeta.net","og_description":"Arma foi encontrada durante revista no pres\u00eddio","og_url":"https:\/\/nk7-testes.com.br\/agazeta\/policia-identificou-que-pistola-esta-no-nome-de-agente-penitenciario\/","og_site_name":"Agazeta.net","article_published_time":"2017-01-11T14:16:44+00:00","og_image":[{"width":458,"height":340,"url":"https:\/\/nk7-testes.com.br\/agazeta\/wp-content\/uploads\/2017\/01\/110117-policia-arma-foc.jpg","type":"image\/jpeg"}],"author":"Agazeta.Net","twitter_card":"summary_large_image","twitter_misc":{"Escrito por":"Agazeta.Net","Est. tempo de leitura":"2 minutos"},"schema":{"@context":"https:\/\/schema.org","@graph":[{"@type":"WebPage","@id":"https:\/\/nk7-testes.com.br\/agazeta\/policia-identificou-que-pistola-esta-no-nome-de-agente-penitenciario\/","url":"https:\/\/nk7-testes.com.br\/agazeta\/policia-identificou-que-pistola-esta-no-nome-de-agente-penitenciario\/","name":"Pol\u00edcia identificou que pistola est\u00e1 no nome de agente penitenci\u00e1rio - Agazeta.net","isPartOf":{"@id":"https:\/\/nk7-testes.com.br\/agazeta\/#website"},"primaryImageOfPage":{"@id":"https:\/\/nk7-testes.com.br\/agazeta\/policia-identificou-que-pistola-esta-no-nome-de-agente-penitenciario\/#primaryimage"},"image":{"@id":"https:\/\/nk7-testes.com.br\/agazeta\/policia-identificou-que-pistola-esta-no-nome-de-agente-penitenciario\/#primaryimage"},"thumbnailUrl":"https:\/\/nk7-testes.com.br\/agazeta\/wp-content\/uploads\/2017\/01\/110117-policia-arma-foc.jpg","datePublished":"2017-01-11T14:16:44+00:00","author":{"@id":"https:\/\/nk7-testes.com.br\/agazeta\/#\/schema\/person\/ff6b39d54d6973bfc57f4140f659b23f"},"breadcrumb":{"@id":"https:\/\/nk7-testes.com.br\/agazeta\/policia-identificou-que-pistola-esta-no-nome-de-agente-penitenciario\/#breadcrumb"},"inLanguage":"pt-BR","potentialAction":[{"@type":"ReadAction","target":["https:\/\/nk7-testes.com.br\/agazeta\/policia-identificou-que-pistola-esta-no-nome-de-agente-penitenciario\/"]}]},{"@type":"ImageObject","inLanguage":"pt-BR","@id":"https:\/\/nk7-testes.com.br\/agazeta\/policia-identificou-que-pistola-esta-no-nome-de-agente-penitenciario\/#primaryimage","url":"https:\/\/nk7-testes.com.br\/agazeta\/wp-content\/uploads\/2017\/01\/110117-policia-arma-foc.jpg","contentUrl":"https:\/\/nk7-testes.com.br\/agazeta\/wp-content\/uploads\/2017\/01\/110117-policia-arma-foc.jpg","width":458,"height":340,"caption":"110117-policia-arma-foc"},{"@type":"BreadcrumbList","@id":"https:\/\/nk7-testes.com.br\/agazeta\/policia-identificou-que-pistola-esta-no-nome-de-agente-penitenciario\/#breadcrumb","itemListElement":[{"@type":"ListItem","position":1,"name":"In\u00edcio","item":"https:\/\/nk7-testes.com.br\/agazeta\/"},{"@type":"ListItem","position":2,"name":"Pol\u00edcia identificou que pistola est\u00e1 no nome de agente penitenci\u00e1rio"}]},{"@type":"WebSite","@id":"https:\/\/nk7-testes.com.br\/agazeta\/#website","url":"https:\/\/nk7-testes.com.br\/agazeta\/","name":"Agazeta.net","description":"Agazeta.net - Not\u00edcias de Rio Branco\/AC","potentialAction":[{"@type":"SearchAction","target":{"@type":"EntryPoint","urlTemplate":"https:\/\/nk7-testes.com.br\/agazeta\/?s={search_term_string}"},"query-input":{"@type":"PropertyValueSpecification","valueRequired":true,"valueName":"search_term_string"}}],"inLanguage":"pt-BR"},{"@type":"Person","@id":"https:\/\/nk7-testes.com.br\/agazeta\/#\/schema\/person\/ff6b39d54d6973bfc57f4140f659b23f","name":"Agazeta.Net","url":"https:\/\/nk7-testes.com.br\/agazeta\/author\/agazeta\/"}]}},"_links":{"self":[{"href":"https:\/\/nk7-testes.com.br\/agazeta\/wp-json\/wp\/v2\/posts\/27380","targetHints":{"allow":["GET"]}}],"collection":[{"href":"https:\/\/nk7-testes.com.br\/agazeta\/wp-json\/wp\/v2\/posts"}],"about":[{"href":"https:\/\/nk7-testes.com.br\/agazeta\/wp-json\/wp\/v2\/types\/post"}],"author":[{"embeddable":true,"href":"https:\/\/nk7-testes.com.br\/agazeta\/wp-json\/wp\/v2\/users\/4"}],"replies":[{"embeddable":true,"href":"https:\/\/nk7-testes.com.br\/agazeta\/wp-json\/wp\/v2\/comments?post=27380"}],"version-history":[{"count":0,"href":"https:\/\/nk7-testes.com.br\/agazeta\/wp-json\/wp\/v2\/posts\/27380\/revisions"}],"wp:featuredmedia":[{"embeddable":true,"href":"https:\/\/nk7-testes.com.br\/agazeta\/wp-json\/wp\/v2\/media\/27379"}],"wp:attachment":[{"href":"https:\/\/nk7-testes.com.br\/agazeta\/wp-json\/wp\/v2\/media?parent=27380"}],"wp:term":[{"taxonomy":"category","embeddable":true,"href":"https:\/\/nk7-testes.com.br\/agazeta\/wp-json\/wp\/v2\/categories?post=27380"},{"taxonomy":"post_tag","embeddable":true,"href":"https:\/\/nk7-testes.com.br\/agazeta\/wp-json\/wp\/v2\/tags?post=27380"}],"curies":[{"name":"wp","href":"https:\/\/api.w.org\/{rel}","templated":true}]}}