{"id":27368,"date":"2017-01-10T20:28:19","date_gmt":"2017-01-10T20:28:19","guid":{"rendered":"https:\/\/abarevegan.com.br\/index.php\/2017\/01\/10\/iml-registra-10-entradas-de-corpos-de-vitimas-de-assassinato\/"},"modified":"2017-01-10T20:28:19","modified_gmt":"2017-01-10T20:28:19","slug":"iml-registra-10-entradas-de-corpos-de-vitimas-de-assassinato","status":"publish","type":"post","link":"https:\/\/nk7-testes.com.br\/agazeta\/iml-registra-10-entradas-de-corpos-de-vitimas-de-assassinato\/","title":{"rendered":"IML registra 10 entradas de corpos de v\u00edtimas de assassinato"},"content":{"rendered":"<p style=\"text-align: justify;\">Registro \u00e9 referente aos 10 primeiros dias de 2017<\/p>\n<p style=\"text-align: justify;\">Nos primeiros 10 dias do ano de 2017 foram registrados cerca de 18 assassinatos no Acre. Nos casos as v\u00edtimas foram mortas por arma de fogo ou arma branca.<\/p>\n<p style=\"text-align: justify;\">Desde o dia 1\u00b0 deste m\u00eas o n\u00famero de obitu\u00e1rio do estado s\u00f3 vem crescendo, no sistema Instituto M\u00e9dico Legal da capital 10 registros de entradas de corpos de v\u00edtimas de assassinato.<\/p>\n<p style=\"text-align: justify;\">Na maioria dos casos a pol\u00edcia acredita que os casos tenham liga\u00e7\u00f5es com organiza\u00e7\u00f5es criminosas.<\/p>\n<p style=\"text-align: justify;\">O primeiro corpo a dar entrada no IML foi o de Genilson de Lima Escobar, 32 anos, morto a facadas em Senador Guiomard. De l\u00e1 para c\u00e1 os homic\u00eddios n\u00e3o pararam sendo registrado pelo um \u00f3bito por dia.<\/p>\n<p style=\"text-align: justify;\">Veja lista de mortos de acordo com dados do sistema do IML:<\/p>\n<p style=\"text-align: justify;\">Auric\u00e9lio de Oliveira, 32, morto dia 2, por arma branca em Acrel\u00e2ndia; Jos\u00e9 Reginaldo Tavares, 37, dia 2, morto a facadas dentro do Pres\u00eddio Francisco de Oliveira Conde; No dia 3, ambos assassinados a tiros, Geovane Fran\u00e7a, 22, no bairro Esta\u00e7\u00e3o Experimental e Cleonaldo Barboza, em Cruzeiro do Sul; Emerson Camur\u00e7a, 30, morto a tiros, na Estrada da Sobral, no dia 4; Arquineldo Bezerra, 36, ferimento por arma de fogo, bairro da Pista, no dia 6; O adolescente Iranilson Ferreira, 17 anos, morto a facadas no bairro Miritizal no dia 8; E mais dois mortos nesta segunda (dia 9) ambos a tiros, Mateus Silva de Andrade, 18, no bairro Pl\u00e1cido de Castro e Jos\u00e9 da Cruz, 42, no ramal do Panorama.<\/p>\n<p style=\"text-align: justify;\">Outros 8 homic\u00eddios foram registrados, mas a entrada dos corpos no IML n\u00e3o foi lan\u00e7ada no sistema.<\/p>\n","protected":false},"excerpt":{"rendered":"<p style=\"text-align: justify;\">Registro \u00e9 referente aos 10 primeiros dias de 2017<\/p>\n","protected":false},"author":4,"featured_media":27367,"comment_status":"open","ping_status":"open","sticky":false,"template":"","format":"standard","meta":{"jnews-multi-image_gallery":[],"jnews_single_post":[],"jnews_primary_category":[],"jnews_social_meta":[],"jnews_review":[],"enable_review":"","type":"","name":"","summary":"","brand":"","sku":"","good":[],"bad":[],"score_override":"","override_value":"","rating":[],"price":[],"footnotes":""},"categories":[44],"tags":[],"class_list":["post-27368","post","type-post","status-publish","format-standard","has-post-thumbnail","hentry","category-policia"],"yoast_head":"<!-- This site is optimized with the Yoast SEO plugin v26.5 - https:\/\/yoast.com\/wordpress\/plugins\/seo\/ -->\n<title>IML registra 10 entradas de corpos de v\u00edtimas de assassinato - Agazeta.net<\/title>\n<meta name=\"robots\" content=\"index, follow, max-snippet:-1, max-image-preview:large, max-video-preview:-1\" \/>\n<link rel=\"canonical\" href=\"https:\/\/nk7-testes.com.br\/agazeta\/iml-registra-10-entradas-de-corpos-de-vitimas-de-assassinato\/\" \/>\n<meta property=\"og:locale\" content=\"pt_BR\" \/>\n<meta property=\"og:type\" content=\"article\" \/>\n<meta property=\"og:title\" content=\"IML registra 10 entradas de corpos de v\u00edtimas de assassinato - Agazeta.net\" \/>\n<meta property=\"og:description\" content=\"Registro \u00e9 referente aos 10 primeiros dias de 2017\" \/>\n<meta property=\"og:url\" content=\"https:\/\/nk7-testes.com.br\/agazeta\/iml-registra-10-entradas-de-corpos-de-vitimas-de-assassinato\/\" \/>\n<meta property=\"og:site_name\" content=\"Agazeta.net\" \/>\n<meta property=\"article:published_time\" content=\"2017-01-10T20:28:19+00:00\" \/>\n<meta property=\"og:image\" content=\"https:\/\/nk7-testes.com.br\/agazeta\/wp-content\/uploads\/2017\/01\/100117-policia-10corpos-iml.jpg\" \/>\n\t<meta property=\"og:image:width\" content=\"458\" \/>\n\t<meta property=\"og:image:height\" content=\"340\" \/>\n\t<meta property=\"og:image:type\" content=\"image\/jpeg\" \/>\n<meta name=\"author\" content=\"Agazeta.Net\" \/>\n<meta name=\"twitter:card\" content=\"summary_large_image\" \/>\n<meta name=\"twitter:label1\" content=\"Escrito por\" \/>\n\t<meta name=\"twitter:data1\" content=\"Agazeta.Net\" \/>\n\t<meta name=\"twitter:label2\" content=\"Est. tempo de leitura\" \/>\n\t<meta name=\"twitter:data2\" content=\"1 minuto\" \/>\n<script type=\"application\/ld+json\" class=\"yoast-schema-graph\">{\"@context\":\"https:\/\/schema.org\",\"@graph\":[{\"@type\":\"WebPage\",\"@id\":\"https:\/\/nk7-testes.com.br\/agazeta\/iml-registra-10-entradas-de-corpos-de-vitimas-de-assassinato\/\",\"url\":\"https:\/\/nk7-testes.com.br\/agazeta\/iml-registra-10-entradas-de-corpos-de-vitimas-de-assassinato\/\",\"name\":\"IML registra 10 entradas de corpos de v\u00edtimas de assassinato - Agazeta.net\",\"isPartOf\":{\"@id\":\"https:\/\/nk7-testes.com.br\/agazeta\/#website\"},\"primaryImageOfPage\":{\"@id\":\"https:\/\/nk7-testes.com.br\/agazeta\/iml-registra-10-entradas-de-corpos-de-vitimas-de-assassinato\/#primaryimage\"},\"image\":{\"@id\":\"https:\/\/nk7-testes.com.br\/agazeta\/iml-registra-10-entradas-de-corpos-de-vitimas-de-assassinato\/#primaryimage\"},\"thumbnailUrl\":\"https:\/\/nk7-testes.com.br\/agazeta\/wp-content\/uploads\/2017\/01\/100117-policia-10corpos-iml.jpg\",\"datePublished\":\"2017-01-10T20:28:19+00:00\",\"author\":{\"@id\":\"https:\/\/nk7-testes.com.br\/agazeta\/#\/schema\/person\/ff6b39d54d6973bfc57f4140f659b23f\"},\"breadcrumb\":{\"@id\":\"https:\/\/nk7-testes.com.br\/agazeta\/iml-registra-10-entradas-de-corpos-de-vitimas-de-assassinato\/#breadcrumb\"},\"inLanguage\":\"pt-BR\",\"potentialAction\":[{\"@type\":\"ReadAction\",\"target\":[\"https:\/\/nk7-testes.com.br\/agazeta\/iml-registra-10-entradas-de-corpos-de-vitimas-de-assassinato\/\"]}]},{\"@type\":\"ImageObject\",\"inLanguage\":\"pt-BR\",\"@id\":\"https:\/\/nk7-testes.com.br\/agazeta\/iml-registra-10-entradas-de-corpos-de-vitimas-de-assassinato\/#primaryimage\",\"url\":\"https:\/\/nk7-testes.com.br\/agazeta\/wp-content\/uploads\/2017\/01\/100117-policia-10corpos-iml.jpg\",\"contentUrl\":\"https:\/\/nk7-testes.com.br\/agazeta\/wp-content\/uploads\/2017\/01\/100117-policia-10corpos-iml.jpg\",\"width\":458,\"height\":340,\"caption\":\"100117-policia-10corpos-iml\"},{\"@type\":\"BreadcrumbList\",\"@id\":\"https:\/\/nk7-testes.com.br\/agazeta\/iml-registra-10-entradas-de-corpos-de-vitimas-de-assassinato\/#breadcrumb\",\"itemListElement\":[{\"@type\":\"ListItem\",\"position\":1,\"name\":\"In\u00edcio\",\"item\":\"https:\/\/nk7-testes.com.br\/agazeta\/\"},{\"@type\":\"ListItem\",\"position\":2,\"name\":\"IML registra 10 entradas de corpos de v\u00edtimas de assassinato\"}]},{\"@type\":\"WebSite\",\"@id\":\"https:\/\/nk7-testes.com.br\/agazeta\/#website\",\"url\":\"https:\/\/nk7-testes.com.br\/agazeta\/\",\"name\":\"Agazeta.net\",\"description\":\"Agazeta.net - Not\u00edcias de Rio Branco\/AC\",\"potentialAction\":[{\"@type\":\"SearchAction\",\"target\":{\"@type\":\"EntryPoint\",\"urlTemplate\":\"https:\/\/nk7-testes.com.br\/agazeta\/?s={search_term_string}\"},\"query-input\":{\"@type\":\"PropertyValueSpecification\",\"valueRequired\":true,\"valueName\":\"search_term_string\"}}],\"inLanguage\":\"pt-BR\"},{\"@type\":\"Person\",\"@id\":\"https:\/\/nk7-testes.com.br\/agazeta\/#\/schema\/person\/ff6b39d54d6973bfc57f4140f659b23f\",\"name\":\"Agazeta.Net\",\"url\":\"https:\/\/nk7-testes.com.br\/agazeta\/author\/agazeta\/\"}]}<\/script>\n<!-- \/ Yoast SEO plugin. -->","yoast_head_json":{"title":"IML registra 10 entradas de corpos de v\u00edtimas de assassinato - Agazeta.net","robots":{"index":"index","follow":"follow","max-snippet":"max-snippet:-1","max-image-preview":"max-image-preview:large","max-video-preview":"max-video-preview:-1"},"canonical":"https:\/\/nk7-testes.com.br\/agazeta\/iml-registra-10-entradas-de-corpos-de-vitimas-de-assassinato\/","og_locale":"pt_BR","og_type":"article","og_title":"IML registra 10 entradas de corpos de v\u00edtimas de assassinato - Agazeta.net","og_description":"Registro \u00e9 referente aos 10 primeiros dias de 2017","og_url":"https:\/\/nk7-testes.com.br\/agazeta\/iml-registra-10-entradas-de-corpos-de-vitimas-de-assassinato\/","og_site_name":"Agazeta.net","article_published_time":"2017-01-10T20:28:19+00:00","og_image":[{"width":458,"height":340,"url":"https:\/\/nk7-testes.com.br\/agazeta\/wp-content\/uploads\/2017\/01\/100117-policia-10corpos-iml.jpg","type":"image\/jpeg"}],"author":"Agazeta.Net","twitter_card":"summary_large_image","twitter_misc":{"Escrito por":"Agazeta.Net","Est. tempo de leitura":"1 minuto"},"schema":{"@context":"https:\/\/schema.org","@graph":[{"@type":"WebPage","@id":"https:\/\/nk7-testes.com.br\/agazeta\/iml-registra-10-entradas-de-corpos-de-vitimas-de-assassinato\/","url":"https:\/\/nk7-testes.com.br\/agazeta\/iml-registra-10-entradas-de-corpos-de-vitimas-de-assassinato\/","name":"IML registra 10 entradas de corpos de v\u00edtimas de assassinato - Agazeta.net","isPartOf":{"@id":"https:\/\/nk7-testes.com.br\/agazeta\/#website"},"primaryImageOfPage":{"@id":"https:\/\/nk7-testes.com.br\/agazeta\/iml-registra-10-entradas-de-corpos-de-vitimas-de-assassinato\/#primaryimage"},"image":{"@id":"https:\/\/nk7-testes.com.br\/agazeta\/iml-registra-10-entradas-de-corpos-de-vitimas-de-assassinato\/#primaryimage"},"thumbnailUrl":"https:\/\/nk7-testes.com.br\/agazeta\/wp-content\/uploads\/2017\/01\/100117-policia-10corpos-iml.jpg","datePublished":"2017-01-10T20:28:19+00:00","author":{"@id":"https:\/\/nk7-testes.com.br\/agazeta\/#\/schema\/person\/ff6b39d54d6973bfc57f4140f659b23f"},"breadcrumb":{"@id":"https:\/\/nk7-testes.com.br\/agazeta\/iml-registra-10-entradas-de-corpos-de-vitimas-de-assassinato\/#breadcrumb"},"inLanguage":"pt-BR","potentialAction":[{"@type":"ReadAction","target":["https:\/\/nk7-testes.com.br\/agazeta\/iml-registra-10-entradas-de-corpos-de-vitimas-de-assassinato\/"]}]},{"@type":"ImageObject","inLanguage":"pt-BR","@id":"https:\/\/nk7-testes.com.br\/agazeta\/iml-registra-10-entradas-de-corpos-de-vitimas-de-assassinato\/#primaryimage","url":"https:\/\/nk7-testes.com.br\/agazeta\/wp-content\/uploads\/2017\/01\/100117-policia-10corpos-iml.jpg","contentUrl":"https:\/\/nk7-testes.com.br\/agazeta\/wp-content\/uploads\/2017\/01\/100117-policia-10corpos-iml.jpg","width":458,"height":340,"caption":"100117-policia-10corpos-iml"},{"@type":"BreadcrumbList","@id":"https:\/\/nk7-testes.com.br\/agazeta\/iml-registra-10-entradas-de-corpos-de-vitimas-de-assassinato\/#breadcrumb","itemListElement":[{"@type":"ListItem","position":1,"name":"In\u00edcio","item":"https:\/\/nk7-testes.com.br\/agazeta\/"},{"@type":"ListItem","position":2,"name":"IML registra 10 entradas de corpos de v\u00edtimas de assassinato"}]},{"@type":"WebSite","@id":"https:\/\/nk7-testes.com.br\/agazeta\/#website","url":"https:\/\/nk7-testes.com.br\/agazeta\/","name":"Agazeta.net","description":"Agazeta.net - Not\u00edcias de Rio Branco\/AC","potentialAction":[{"@type":"SearchAction","target":{"@type":"EntryPoint","urlTemplate":"https:\/\/nk7-testes.com.br\/agazeta\/?s={search_term_string}"},"query-input":{"@type":"PropertyValueSpecification","valueRequired":true,"valueName":"search_term_string"}}],"inLanguage":"pt-BR"},{"@type":"Person","@id":"https:\/\/nk7-testes.com.br\/agazeta\/#\/schema\/person\/ff6b39d54d6973bfc57f4140f659b23f","name":"Agazeta.Net","url":"https:\/\/nk7-testes.com.br\/agazeta\/author\/agazeta\/"}]}},"_links":{"self":[{"href":"https:\/\/nk7-testes.com.br\/agazeta\/wp-json\/wp\/v2\/posts\/27368","targetHints":{"allow":["GET"]}}],"collection":[{"href":"https:\/\/nk7-testes.com.br\/agazeta\/wp-json\/wp\/v2\/posts"}],"about":[{"href":"https:\/\/nk7-testes.com.br\/agazeta\/wp-json\/wp\/v2\/types\/post"}],"author":[{"embeddable":true,"href":"https:\/\/nk7-testes.com.br\/agazeta\/wp-json\/wp\/v2\/users\/4"}],"replies":[{"embeddable":true,"href":"https:\/\/nk7-testes.com.br\/agazeta\/wp-json\/wp\/v2\/comments?post=27368"}],"version-history":[{"count":0,"href":"https:\/\/nk7-testes.com.br\/agazeta\/wp-json\/wp\/v2\/posts\/27368\/revisions"}],"wp:featuredmedia":[{"embeddable":true,"href":"https:\/\/nk7-testes.com.br\/agazeta\/wp-json\/wp\/v2\/media\/27367"}],"wp:attachment":[{"href":"https:\/\/nk7-testes.com.br\/agazeta\/wp-json\/wp\/v2\/media?parent=27368"}],"wp:term":[{"taxonomy":"category","embeddable":true,"href":"https:\/\/nk7-testes.com.br\/agazeta\/wp-json\/wp\/v2\/categories?post=27368"},{"taxonomy":"post_tag","embeddable":true,"href":"https:\/\/nk7-testes.com.br\/agazeta\/wp-json\/wp\/v2\/tags?post=27368"}],"curies":[{"name":"wp","href":"https:\/\/api.w.org\/{rel}","templated":true}]}}