{"id":27364,"date":"2017-01-10T18:52:06","date_gmt":"2017-01-10T18:52:06","guid":{"rendered":"https:\/\/abarevegan.com.br\/index.php\/2017\/01\/10\/tres-pessoas-baleadas-em-sena-madureira\/"},"modified":"2017-01-10T18:52:06","modified_gmt":"2017-01-10T18:52:06","slug":"tres-pessoas-baleadas-em-sena-madureira","status":"publish","type":"post","link":"https:\/\/nk7-testes.com.br\/agazeta\/tres-pessoas-baleadas-em-sena-madureira\/","title":{"rendered":"Tr\u00eas pessoas baleadas em Sena Madureira"},"content":{"rendered":"<p style=\"text-align: justify;\">Dois homens feridos durante troca de tiros com a PM<\/p>\n<p style=\"text-align: justify;\">Na tarde desta ter\u00e7a-feira (10), tr\u00eas pessoas foram baleadas, duas foram ficaram feridas durante troca de tiros com a Pol\u00edcia Militar, no munic\u00edpio de Sena Madureira.<\/p>\n<p style=\"text-align: justify;\">Cleilton Vieira, 21 anos, estava em casa quando foi surpreendido por dois suspeitos, eles invadiram a resid\u00eancia e efetuaram disparos na m\u00e3o e nas pernas da v\u00edtima.<\/p>\n<p style=\"text-align: justify;\">A Pol\u00edcia Militar foi ao local e realizou buscas pelos acusados. A dupla teria corrido em dire\u00e7\u00e3o \u00e0 estrada Ti\u00e3o, que d\u00e1 acesso \u00e0 comunidade Boca do Caet\u00e9. Ao avistarem a guarni\u00e7\u00e3o os suspeitos teriam atirado e os policiais revidaram. Adolo Sanches e um adolescente que estava com ele, ficaram feridos, ambos nas pernas.<br \/>Com os acusados os policiais apreenderam dois rev\u00f3lveres, sendo um calibre 38 e o outro calibre 32.<\/p>\n<p style=\"text-align: justify;\">Os tr\u00eas feridos foram encaminhados ao Hospital Jo\u00e3o C\u00e2ncio Fernandes. De acordo com a pol\u00edcia, como se tratam de integrantes de fac\u00e7\u00f5es rivais, o policiamento ser\u00e1 refor\u00e7ado no hospital.<\/p>\n","protected":false},"excerpt":{"rendered":"<p style=\"text-align: justify;\">Dois homens feridos durante troca de tiros com a PM<\/p>\n","protected":false},"author":4,"featured_media":27363,"comment_status":"open","ping_status":"open","sticky":false,"template":"","format":"standard","meta":{"jnews-multi-image_gallery":[],"jnews_single_post":[],"jnews_primary_category":[],"jnews_social_meta":[],"jnews_review":[],"enable_review":"","type":"","name":"","summary":"","brand":"","sku":"","good":[],"bad":[],"score_override":"","override_value":"","rating":[],"price":[],"footnotes":""},"categories":[44],"tags":[],"class_list":["post-27364","post","type-post","status-publish","format-standard","has-post-thumbnail","hentry","category-policia"],"yoast_head":"<!-- This site is optimized with the Yoast SEO plugin v26.5 - https:\/\/yoast.com\/wordpress\/plugins\/seo\/ -->\n<title>Tr\u00eas pessoas baleadas em Sena Madureira - Agazeta.net<\/title>\n<meta name=\"robots\" content=\"index, follow, max-snippet:-1, max-image-preview:large, max-video-preview:-1\" \/>\n<link rel=\"canonical\" href=\"https:\/\/nk7-testes.com.br\/agazeta\/tres-pessoas-baleadas-em-sena-madureira\/\" \/>\n<meta property=\"og:locale\" content=\"pt_BR\" \/>\n<meta property=\"og:type\" content=\"article\" \/>\n<meta property=\"og:title\" content=\"Tr\u00eas pessoas baleadas em Sena Madureira - Agazeta.net\" \/>\n<meta property=\"og:description\" content=\"Dois homens feridos durante troca de tiros com a PM\" \/>\n<meta property=\"og:url\" content=\"https:\/\/nk7-testes.com.br\/agazeta\/tres-pessoas-baleadas-em-sena-madureira\/\" \/>\n<meta property=\"og:site_name\" content=\"Agazeta.net\" \/>\n<meta property=\"article:published_time\" content=\"2017-01-10T18:52:06+00:00\" \/>\n<meta property=\"og:image\" content=\"https:\/\/nk7-testes.com.br\/agazeta\/wp-content\/uploads\/2017\/01\/100117-policia-baleados-sena.jpg\" \/>\n\t<meta property=\"og:image:width\" content=\"458\" \/>\n\t<meta property=\"og:image:height\" content=\"340\" \/>\n\t<meta property=\"og:image:type\" content=\"image\/jpeg\" \/>\n<meta name=\"author\" content=\"Agazeta.Net\" \/>\n<meta name=\"twitter:card\" content=\"summary_large_image\" \/>\n<meta name=\"twitter:label1\" content=\"Escrito por\" \/>\n\t<meta name=\"twitter:data1\" content=\"Agazeta.Net\" \/>\n\t<meta name=\"twitter:label2\" content=\"Est. tempo de leitura\" \/>\n\t<meta name=\"twitter:data2\" content=\"1 minuto\" \/>\n<script type=\"application\/ld+json\" class=\"yoast-schema-graph\">{\"@context\":\"https:\/\/schema.org\",\"@graph\":[{\"@type\":\"WebPage\",\"@id\":\"https:\/\/nk7-testes.com.br\/agazeta\/tres-pessoas-baleadas-em-sena-madureira\/\",\"url\":\"https:\/\/nk7-testes.com.br\/agazeta\/tres-pessoas-baleadas-em-sena-madureira\/\",\"name\":\"Tr\u00eas pessoas baleadas em Sena Madureira - Agazeta.net\",\"isPartOf\":{\"@id\":\"https:\/\/nk7-testes.com.br\/agazeta\/#website\"},\"primaryImageOfPage\":{\"@id\":\"https:\/\/nk7-testes.com.br\/agazeta\/tres-pessoas-baleadas-em-sena-madureira\/#primaryimage\"},\"image\":{\"@id\":\"https:\/\/nk7-testes.com.br\/agazeta\/tres-pessoas-baleadas-em-sena-madureira\/#primaryimage\"},\"thumbnailUrl\":\"https:\/\/nk7-testes.com.br\/agazeta\/wp-content\/uploads\/2017\/01\/100117-policia-baleados-sena.jpg\",\"datePublished\":\"2017-01-10T18:52:06+00:00\",\"author\":{\"@id\":\"https:\/\/nk7-testes.com.br\/agazeta\/#\/schema\/person\/ff6b39d54d6973bfc57f4140f659b23f\"},\"breadcrumb\":{\"@id\":\"https:\/\/nk7-testes.com.br\/agazeta\/tres-pessoas-baleadas-em-sena-madureira\/#breadcrumb\"},\"inLanguage\":\"pt-BR\",\"potentialAction\":[{\"@type\":\"ReadAction\",\"target\":[\"https:\/\/nk7-testes.com.br\/agazeta\/tres-pessoas-baleadas-em-sena-madureira\/\"]}]},{\"@type\":\"ImageObject\",\"inLanguage\":\"pt-BR\",\"@id\":\"https:\/\/nk7-testes.com.br\/agazeta\/tres-pessoas-baleadas-em-sena-madureira\/#primaryimage\",\"url\":\"https:\/\/nk7-testes.com.br\/agazeta\/wp-content\/uploads\/2017\/01\/100117-policia-baleados-sena.jpg\",\"contentUrl\":\"https:\/\/nk7-testes.com.br\/agazeta\/wp-content\/uploads\/2017\/01\/100117-policia-baleados-sena.jpg\",\"width\":458,\"height\":340,\"caption\":\"100117-policia-baleados-sena\"},{\"@type\":\"BreadcrumbList\",\"@id\":\"https:\/\/nk7-testes.com.br\/agazeta\/tres-pessoas-baleadas-em-sena-madureira\/#breadcrumb\",\"itemListElement\":[{\"@type\":\"ListItem\",\"position\":1,\"name\":\"In\u00edcio\",\"item\":\"https:\/\/nk7-testes.com.br\/agazeta\/\"},{\"@type\":\"ListItem\",\"position\":2,\"name\":\"Tr\u00eas pessoas baleadas em Sena Madureira\"}]},{\"@type\":\"WebSite\",\"@id\":\"https:\/\/nk7-testes.com.br\/agazeta\/#website\",\"url\":\"https:\/\/nk7-testes.com.br\/agazeta\/\",\"name\":\"Agazeta.net\",\"description\":\"Agazeta.net - Not\u00edcias de Rio Branco\/AC\",\"potentialAction\":[{\"@type\":\"SearchAction\",\"target\":{\"@type\":\"EntryPoint\",\"urlTemplate\":\"https:\/\/nk7-testes.com.br\/agazeta\/?s={search_term_string}\"},\"query-input\":{\"@type\":\"PropertyValueSpecification\",\"valueRequired\":true,\"valueName\":\"search_term_string\"}}],\"inLanguage\":\"pt-BR\"},{\"@type\":\"Person\",\"@id\":\"https:\/\/nk7-testes.com.br\/agazeta\/#\/schema\/person\/ff6b39d54d6973bfc57f4140f659b23f\",\"name\":\"Agazeta.Net\",\"url\":\"https:\/\/nk7-testes.com.br\/agazeta\/author\/agazeta\/\"}]}<\/script>\n<!-- \/ Yoast SEO plugin. -->","yoast_head_json":{"title":"Tr\u00eas pessoas baleadas em Sena Madureira - Agazeta.net","robots":{"index":"index","follow":"follow","max-snippet":"max-snippet:-1","max-image-preview":"max-image-preview:large","max-video-preview":"max-video-preview:-1"},"canonical":"https:\/\/nk7-testes.com.br\/agazeta\/tres-pessoas-baleadas-em-sena-madureira\/","og_locale":"pt_BR","og_type":"article","og_title":"Tr\u00eas pessoas baleadas em Sena Madureira - Agazeta.net","og_description":"Dois homens feridos durante troca de tiros com a PM","og_url":"https:\/\/nk7-testes.com.br\/agazeta\/tres-pessoas-baleadas-em-sena-madureira\/","og_site_name":"Agazeta.net","article_published_time":"2017-01-10T18:52:06+00:00","og_image":[{"width":458,"height":340,"url":"https:\/\/nk7-testes.com.br\/agazeta\/wp-content\/uploads\/2017\/01\/100117-policia-baleados-sena.jpg","type":"image\/jpeg"}],"author":"Agazeta.Net","twitter_card":"summary_large_image","twitter_misc":{"Escrito por":"Agazeta.Net","Est. tempo de leitura":"1 minuto"},"schema":{"@context":"https:\/\/schema.org","@graph":[{"@type":"WebPage","@id":"https:\/\/nk7-testes.com.br\/agazeta\/tres-pessoas-baleadas-em-sena-madureira\/","url":"https:\/\/nk7-testes.com.br\/agazeta\/tres-pessoas-baleadas-em-sena-madureira\/","name":"Tr\u00eas pessoas baleadas em Sena Madureira - Agazeta.net","isPartOf":{"@id":"https:\/\/nk7-testes.com.br\/agazeta\/#website"},"primaryImageOfPage":{"@id":"https:\/\/nk7-testes.com.br\/agazeta\/tres-pessoas-baleadas-em-sena-madureira\/#primaryimage"},"image":{"@id":"https:\/\/nk7-testes.com.br\/agazeta\/tres-pessoas-baleadas-em-sena-madureira\/#primaryimage"},"thumbnailUrl":"https:\/\/nk7-testes.com.br\/agazeta\/wp-content\/uploads\/2017\/01\/100117-policia-baleados-sena.jpg","datePublished":"2017-01-10T18:52:06+00:00","author":{"@id":"https:\/\/nk7-testes.com.br\/agazeta\/#\/schema\/person\/ff6b39d54d6973bfc57f4140f659b23f"},"breadcrumb":{"@id":"https:\/\/nk7-testes.com.br\/agazeta\/tres-pessoas-baleadas-em-sena-madureira\/#breadcrumb"},"inLanguage":"pt-BR","potentialAction":[{"@type":"ReadAction","target":["https:\/\/nk7-testes.com.br\/agazeta\/tres-pessoas-baleadas-em-sena-madureira\/"]}]},{"@type":"ImageObject","inLanguage":"pt-BR","@id":"https:\/\/nk7-testes.com.br\/agazeta\/tres-pessoas-baleadas-em-sena-madureira\/#primaryimage","url":"https:\/\/nk7-testes.com.br\/agazeta\/wp-content\/uploads\/2017\/01\/100117-policia-baleados-sena.jpg","contentUrl":"https:\/\/nk7-testes.com.br\/agazeta\/wp-content\/uploads\/2017\/01\/100117-policia-baleados-sena.jpg","width":458,"height":340,"caption":"100117-policia-baleados-sena"},{"@type":"BreadcrumbList","@id":"https:\/\/nk7-testes.com.br\/agazeta\/tres-pessoas-baleadas-em-sena-madureira\/#breadcrumb","itemListElement":[{"@type":"ListItem","position":1,"name":"In\u00edcio","item":"https:\/\/nk7-testes.com.br\/agazeta\/"},{"@type":"ListItem","position":2,"name":"Tr\u00eas pessoas baleadas em Sena Madureira"}]},{"@type":"WebSite","@id":"https:\/\/nk7-testes.com.br\/agazeta\/#website","url":"https:\/\/nk7-testes.com.br\/agazeta\/","name":"Agazeta.net","description":"Agazeta.net - Not\u00edcias de Rio Branco\/AC","potentialAction":[{"@type":"SearchAction","target":{"@type":"EntryPoint","urlTemplate":"https:\/\/nk7-testes.com.br\/agazeta\/?s={search_term_string}"},"query-input":{"@type":"PropertyValueSpecification","valueRequired":true,"valueName":"search_term_string"}}],"inLanguage":"pt-BR"},{"@type":"Person","@id":"https:\/\/nk7-testes.com.br\/agazeta\/#\/schema\/person\/ff6b39d54d6973bfc57f4140f659b23f","name":"Agazeta.Net","url":"https:\/\/nk7-testes.com.br\/agazeta\/author\/agazeta\/"}]}},"_links":{"self":[{"href":"https:\/\/nk7-testes.com.br\/agazeta\/wp-json\/wp\/v2\/posts\/27364","targetHints":{"allow":["GET"]}}],"collection":[{"href":"https:\/\/nk7-testes.com.br\/agazeta\/wp-json\/wp\/v2\/posts"}],"about":[{"href":"https:\/\/nk7-testes.com.br\/agazeta\/wp-json\/wp\/v2\/types\/post"}],"author":[{"embeddable":true,"href":"https:\/\/nk7-testes.com.br\/agazeta\/wp-json\/wp\/v2\/users\/4"}],"replies":[{"embeddable":true,"href":"https:\/\/nk7-testes.com.br\/agazeta\/wp-json\/wp\/v2\/comments?post=27364"}],"version-history":[{"count":0,"href":"https:\/\/nk7-testes.com.br\/agazeta\/wp-json\/wp\/v2\/posts\/27364\/revisions"}],"wp:featuredmedia":[{"embeddable":true,"href":"https:\/\/nk7-testes.com.br\/agazeta\/wp-json\/wp\/v2\/media\/27363"}],"wp:attachment":[{"href":"https:\/\/nk7-testes.com.br\/agazeta\/wp-json\/wp\/v2\/media?parent=27364"}],"wp:term":[{"taxonomy":"category","embeddable":true,"href":"https:\/\/nk7-testes.com.br\/agazeta\/wp-json\/wp\/v2\/categories?post=27364"},{"taxonomy":"post_tag","embeddable":true,"href":"https:\/\/nk7-testes.com.br\/agazeta\/wp-json\/wp\/v2\/tags?post=27364"}],"curies":[{"name":"wp","href":"https:\/\/api.w.org\/{rel}","templated":true}]}}