{"id":27325,"date":"2017-01-09T13:44:17","date_gmt":"2017-01-09T13:44:17","guid":{"rendered":"https:\/\/abarevegan.com.br\/index.php\/2017\/01\/09\/motociclista-perde-controle-do-veiculo-e-bate-em-poste\/"},"modified":"2017-01-09T13:44:17","modified_gmt":"2017-01-09T13:44:17","slug":"motociclista-perde-controle-do-veiculo-e-bate-em-poste","status":"publish","type":"post","link":"https:\/\/nk7-testes.com.br\/agazeta\/motociclista-perde-controle-do-veiculo-e-bate-em-poste\/","title":{"rendered":"Motociclista perde controle do ve\u00edculo e bate em poste"},"content":{"rendered":"<p style=\"text-align: justify;\">V\u00edtima teve ferimentos nas pernas e um corte na cabe\u00e7a<\/p>\n<p style=\"text-align: justify;\">No final da tarde deste domingo (8) foi registrado um acidente envolvendo um motociclista. Andr\u00e9 Machado de Mendon\u00e7a Bispo, 19 anos, teria batido contra um poste na Avenida Cear\u00e1, bairro Esta\u00e7\u00e3o Experimental.<\/p>\n<p style=\"text-align: justify;\">De acordo com testemunhas, Andr\u00e9 trafegava de moto na avenida em alta velocidade quando teria perdido o controle do ve\u00edculo e acabou batendo num poste.<\/p>\n<p style=\"text-align: justify;\">O motoqueiro teve ferimentos nas pernas e um corte na cabe\u00e7a. Ele foi resgatado por uma equipe do Samu e encaminhado ao Pronto socorro da capital.<\/p>\n","protected":false},"excerpt":{"rendered":"<p style=\"text-align: justify;\">V\u00edtima teve ferimentos nas pernas e um corte na cabe\u00e7a<\/p>\n","protected":false},"author":4,"featured_media":27324,"comment_status":"open","ping_status":"open","sticky":false,"template":"","format":"standard","meta":{"jnews-multi-image_gallery":[],"jnews_single_post":[],"jnews_primary_category":[],"jnews_social_meta":[],"jnews_review":[],"enable_review":"","type":"","name":"","summary":"","brand":"","sku":"","good":[],"bad":[],"score_override":"","override_value":"","rating":[],"price":[],"footnotes":""},"categories":[44],"tags":[],"class_list":["post-27325","post","type-post","status-publish","format-standard","has-post-thumbnail","hentry","category-policia"],"yoast_head":"<!-- This site is optimized with the Yoast SEO plugin v26.5 - https:\/\/yoast.com\/wordpress\/plugins\/seo\/ -->\n<title>Motociclista perde controle do ve\u00edculo e bate em poste - Agazeta.net<\/title>\n<meta name=\"robots\" content=\"index, follow, max-snippet:-1, max-image-preview:large, max-video-preview:-1\" \/>\n<link rel=\"canonical\" href=\"https:\/\/nk7-testes.com.br\/agazeta\/motociclista-perde-controle-do-veiculo-e-bate-em-poste\/\" \/>\n<meta property=\"og:locale\" content=\"pt_BR\" \/>\n<meta property=\"og:type\" content=\"article\" \/>\n<meta property=\"og:title\" content=\"Motociclista perde controle do ve\u00edculo e bate em poste - Agazeta.net\" \/>\n<meta property=\"og:description\" content=\"V\u00edtima teve ferimentos nas pernas e um corte na cabe\u00e7a\" \/>\n<meta property=\"og:url\" content=\"https:\/\/nk7-testes.com.br\/agazeta\/motociclista-perde-controle-do-veiculo-e-bate-em-poste\/\" \/>\n<meta property=\"og:site_name\" content=\"Agazeta.net\" \/>\n<meta property=\"article:published_time\" content=\"2017-01-09T13:44:17+00:00\" \/>\n<meta property=\"og:image\" content=\"https:\/\/nk7-testes.com.br\/agazeta\/wp-content\/uploads\/2017\/01\/090117-policia-motoqueiro-bate-em-poste.jpg\" \/>\n\t<meta property=\"og:image:width\" content=\"458\" \/>\n\t<meta property=\"og:image:height\" content=\"340\" \/>\n\t<meta property=\"og:image:type\" content=\"image\/jpeg\" \/>\n<meta name=\"author\" content=\"Agazeta.Net\" \/>\n<meta name=\"twitter:card\" content=\"summary_large_image\" \/>\n<meta name=\"twitter:label1\" content=\"Escrito por\" \/>\n\t<meta name=\"twitter:data1\" content=\"Agazeta.Net\" \/>\n<script type=\"application\/ld+json\" class=\"yoast-schema-graph\">{\"@context\":\"https:\/\/schema.org\",\"@graph\":[{\"@type\":\"WebPage\",\"@id\":\"https:\/\/nk7-testes.com.br\/agazeta\/motociclista-perde-controle-do-veiculo-e-bate-em-poste\/\",\"url\":\"https:\/\/nk7-testes.com.br\/agazeta\/motociclista-perde-controle-do-veiculo-e-bate-em-poste\/\",\"name\":\"Motociclista perde controle do ve\u00edculo e bate em poste - Agazeta.net\",\"isPartOf\":{\"@id\":\"https:\/\/nk7-testes.com.br\/agazeta\/#website\"},\"primaryImageOfPage\":{\"@id\":\"https:\/\/nk7-testes.com.br\/agazeta\/motociclista-perde-controle-do-veiculo-e-bate-em-poste\/#primaryimage\"},\"image\":{\"@id\":\"https:\/\/nk7-testes.com.br\/agazeta\/motociclista-perde-controle-do-veiculo-e-bate-em-poste\/#primaryimage\"},\"thumbnailUrl\":\"https:\/\/nk7-testes.com.br\/agazeta\/wp-content\/uploads\/2017\/01\/090117-policia-motoqueiro-bate-em-poste.jpg\",\"datePublished\":\"2017-01-09T13:44:17+00:00\",\"author\":{\"@id\":\"https:\/\/nk7-testes.com.br\/agazeta\/#\/schema\/person\/ff6b39d54d6973bfc57f4140f659b23f\"},\"breadcrumb\":{\"@id\":\"https:\/\/nk7-testes.com.br\/agazeta\/motociclista-perde-controle-do-veiculo-e-bate-em-poste\/#breadcrumb\"},\"inLanguage\":\"pt-BR\",\"potentialAction\":[{\"@type\":\"ReadAction\",\"target\":[\"https:\/\/nk7-testes.com.br\/agazeta\/motociclista-perde-controle-do-veiculo-e-bate-em-poste\/\"]}]},{\"@type\":\"ImageObject\",\"inLanguage\":\"pt-BR\",\"@id\":\"https:\/\/nk7-testes.com.br\/agazeta\/motociclista-perde-controle-do-veiculo-e-bate-em-poste\/#primaryimage\",\"url\":\"https:\/\/nk7-testes.com.br\/agazeta\/wp-content\/uploads\/2017\/01\/090117-policia-motoqueiro-bate-em-poste.jpg\",\"contentUrl\":\"https:\/\/nk7-testes.com.br\/agazeta\/wp-content\/uploads\/2017\/01\/090117-policia-motoqueiro-bate-em-poste.jpg\",\"width\":458,\"height\":340,\"caption\":\"090117-policia-motoqueiro-bate-em-poste\"},{\"@type\":\"BreadcrumbList\",\"@id\":\"https:\/\/nk7-testes.com.br\/agazeta\/motociclista-perde-controle-do-veiculo-e-bate-em-poste\/#breadcrumb\",\"itemListElement\":[{\"@type\":\"ListItem\",\"position\":1,\"name\":\"In\u00edcio\",\"item\":\"https:\/\/nk7-testes.com.br\/agazeta\/\"},{\"@type\":\"ListItem\",\"position\":2,\"name\":\"Motociclista perde controle do ve\u00edculo e bate em poste\"}]},{\"@type\":\"WebSite\",\"@id\":\"https:\/\/nk7-testes.com.br\/agazeta\/#website\",\"url\":\"https:\/\/nk7-testes.com.br\/agazeta\/\",\"name\":\"Agazeta.net\",\"description\":\"Agazeta.net - Not\u00edcias de Rio Branco\/AC\",\"potentialAction\":[{\"@type\":\"SearchAction\",\"target\":{\"@type\":\"EntryPoint\",\"urlTemplate\":\"https:\/\/nk7-testes.com.br\/agazeta\/?s={search_term_string}\"},\"query-input\":{\"@type\":\"PropertyValueSpecification\",\"valueRequired\":true,\"valueName\":\"search_term_string\"}}],\"inLanguage\":\"pt-BR\"},{\"@type\":\"Person\",\"@id\":\"https:\/\/nk7-testes.com.br\/agazeta\/#\/schema\/person\/ff6b39d54d6973bfc57f4140f659b23f\",\"name\":\"Agazeta.Net\",\"url\":\"https:\/\/nk7-testes.com.br\/agazeta\/author\/agazeta\/\"}]}<\/script>\n<!-- \/ Yoast SEO plugin. -->","yoast_head_json":{"title":"Motociclista perde controle do ve\u00edculo e bate em poste - Agazeta.net","robots":{"index":"index","follow":"follow","max-snippet":"max-snippet:-1","max-image-preview":"max-image-preview:large","max-video-preview":"max-video-preview:-1"},"canonical":"https:\/\/nk7-testes.com.br\/agazeta\/motociclista-perde-controle-do-veiculo-e-bate-em-poste\/","og_locale":"pt_BR","og_type":"article","og_title":"Motociclista perde controle do ve\u00edculo e bate em poste - Agazeta.net","og_description":"V\u00edtima teve ferimentos nas pernas e um corte na cabe\u00e7a","og_url":"https:\/\/nk7-testes.com.br\/agazeta\/motociclista-perde-controle-do-veiculo-e-bate-em-poste\/","og_site_name":"Agazeta.net","article_published_time":"2017-01-09T13:44:17+00:00","og_image":[{"width":458,"height":340,"url":"https:\/\/nk7-testes.com.br\/agazeta\/wp-content\/uploads\/2017\/01\/090117-policia-motoqueiro-bate-em-poste.jpg","type":"image\/jpeg"}],"author":"Agazeta.Net","twitter_card":"summary_large_image","twitter_misc":{"Escrito por":"Agazeta.Net"},"schema":{"@context":"https:\/\/schema.org","@graph":[{"@type":"WebPage","@id":"https:\/\/nk7-testes.com.br\/agazeta\/motociclista-perde-controle-do-veiculo-e-bate-em-poste\/","url":"https:\/\/nk7-testes.com.br\/agazeta\/motociclista-perde-controle-do-veiculo-e-bate-em-poste\/","name":"Motociclista perde controle do ve\u00edculo e bate em poste - Agazeta.net","isPartOf":{"@id":"https:\/\/nk7-testes.com.br\/agazeta\/#website"},"primaryImageOfPage":{"@id":"https:\/\/nk7-testes.com.br\/agazeta\/motociclista-perde-controle-do-veiculo-e-bate-em-poste\/#primaryimage"},"image":{"@id":"https:\/\/nk7-testes.com.br\/agazeta\/motociclista-perde-controle-do-veiculo-e-bate-em-poste\/#primaryimage"},"thumbnailUrl":"https:\/\/nk7-testes.com.br\/agazeta\/wp-content\/uploads\/2017\/01\/090117-policia-motoqueiro-bate-em-poste.jpg","datePublished":"2017-01-09T13:44:17+00:00","author":{"@id":"https:\/\/nk7-testes.com.br\/agazeta\/#\/schema\/person\/ff6b39d54d6973bfc57f4140f659b23f"},"breadcrumb":{"@id":"https:\/\/nk7-testes.com.br\/agazeta\/motociclista-perde-controle-do-veiculo-e-bate-em-poste\/#breadcrumb"},"inLanguage":"pt-BR","potentialAction":[{"@type":"ReadAction","target":["https:\/\/nk7-testes.com.br\/agazeta\/motociclista-perde-controle-do-veiculo-e-bate-em-poste\/"]}]},{"@type":"ImageObject","inLanguage":"pt-BR","@id":"https:\/\/nk7-testes.com.br\/agazeta\/motociclista-perde-controle-do-veiculo-e-bate-em-poste\/#primaryimage","url":"https:\/\/nk7-testes.com.br\/agazeta\/wp-content\/uploads\/2017\/01\/090117-policia-motoqueiro-bate-em-poste.jpg","contentUrl":"https:\/\/nk7-testes.com.br\/agazeta\/wp-content\/uploads\/2017\/01\/090117-policia-motoqueiro-bate-em-poste.jpg","width":458,"height":340,"caption":"090117-policia-motoqueiro-bate-em-poste"},{"@type":"BreadcrumbList","@id":"https:\/\/nk7-testes.com.br\/agazeta\/motociclista-perde-controle-do-veiculo-e-bate-em-poste\/#breadcrumb","itemListElement":[{"@type":"ListItem","position":1,"name":"In\u00edcio","item":"https:\/\/nk7-testes.com.br\/agazeta\/"},{"@type":"ListItem","position":2,"name":"Motociclista perde controle do ve\u00edculo e bate em poste"}]},{"@type":"WebSite","@id":"https:\/\/nk7-testes.com.br\/agazeta\/#website","url":"https:\/\/nk7-testes.com.br\/agazeta\/","name":"Agazeta.net","description":"Agazeta.net - Not\u00edcias de Rio Branco\/AC","potentialAction":[{"@type":"SearchAction","target":{"@type":"EntryPoint","urlTemplate":"https:\/\/nk7-testes.com.br\/agazeta\/?s={search_term_string}"},"query-input":{"@type":"PropertyValueSpecification","valueRequired":true,"valueName":"search_term_string"}}],"inLanguage":"pt-BR"},{"@type":"Person","@id":"https:\/\/nk7-testes.com.br\/agazeta\/#\/schema\/person\/ff6b39d54d6973bfc57f4140f659b23f","name":"Agazeta.Net","url":"https:\/\/nk7-testes.com.br\/agazeta\/author\/agazeta\/"}]}},"_links":{"self":[{"href":"https:\/\/nk7-testes.com.br\/agazeta\/wp-json\/wp\/v2\/posts\/27325","targetHints":{"allow":["GET"]}}],"collection":[{"href":"https:\/\/nk7-testes.com.br\/agazeta\/wp-json\/wp\/v2\/posts"}],"about":[{"href":"https:\/\/nk7-testes.com.br\/agazeta\/wp-json\/wp\/v2\/types\/post"}],"author":[{"embeddable":true,"href":"https:\/\/nk7-testes.com.br\/agazeta\/wp-json\/wp\/v2\/users\/4"}],"replies":[{"embeddable":true,"href":"https:\/\/nk7-testes.com.br\/agazeta\/wp-json\/wp\/v2\/comments?post=27325"}],"version-history":[{"count":0,"href":"https:\/\/nk7-testes.com.br\/agazeta\/wp-json\/wp\/v2\/posts\/27325\/revisions"}],"wp:featuredmedia":[{"embeddable":true,"href":"https:\/\/nk7-testes.com.br\/agazeta\/wp-json\/wp\/v2\/media\/27324"}],"wp:attachment":[{"href":"https:\/\/nk7-testes.com.br\/agazeta\/wp-json\/wp\/v2\/media?parent=27325"}],"wp:term":[{"taxonomy":"category","embeddable":true,"href":"https:\/\/nk7-testes.com.br\/agazeta\/wp-json\/wp\/v2\/categories?post=27325"},{"taxonomy":"post_tag","embeddable":true,"href":"https:\/\/nk7-testes.com.br\/agazeta\/wp-json\/wp\/v2\/tags?post=27325"}],"curies":[{"name":"wp","href":"https:\/\/api.w.org\/{rel}","templated":true}]}}