{"id":27283,"date":"2017-01-06T14:04:24","date_gmt":"2017-01-06T14:04:24","guid":{"rendered":"https:\/\/abarevegan.com.br\/index.php\/2017\/01\/06\/68-oficiais-ingressam-na-pm-e-corpo-de-bombeiros\/"},"modified":"2017-01-06T14:04:24","modified_gmt":"2017-01-06T14:04:24","slug":"68-oficiais-ingressam-na-pm-e-corpo-de-bombeiros","status":"publish","type":"post","link":"https:\/\/nk7-testes.com.br\/agazeta\/68-oficiais-ingressam-na-pm-e-corpo-de-bombeiros\/","title":{"rendered":"PM e Corpo de Bombeiros realizam aula inaugural do curso de oficiais"},"content":{"rendered":"<p style=\"text-align: justify;\">Aula ocorre no mesmo dia de an\u00fancios de concursos<\/p>\n<p style=\"text-align: justify;\">A quinta-feira (5) foi o dia de exaltar a seguran\u00e7a p\u00fablica para o governo. Pela manh\u00e3 houve solenidade de promo\u00e7\u00e3o de pra\u00e7as e oficiais da Pol\u00edcia Militar, \u00e0 tarde foi realizada aula inaugural do curso de oficiais da PM e dos Bombeiros e no mesmo dia o governo anunciou concurso p\u00fablico para contrata\u00e7\u00e3o de 500 policiais civis e militares.<\/p>\n<p style=\"text-align: justify;\">O evento da tarde, na seguran\u00e7a p\u00fablica, aconteceu no Anfiteatro da Ufac. Centenas de pessoas acompanharam a aula inaugural dos 68 oficiais que ingressam nas corpora\u00e7\u00f5es da Pol\u00edcia Militar e do Corpo de Bombeiros. O palestrante foi o pr\u00f3prio Secret\u00e1rio de Seguran\u00e7a P\u00fablica, Emylson Farias.<\/p>\n<p style=\"text-align: justify;\">Mais cedo o governo j\u00e1 havia anunciado mais investimentos no setor, agora com concurso p\u00fablico para contrata\u00e7\u00e3o de 250 policiais civis e 250 policiais militares. \u201cO Acre viver\u00e1 um ano de profundas mudan\u00e7as e avan\u00e7os na seguran\u00e7a p\u00fablica. Nesses pr\u00f3ximos tr\u00eas meses ainda teremos riscos de alguma rea\u00e7\u00e3o do crime mais depois teremos vencido definitivamente e vamos mostrar a for\u00e7a do estado e a defesa da sociedade\u201d, disse o governador Ti\u00e3o Viana.<\/p>\n<p style=\"text-align: justify;\">Os editais devem ser publicados no pr\u00f3ximo m\u00eas, segundo a Secretaria de Seguran\u00e7a P\u00fablica. Ainda este ano, o governo deve implantar o primeiro col\u00e9gio militar do Acre e abrir tr\u00eas mil vagas para crian\u00e7as participarem dos programas de bombeiros e policiais mirins em todo o estado.<\/p>\n","protected":false},"excerpt":{"rendered":"<p style=\"text-align: justify;\">Aula ocorre no mesmo dia de an\u00fancios de concursos<\/p>\n","protected":false},"author":4,"featured_media":27282,"comment_status":"open","ping_status":"open","sticky":false,"template":"","format":"standard","meta":{"jnews-multi-image_gallery":[],"jnews_single_post":[],"jnews_primary_category":[],"jnews_social_meta":[],"jnews_review":[],"enable_review":"","type":"","name":"","summary":"","brand":"","sku":"","good":[],"bad":[],"score_override":"","override_value":"","rating":[],"price":[],"footnotes":""},"categories":[44],"tags":[],"class_list":["post-27283","post","type-post","status-publish","format-standard","has-post-thumbnail","hentry","category-policia"],"yoast_head":"<!-- This site is optimized with the Yoast SEO plugin v26.5 - https:\/\/yoast.com\/wordpress\/plugins\/seo\/ -->\n<title>PM e Corpo de Bombeiros realizam aula inaugural do curso de oficiais - Agazeta.net<\/title>\n<meta name=\"robots\" content=\"index, follow, max-snippet:-1, max-image-preview:large, max-video-preview:-1\" \/>\n<link rel=\"canonical\" href=\"https:\/\/nk7-testes.com.br\/agazeta\/68-oficiais-ingressam-na-pm-e-corpo-de-bombeiros\/\" \/>\n<meta property=\"og:locale\" content=\"pt_BR\" \/>\n<meta property=\"og:type\" content=\"article\" \/>\n<meta property=\"og:title\" content=\"PM e Corpo de Bombeiros realizam aula inaugural do curso de oficiais - Agazeta.net\" \/>\n<meta property=\"og:description\" content=\"Aula ocorre no mesmo dia de an\u00fancios de concursos\" \/>\n<meta property=\"og:url\" content=\"https:\/\/nk7-testes.com.br\/agazeta\/68-oficiais-ingressam-na-pm-e-corpo-de-bombeiros\/\" \/>\n<meta property=\"og:site_name\" content=\"Agazeta.net\" \/>\n<meta property=\"article:published_time\" content=\"2017-01-06T14:04:24+00:00\" \/>\n<meta property=\"og:image\" content=\"https:\/\/nk7-testes.com.br\/agazeta\/wp-content\/uploads\/2017\/01\/060117-policia-cursos-de-oficiais.jpg\" \/>\n\t<meta property=\"og:image:width\" content=\"458\" \/>\n\t<meta property=\"og:image:height\" content=\"340\" \/>\n\t<meta property=\"og:image:type\" content=\"image\/jpeg\" \/>\n<meta name=\"author\" content=\"Agazeta.Net\" \/>\n<meta name=\"twitter:card\" content=\"summary_large_image\" \/>\n<meta name=\"twitter:label1\" content=\"Escrito por\" \/>\n\t<meta name=\"twitter:data1\" content=\"Agazeta.Net\" \/>\n\t<meta name=\"twitter:label2\" content=\"Est. tempo de leitura\" \/>\n\t<meta name=\"twitter:data2\" content=\"1 minuto\" \/>\n<script type=\"application\/ld+json\" class=\"yoast-schema-graph\">{\"@context\":\"https:\/\/schema.org\",\"@graph\":[{\"@type\":\"WebPage\",\"@id\":\"https:\/\/nk7-testes.com.br\/agazeta\/68-oficiais-ingressam-na-pm-e-corpo-de-bombeiros\/\",\"url\":\"https:\/\/nk7-testes.com.br\/agazeta\/68-oficiais-ingressam-na-pm-e-corpo-de-bombeiros\/\",\"name\":\"PM e Corpo de Bombeiros realizam aula inaugural do curso de oficiais - Agazeta.net\",\"isPartOf\":{\"@id\":\"https:\/\/nk7-testes.com.br\/agazeta\/#website\"},\"primaryImageOfPage\":{\"@id\":\"https:\/\/nk7-testes.com.br\/agazeta\/68-oficiais-ingressam-na-pm-e-corpo-de-bombeiros\/#primaryimage\"},\"image\":{\"@id\":\"https:\/\/nk7-testes.com.br\/agazeta\/68-oficiais-ingressam-na-pm-e-corpo-de-bombeiros\/#primaryimage\"},\"thumbnailUrl\":\"https:\/\/nk7-testes.com.br\/agazeta\/wp-content\/uploads\/2017\/01\/060117-policia-cursos-de-oficiais.jpg\",\"datePublished\":\"2017-01-06T14:04:24+00:00\",\"author\":{\"@id\":\"https:\/\/nk7-testes.com.br\/agazeta\/#\/schema\/person\/ff6b39d54d6973bfc57f4140f659b23f\"},\"breadcrumb\":{\"@id\":\"https:\/\/nk7-testes.com.br\/agazeta\/68-oficiais-ingressam-na-pm-e-corpo-de-bombeiros\/#breadcrumb\"},\"inLanguage\":\"pt-BR\",\"potentialAction\":[{\"@type\":\"ReadAction\",\"target\":[\"https:\/\/nk7-testes.com.br\/agazeta\/68-oficiais-ingressam-na-pm-e-corpo-de-bombeiros\/\"]}]},{\"@type\":\"ImageObject\",\"inLanguage\":\"pt-BR\",\"@id\":\"https:\/\/nk7-testes.com.br\/agazeta\/68-oficiais-ingressam-na-pm-e-corpo-de-bombeiros\/#primaryimage\",\"url\":\"https:\/\/nk7-testes.com.br\/agazeta\/wp-content\/uploads\/2017\/01\/060117-policia-cursos-de-oficiais.jpg\",\"contentUrl\":\"https:\/\/nk7-testes.com.br\/agazeta\/wp-content\/uploads\/2017\/01\/060117-policia-cursos-de-oficiais.jpg\",\"width\":458,\"height\":340,\"caption\":\"060117-policia-cursos-de-oficiais\"},{\"@type\":\"BreadcrumbList\",\"@id\":\"https:\/\/nk7-testes.com.br\/agazeta\/68-oficiais-ingressam-na-pm-e-corpo-de-bombeiros\/#breadcrumb\",\"itemListElement\":[{\"@type\":\"ListItem\",\"position\":1,\"name\":\"In\u00edcio\",\"item\":\"https:\/\/nk7-testes.com.br\/agazeta\/\"},{\"@type\":\"ListItem\",\"position\":2,\"name\":\"PM e Corpo de Bombeiros realizam aula inaugural do curso de oficiais\"}]},{\"@type\":\"WebSite\",\"@id\":\"https:\/\/nk7-testes.com.br\/agazeta\/#website\",\"url\":\"https:\/\/nk7-testes.com.br\/agazeta\/\",\"name\":\"Agazeta.net\",\"description\":\"Agazeta.net - Not\u00edcias de Rio Branco\/AC\",\"potentialAction\":[{\"@type\":\"SearchAction\",\"target\":{\"@type\":\"EntryPoint\",\"urlTemplate\":\"https:\/\/nk7-testes.com.br\/agazeta\/?s={search_term_string}\"},\"query-input\":{\"@type\":\"PropertyValueSpecification\",\"valueRequired\":true,\"valueName\":\"search_term_string\"}}],\"inLanguage\":\"pt-BR\"},{\"@type\":\"Person\",\"@id\":\"https:\/\/nk7-testes.com.br\/agazeta\/#\/schema\/person\/ff6b39d54d6973bfc57f4140f659b23f\",\"name\":\"Agazeta.Net\",\"url\":\"https:\/\/nk7-testes.com.br\/agazeta\/author\/agazeta\/\"}]}<\/script>\n<!-- \/ Yoast SEO plugin. -->","yoast_head_json":{"title":"PM e Corpo de Bombeiros realizam aula inaugural do curso de oficiais - Agazeta.net","robots":{"index":"index","follow":"follow","max-snippet":"max-snippet:-1","max-image-preview":"max-image-preview:large","max-video-preview":"max-video-preview:-1"},"canonical":"https:\/\/nk7-testes.com.br\/agazeta\/68-oficiais-ingressam-na-pm-e-corpo-de-bombeiros\/","og_locale":"pt_BR","og_type":"article","og_title":"PM e Corpo de Bombeiros realizam aula inaugural do curso de oficiais - Agazeta.net","og_description":"Aula ocorre no mesmo dia de an\u00fancios de concursos","og_url":"https:\/\/nk7-testes.com.br\/agazeta\/68-oficiais-ingressam-na-pm-e-corpo-de-bombeiros\/","og_site_name":"Agazeta.net","article_published_time":"2017-01-06T14:04:24+00:00","og_image":[{"width":458,"height":340,"url":"https:\/\/nk7-testes.com.br\/agazeta\/wp-content\/uploads\/2017\/01\/060117-policia-cursos-de-oficiais.jpg","type":"image\/jpeg"}],"author":"Agazeta.Net","twitter_card":"summary_large_image","twitter_misc":{"Escrito por":"Agazeta.Net","Est. tempo de leitura":"1 minuto"},"schema":{"@context":"https:\/\/schema.org","@graph":[{"@type":"WebPage","@id":"https:\/\/nk7-testes.com.br\/agazeta\/68-oficiais-ingressam-na-pm-e-corpo-de-bombeiros\/","url":"https:\/\/nk7-testes.com.br\/agazeta\/68-oficiais-ingressam-na-pm-e-corpo-de-bombeiros\/","name":"PM e Corpo de Bombeiros realizam aula inaugural do curso de oficiais - Agazeta.net","isPartOf":{"@id":"https:\/\/nk7-testes.com.br\/agazeta\/#website"},"primaryImageOfPage":{"@id":"https:\/\/nk7-testes.com.br\/agazeta\/68-oficiais-ingressam-na-pm-e-corpo-de-bombeiros\/#primaryimage"},"image":{"@id":"https:\/\/nk7-testes.com.br\/agazeta\/68-oficiais-ingressam-na-pm-e-corpo-de-bombeiros\/#primaryimage"},"thumbnailUrl":"https:\/\/nk7-testes.com.br\/agazeta\/wp-content\/uploads\/2017\/01\/060117-policia-cursos-de-oficiais.jpg","datePublished":"2017-01-06T14:04:24+00:00","author":{"@id":"https:\/\/nk7-testes.com.br\/agazeta\/#\/schema\/person\/ff6b39d54d6973bfc57f4140f659b23f"},"breadcrumb":{"@id":"https:\/\/nk7-testes.com.br\/agazeta\/68-oficiais-ingressam-na-pm-e-corpo-de-bombeiros\/#breadcrumb"},"inLanguage":"pt-BR","potentialAction":[{"@type":"ReadAction","target":["https:\/\/nk7-testes.com.br\/agazeta\/68-oficiais-ingressam-na-pm-e-corpo-de-bombeiros\/"]}]},{"@type":"ImageObject","inLanguage":"pt-BR","@id":"https:\/\/nk7-testes.com.br\/agazeta\/68-oficiais-ingressam-na-pm-e-corpo-de-bombeiros\/#primaryimage","url":"https:\/\/nk7-testes.com.br\/agazeta\/wp-content\/uploads\/2017\/01\/060117-policia-cursos-de-oficiais.jpg","contentUrl":"https:\/\/nk7-testes.com.br\/agazeta\/wp-content\/uploads\/2017\/01\/060117-policia-cursos-de-oficiais.jpg","width":458,"height":340,"caption":"060117-policia-cursos-de-oficiais"},{"@type":"BreadcrumbList","@id":"https:\/\/nk7-testes.com.br\/agazeta\/68-oficiais-ingressam-na-pm-e-corpo-de-bombeiros\/#breadcrumb","itemListElement":[{"@type":"ListItem","position":1,"name":"In\u00edcio","item":"https:\/\/nk7-testes.com.br\/agazeta\/"},{"@type":"ListItem","position":2,"name":"PM e Corpo de Bombeiros realizam aula inaugural do curso de oficiais"}]},{"@type":"WebSite","@id":"https:\/\/nk7-testes.com.br\/agazeta\/#website","url":"https:\/\/nk7-testes.com.br\/agazeta\/","name":"Agazeta.net","description":"Agazeta.net - Not\u00edcias de Rio Branco\/AC","potentialAction":[{"@type":"SearchAction","target":{"@type":"EntryPoint","urlTemplate":"https:\/\/nk7-testes.com.br\/agazeta\/?s={search_term_string}"},"query-input":{"@type":"PropertyValueSpecification","valueRequired":true,"valueName":"search_term_string"}}],"inLanguage":"pt-BR"},{"@type":"Person","@id":"https:\/\/nk7-testes.com.br\/agazeta\/#\/schema\/person\/ff6b39d54d6973bfc57f4140f659b23f","name":"Agazeta.Net","url":"https:\/\/nk7-testes.com.br\/agazeta\/author\/agazeta\/"}]}},"_links":{"self":[{"href":"https:\/\/nk7-testes.com.br\/agazeta\/wp-json\/wp\/v2\/posts\/27283","targetHints":{"allow":["GET"]}}],"collection":[{"href":"https:\/\/nk7-testes.com.br\/agazeta\/wp-json\/wp\/v2\/posts"}],"about":[{"href":"https:\/\/nk7-testes.com.br\/agazeta\/wp-json\/wp\/v2\/types\/post"}],"author":[{"embeddable":true,"href":"https:\/\/nk7-testes.com.br\/agazeta\/wp-json\/wp\/v2\/users\/4"}],"replies":[{"embeddable":true,"href":"https:\/\/nk7-testes.com.br\/agazeta\/wp-json\/wp\/v2\/comments?post=27283"}],"version-history":[{"count":0,"href":"https:\/\/nk7-testes.com.br\/agazeta\/wp-json\/wp\/v2\/posts\/27283\/revisions"}],"wp:featuredmedia":[{"embeddable":true,"href":"https:\/\/nk7-testes.com.br\/agazeta\/wp-json\/wp\/v2\/media\/27282"}],"wp:attachment":[{"href":"https:\/\/nk7-testes.com.br\/agazeta\/wp-json\/wp\/v2\/media?parent=27283"}],"wp:term":[{"taxonomy":"category","embeddable":true,"href":"https:\/\/nk7-testes.com.br\/agazeta\/wp-json\/wp\/v2\/categories?post=27283"},{"taxonomy":"post_tag","embeddable":true,"href":"https:\/\/nk7-testes.com.br\/agazeta\/wp-json\/wp\/v2\/tags?post=27283"}],"curies":[{"name":"wp","href":"https:\/\/api.w.org\/{rel}","templated":true}]}}