{"id":27279,"date":"2017-01-05T22:19:00","date_gmt":"2017-01-05T22:19:00","guid":{"rendered":"https:\/\/abarevegan.com.br\/index.php\/2017\/01\/05\/briga-entre-presos-do-regime-fechado-acaba-com-um-ferido\/"},"modified":"2017-01-05T22:19:00","modified_gmt":"2017-01-05T22:19:00","slug":"briga-entre-presos-do-regime-fechado-acaba-com-um-ferido","status":"publish","type":"post","link":"https:\/\/nk7-testes.com.br\/agazeta\/briga-entre-presos-do-regime-fechado-acaba-com-um-ferido\/","title":{"rendered":"Briga entre presos do regime fechado acaba com um ferido"},"content":{"rendered":"<p style=\"text-align: justify;\">V\u00edtima foi espancada e teve fratura exposta nas pernas<\/p>\n<p style=\"text-align: justify;\">Por volta das 16 horas desta quinta-feira (5) o Servi\u00e7o M\u00f3vel de Urg\u00eancia foi acionado por agentes penitenci\u00e1rios. Uma briga entre detentos acabou com uma pessoa ferida. Ismael Rodrigues Lima, de 32 anos, foi levado \u00e0s pressas ao Pronto Socorro com v\u00e1rias marcas de agress\u00f5es e as pernas quebradas.<\/p>\n<p style=\"text-align: justify;\">\u201cO quadro \u00e9 est\u00e1vel. Ele teve fratura nas duas pernas por agress\u00e3o f\u00edsica e les\u00e3o no bra\u00e7o esquerdo, causado por estoque, pela informa\u00e7\u00e3o que tivemos. Ele n\u00e3o teve les\u00e3o no abd\u00f4men nem no t\u00f3rax ent\u00e3o n\u00e3o corre risco de morte\u201d, informou o m\u00e9dico Ant\u00f4nio Castro.<\/p>\n<p style=\"text-align: justify;\">Os envolvidos s\u00e3o presos do regime fechado e a confus\u00e3o aconteceu no pavilh\u00e3o K, local conhecido como Chap\u00e3o. Segundo a assessoria de comunica\u00e7\u00e3o do Instituto de Administra\u00e7\u00e3o Penitenci\u00e1ria (Iapen) o agressor seria conduzido \u00e0 Delegacia de Flagrantes (Defla).<\/p>\n","protected":false},"excerpt":{"rendered":"<p style=\"text-align: justify;\">V\u00edtima foi espancada e teve fratura exposta nas pernas<\/p>\n","protected":false},"author":4,"featured_media":27278,"comment_status":"open","ping_status":"open","sticky":false,"template":"","format":"standard","meta":{"jnews-multi-image_gallery":[],"jnews_single_post":[],"jnews_primary_category":[],"jnews_social_meta":[],"jnews_review":[],"enable_review":"","type":"","name":"","summary":"","brand":"","sku":"","good":[],"bad":[],"score_override":"","override_value":"","rating":[],"price":[],"footnotes":""},"categories":[44],"tags":[],"class_list":["post-27279","post","type-post","status-publish","format-standard","has-post-thumbnail","hentry","category-policia"],"yoast_head":"<!-- This site is optimized with the Yoast SEO plugin v26.5 - https:\/\/yoast.com\/wordpress\/plugins\/seo\/ -->\n<title>Briga entre presos do regime fechado acaba com um ferido - Agazeta.net<\/title>\n<meta name=\"robots\" content=\"index, follow, max-snippet:-1, max-image-preview:large, max-video-preview:-1\" \/>\n<link rel=\"canonical\" href=\"https:\/\/nk7-testes.com.br\/agazeta\/briga-entre-presos-do-regime-fechado-acaba-com-um-ferido\/\" \/>\n<meta property=\"og:locale\" content=\"pt_BR\" \/>\n<meta property=\"og:type\" content=\"article\" \/>\n<meta property=\"og:title\" content=\"Briga entre presos do regime fechado acaba com um ferido - Agazeta.net\" \/>\n<meta property=\"og:description\" content=\"V\u00edtima foi espancada e teve fratura exposta nas pernas\" \/>\n<meta property=\"og:url\" content=\"https:\/\/nk7-testes.com.br\/agazeta\/briga-entre-presos-do-regime-fechado-acaba-com-um-ferido\/\" \/>\n<meta property=\"og:site_name\" content=\"Agazeta.net\" \/>\n<meta property=\"article:published_time\" content=\"2017-01-05T22:19:00+00:00\" \/>\n<meta property=\"og:image\" content=\"https:\/\/nk7-testes.com.br\/agazeta\/wp-content\/uploads\/2017\/01\/050117-policia-presoespancado.jpg\" \/>\n\t<meta property=\"og:image:width\" content=\"458\" \/>\n\t<meta property=\"og:image:height\" content=\"340\" \/>\n\t<meta property=\"og:image:type\" content=\"image\/jpeg\" \/>\n<meta name=\"author\" content=\"Agazeta.Net\" \/>\n<meta name=\"twitter:card\" content=\"summary_large_image\" \/>\n<meta name=\"twitter:label1\" content=\"Escrito por\" \/>\n\t<meta name=\"twitter:data1\" content=\"Agazeta.Net\" \/>\n\t<meta name=\"twitter:label2\" content=\"Est. tempo de leitura\" \/>\n\t<meta name=\"twitter:data2\" content=\"1 minuto\" \/>\n<script type=\"application\/ld+json\" class=\"yoast-schema-graph\">{\"@context\":\"https:\/\/schema.org\",\"@graph\":[{\"@type\":\"WebPage\",\"@id\":\"https:\/\/nk7-testes.com.br\/agazeta\/briga-entre-presos-do-regime-fechado-acaba-com-um-ferido\/\",\"url\":\"https:\/\/nk7-testes.com.br\/agazeta\/briga-entre-presos-do-regime-fechado-acaba-com-um-ferido\/\",\"name\":\"Briga entre presos do regime fechado acaba com um ferido - Agazeta.net\",\"isPartOf\":{\"@id\":\"https:\/\/nk7-testes.com.br\/agazeta\/#website\"},\"primaryImageOfPage\":{\"@id\":\"https:\/\/nk7-testes.com.br\/agazeta\/briga-entre-presos-do-regime-fechado-acaba-com-um-ferido\/#primaryimage\"},\"image\":{\"@id\":\"https:\/\/nk7-testes.com.br\/agazeta\/briga-entre-presos-do-regime-fechado-acaba-com-um-ferido\/#primaryimage\"},\"thumbnailUrl\":\"https:\/\/nk7-testes.com.br\/agazeta\/wp-content\/uploads\/2017\/01\/050117-policia-presoespancado.jpg\",\"datePublished\":\"2017-01-05T22:19:00+00:00\",\"author\":{\"@id\":\"https:\/\/nk7-testes.com.br\/agazeta\/#\/schema\/person\/ff6b39d54d6973bfc57f4140f659b23f\"},\"breadcrumb\":{\"@id\":\"https:\/\/nk7-testes.com.br\/agazeta\/briga-entre-presos-do-regime-fechado-acaba-com-um-ferido\/#breadcrumb\"},\"inLanguage\":\"pt-BR\",\"potentialAction\":[{\"@type\":\"ReadAction\",\"target\":[\"https:\/\/nk7-testes.com.br\/agazeta\/briga-entre-presos-do-regime-fechado-acaba-com-um-ferido\/\"]}]},{\"@type\":\"ImageObject\",\"inLanguage\":\"pt-BR\",\"@id\":\"https:\/\/nk7-testes.com.br\/agazeta\/briga-entre-presos-do-regime-fechado-acaba-com-um-ferido\/#primaryimage\",\"url\":\"https:\/\/nk7-testes.com.br\/agazeta\/wp-content\/uploads\/2017\/01\/050117-policia-presoespancado.jpg\",\"contentUrl\":\"https:\/\/nk7-testes.com.br\/agazeta\/wp-content\/uploads\/2017\/01\/050117-policia-presoespancado.jpg\",\"width\":458,\"height\":340,\"caption\":\"050117-policia-presoespancado\"},{\"@type\":\"BreadcrumbList\",\"@id\":\"https:\/\/nk7-testes.com.br\/agazeta\/briga-entre-presos-do-regime-fechado-acaba-com-um-ferido\/#breadcrumb\",\"itemListElement\":[{\"@type\":\"ListItem\",\"position\":1,\"name\":\"In\u00edcio\",\"item\":\"https:\/\/nk7-testes.com.br\/agazeta\/\"},{\"@type\":\"ListItem\",\"position\":2,\"name\":\"Briga entre presos do regime fechado acaba com um ferido\"}]},{\"@type\":\"WebSite\",\"@id\":\"https:\/\/nk7-testes.com.br\/agazeta\/#website\",\"url\":\"https:\/\/nk7-testes.com.br\/agazeta\/\",\"name\":\"Agazeta.net\",\"description\":\"Agazeta.net - Not\u00edcias de Rio Branco\/AC\",\"potentialAction\":[{\"@type\":\"SearchAction\",\"target\":{\"@type\":\"EntryPoint\",\"urlTemplate\":\"https:\/\/nk7-testes.com.br\/agazeta\/?s={search_term_string}\"},\"query-input\":{\"@type\":\"PropertyValueSpecification\",\"valueRequired\":true,\"valueName\":\"search_term_string\"}}],\"inLanguage\":\"pt-BR\"},{\"@type\":\"Person\",\"@id\":\"https:\/\/nk7-testes.com.br\/agazeta\/#\/schema\/person\/ff6b39d54d6973bfc57f4140f659b23f\",\"name\":\"Agazeta.Net\",\"url\":\"https:\/\/nk7-testes.com.br\/agazeta\/author\/agazeta\/\"}]}<\/script>\n<!-- \/ Yoast SEO plugin. -->","yoast_head_json":{"title":"Briga entre presos do regime fechado acaba com um ferido - Agazeta.net","robots":{"index":"index","follow":"follow","max-snippet":"max-snippet:-1","max-image-preview":"max-image-preview:large","max-video-preview":"max-video-preview:-1"},"canonical":"https:\/\/nk7-testes.com.br\/agazeta\/briga-entre-presos-do-regime-fechado-acaba-com-um-ferido\/","og_locale":"pt_BR","og_type":"article","og_title":"Briga entre presos do regime fechado acaba com um ferido - Agazeta.net","og_description":"V\u00edtima foi espancada e teve fratura exposta nas pernas","og_url":"https:\/\/nk7-testes.com.br\/agazeta\/briga-entre-presos-do-regime-fechado-acaba-com-um-ferido\/","og_site_name":"Agazeta.net","article_published_time":"2017-01-05T22:19:00+00:00","og_image":[{"width":458,"height":340,"url":"https:\/\/nk7-testes.com.br\/agazeta\/wp-content\/uploads\/2017\/01\/050117-policia-presoespancado.jpg","type":"image\/jpeg"}],"author":"Agazeta.Net","twitter_card":"summary_large_image","twitter_misc":{"Escrito por":"Agazeta.Net","Est. tempo de leitura":"1 minuto"},"schema":{"@context":"https:\/\/schema.org","@graph":[{"@type":"WebPage","@id":"https:\/\/nk7-testes.com.br\/agazeta\/briga-entre-presos-do-regime-fechado-acaba-com-um-ferido\/","url":"https:\/\/nk7-testes.com.br\/agazeta\/briga-entre-presos-do-regime-fechado-acaba-com-um-ferido\/","name":"Briga entre presos do regime fechado acaba com um ferido - Agazeta.net","isPartOf":{"@id":"https:\/\/nk7-testes.com.br\/agazeta\/#website"},"primaryImageOfPage":{"@id":"https:\/\/nk7-testes.com.br\/agazeta\/briga-entre-presos-do-regime-fechado-acaba-com-um-ferido\/#primaryimage"},"image":{"@id":"https:\/\/nk7-testes.com.br\/agazeta\/briga-entre-presos-do-regime-fechado-acaba-com-um-ferido\/#primaryimage"},"thumbnailUrl":"https:\/\/nk7-testes.com.br\/agazeta\/wp-content\/uploads\/2017\/01\/050117-policia-presoespancado.jpg","datePublished":"2017-01-05T22:19:00+00:00","author":{"@id":"https:\/\/nk7-testes.com.br\/agazeta\/#\/schema\/person\/ff6b39d54d6973bfc57f4140f659b23f"},"breadcrumb":{"@id":"https:\/\/nk7-testes.com.br\/agazeta\/briga-entre-presos-do-regime-fechado-acaba-com-um-ferido\/#breadcrumb"},"inLanguage":"pt-BR","potentialAction":[{"@type":"ReadAction","target":["https:\/\/nk7-testes.com.br\/agazeta\/briga-entre-presos-do-regime-fechado-acaba-com-um-ferido\/"]}]},{"@type":"ImageObject","inLanguage":"pt-BR","@id":"https:\/\/nk7-testes.com.br\/agazeta\/briga-entre-presos-do-regime-fechado-acaba-com-um-ferido\/#primaryimage","url":"https:\/\/nk7-testes.com.br\/agazeta\/wp-content\/uploads\/2017\/01\/050117-policia-presoespancado.jpg","contentUrl":"https:\/\/nk7-testes.com.br\/agazeta\/wp-content\/uploads\/2017\/01\/050117-policia-presoespancado.jpg","width":458,"height":340,"caption":"050117-policia-presoespancado"},{"@type":"BreadcrumbList","@id":"https:\/\/nk7-testes.com.br\/agazeta\/briga-entre-presos-do-regime-fechado-acaba-com-um-ferido\/#breadcrumb","itemListElement":[{"@type":"ListItem","position":1,"name":"In\u00edcio","item":"https:\/\/nk7-testes.com.br\/agazeta\/"},{"@type":"ListItem","position":2,"name":"Briga entre presos do regime fechado acaba com um ferido"}]},{"@type":"WebSite","@id":"https:\/\/nk7-testes.com.br\/agazeta\/#website","url":"https:\/\/nk7-testes.com.br\/agazeta\/","name":"Agazeta.net","description":"Agazeta.net - Not\u00edcias de Rio Branco\/AC","potentialAction":[{"@type":"SearchAction","target":{"@type":"EntryPoint","urlTemplate":"https:\/\/nk7-testes.com.br\/agazeta\/?s={search_term_string}"},"query-input":{"@type":"PropertyValueSpecification","valueRequired":true,"valueName":"search_term_string"}}],"inLanguage":"pt-BR"},{"@type":"Person","@id":"https:\/\/nk7-testes.com.br\/agazeta\/#\/schema\/person\/ff6b39d54d6973bfc57f4140f659b23f","name":"Agazeta.Net","url":"https:\/\/nk7-testes.com.br\/agazeta\/author\/agazeta\/"}]}},"_links":{"self":[{"href":"https:\/\/nk7-testes.com.br\/agazeta\/wp-json\/wp\/v2\/posts\/27279","targetHints":{"allow":["GET"]}}],"collection":[{"href":"https:\/\/nk7-testes.com.br\/agazeta\/wp-json\/wp\/v2\/posts"}],"about":[{"href":"https:\/\/nk7-testes.com.br\/agazeta\/wp-json\/wp\/v2\/types\/post"}],"author":[{"embeddable":true,"href":"https:\/\/nk7-testes.com.br\/agazeta\/wp-json\/wp\/v2\/users\/4"}],"replies":[{"embeddable":true,"href":"https:\/\/nk7-testes.com.br\/agazeta\/wp-json\/wp\/v2\/comments?post=27279"}],"version-history":[{"count":0,"href":"https:\/\/nk7-testes.com.br\/agazeta\/wp-json\/wp\/v2\/posts\/27279\/revisions"}],"wp:featuredmedia":[{"embeddable":true,"href":"https:\/\/nk7-testes.com.br\/agazeta\/wp-json\/wp\/v2\/media\/27278"}],"wp:attachment":[{"href":"https:\/\/nk7-testes.com.br\/agazeta\/wp-json\/wp\/v2\/media?parent=27279"}],"wp:term":[{"taxonomy":"category","embeddable":true,"href":"https:\/\/nk7-testes.com.br\/agazeta\/wp-json\/wp\/v2\/categories?post=27279"},{"taxonomy":"post_tag","embeddable":true,"href":"https:\/\/nk7-testes.com.br\/agazeta\/wp-json\/wp\/v2\/tags?post=27279"}],"curies":[{"name":"wp","href":"https:\/\/api.w.org\/{rel}","templated":true}]}}