{"id":27275,"date":"2017-01-05T20:33:56","date_gmt":"2017-01-05T20:33:56","guid":{"rendered":"https:\/\/abarevegan.com.br\/index.php\/2017\/01\/05\/estado-quer-prevenir-problemas-como-os-do-presidio-do-amazonas\/"},"modified":"2017-01-05T20:33:56","modified_gmt":"2017-01-05T20:33:56","slug":"estado-quer-prevenir-problemas-como-os-do-presidio-do-amazonas","status":"publish","type":"post","link":"https:\/\/nk7-testes.com.br\/agazeta\/estado-quer-prevenir-problemas-como-os-do-presidio-do-amazonas\/","title":{"rendered":"Estado quer prevenir problemas como os do pres\u00eddio do Amazonas"},"content":{"rendered":"<p style=\"text-align: justify;\">Seguran\u00e7a nos pres\u00eddios do Acre ser\u00e1 refor\u00e7ada<\/p>\n<p style=\"text-align: justify;\">Para evitar que os pres\u00eddios do Acre n\u00e3o acompanhem a barb\u00e1rie do sistema prisional do Amazonas, a Secretaria de Seguran\u00e7a do Estado preparou um esquema para refor\u00e7ar a seguran\u00e7a nas unidades. A ordem \u00e9 ser duro nas revistas pessoais e em tudo que entrar nos pres\u00eddios. Policiais militares v\u00e3o refor\u00e7ar a seguran\u00e7a nas guaritas e muros.<\/p>\n<p style=\"text-align: justify;\">Em outubro do ano passado, os presos mandaram um recado: uma disputa entre fac\u00e7\u00f5es deixou tr\u00eas mortos no pres\u00eddio Francisco de Oliveira Conde.<\/p>\n<p style=\"text-align: justify;\">De com diretor presidente do Instituto de Administra\u00e7\u00e3o Penitenci\u00e1ria, Martin Hessel, disse que o Ise espera melhorar a estrutura das unidades e dos agentes penitenci\u00e1rios para evitar futuros conflitos e fugas. Para isso o Acre vai receber R$ 44 milh\u00f5es do Fundo Nacional Penitenci\u00e1rio. Desse dinheiro R$ 31 milh\u00f5es ser\u00e3o para obras e o restante para a compra de viaturas, coletes e fardas para os agentes. \u201cEstamos trabalhando de todas as formas para garantir que as unidades prisionais n\u00e3o fiquem fragilizadas e entregues nas m\u00e3os dos bandidos.\u201d<\/p>\n<p style=\"text-align: justify;\">A Secretaria de Seguran\u00e7a tamb\u00e9m colocou o servi\u00e7o de intelig\u00eancia para monitorar as ordens que saem dos pres\u00eddios para o cometimento de crimes do lado de fora. \u201cCom esses recursos finalmente o estado vai poder comprar os bloqueadores de celulares uma das principais armas dos bandidos presos\u201d, explicou Hessel.<\/p>\n<p style=\"text-align: justify;\">Se aparecerem amea\u00e7as de fugas e motins o Estado vai preparar um plano emergencial, onde os l\u00edderes dos movimentos ser\u00e3o transferidos para outros estados e presos colocados no regime disciplinar diferenciado, o RDD, onde ele perde alguns benef\u00edcios como visitas e banho de sol.<\/p>\n","protected":false},"excerpt":{"rendered":"<p style=\"text-align: justify;\">Seguran\u00e7a nos pres\u00eddios do Acre ser\u00e1 refor\u00e7ada<\/p>\n","protected":false},"author":4,"featured_media":27274,"comment_status":"open","ping_status":"open","sticky":false,"template":"","format":"standard","meta":{"jnews-multi-image_gallery":[],"jnews_single_post":[],"jnews_primary_category":[],"jnews_social_meta":[],"jnews_review":[],"enable_review":"","type":"","name":"","summary":"","brand":"","sku":"","good":[],"bad":[],"score_override":"","override_value":"","rating":[],"price":[],"footnotes":""},"categories":[44],"tags":[],"class_list":["post-27275","post","type-post","status-publish","format-standard","has-post-thumbnail","hentry","category-policia"],"yoast_head":"<!-- This site is optimized with the Yoast SEO plugin v26.5 - https:\/\/yoast.com\/wordpress\/plugins\/seo\/ -->\n<title>Estado quer prevenir problemas como os do pres\u00eddio do Amazonas - Agazeta.net<\/title>\n<meta name=\"robots\" content=\"index, follow, max-snippet:-1, max-image-preview:large, max-video-preview:-1\" \/>\n<link rel=\"canonical\" href=\"https:\/\/nk7-testes.com.br\/agazeta\/estado-quer-prevenir-problemas-como-os-do-presidio-do-amazonas\/\" \/>\n<meta property=\"og:locale\" content=\"pt_BR\" \/>\n<meta property=\"og:type\" content=\"article\" \/>\n<meta property=\"og:title\" content=\"Estado quer prevenir problemas como os do pres\u00eddio do Amazonas - Agazeta.net\" \/>\n<meta property=\"og:description\" content=\"Seguran\u00e7a nos pres\u00eddios do Acre ser\u00e1 refor\u00e7ada\" \/>\n<meta property=\"og:url\" content=\"https:\/\/nk7-testes.com.br\/agazeta\/estado-quer-prevenir-problemas-como-os-do-presidio-do-amazonas\/\" \/>\n<meta property=\"og:site_name\" content=\"Agazeta.net\" \/>\n<meta property=\"article:published_time\" content=\"2017-01-05T20:33:56+00:00\" \/>\n<meta property=\"og:image\" content=\"https:\/\/nk7-testes.com.br\/agazeta\/wp-content\/uploads\/2017\/01\/050117-policia-presidios-reforco.jpg\" \/>\n\t<meta property=\"og:image:width\" content=\"458\" \/>\n\t<meta property=\"og:image:height\" content=\"340\" \/>\n\t<meta property=\"og:image:type\" content=\"image\/jpeg\" \/>\n<meta name=\"author\" content=\"Agazeta.Net\" \/>\n<meta name=\"twitter:card\" content=\"summary_large_image\" \/>\n<meta name=\"twitter:label1\" content=\"Escrito por\" \/>\n\t<meta name=\"twitter:data1\" content=\"Agazeta.Net\" \/>\n\t<meta name=\"twitter:label2\" content=\"Est. tempo de leitura\" \/>\n\t<meta name=\"twitter:data2\" content=\"1 minuto\" \/>\n<script type=\"application\/ld+json\" class=\"yoast-schema-graph\">{\"@context\":\"https:\/\/schema.org\",\"@graph\":[{\"@type\":\"WebPage\",\"@id\":\"https:\/\/nk7-testes.com.br\/agazeta\/estado-quer-prevenir-problemas-como-os-do-presidio-do-amazonas\/\",\"url\":\"https:\/\/nk7-testes.com.br\/agazeta\/estado-quer-prevenir-problemas-como-os-do-presidio-do-amazonas\/\",\"name\":\"Estado quer prevenir problemas como os do pres\u00eddio do Amazonas - Agazeta.net\",\"isPartOf\":{\"@id\":\"https:\/\/nk7-testes.com.br\/agazeta\/#website\"},\"primaryImageOfPage\":{\"@id\":\"https:\/\/nk7-testes.com.br\/agazeta\/estado-quer-prevenir-problemas-como-os-do-presidio-do-amazonas\/#primaryimage\"},\"image\":{\"@id\":\"https:\/\/nk7-testes.com.br\/agazeta\/estado-quer-prevenir-problemas-como-os-do-presidio-do-amazonas\/#primaryimage\"},\"thumbnailUrl\":\"https:\/\/nk7-testes.com.br\/agazeta\/wp-content\/uploads\/2017\/01\/050117-policia-presidios-reforco.jpg\",\"datePublished\":\"2017-01-05T20:33:56+00:00\",\"author\":{\"@id\":\"https:\/\/nk7-testes.com.br\/agazeta\/#\/schema\/person\/ff6b39d54d6973bfc57f4140f659b23f\"},\"breadcrumb\":{\"@id\":\"https:\/\/nk7-testes.com.br\/agazeta\/estado-quer-prevenir-problemas-como-os-do-presidio-do-amazonas\/#breadcrumb\"},\"inLanguage\":\"pt-BR\",\"potentialAction\":[{\"@type\":\"ReadAction\",\"target\":[\"https:\/\/nk7-testes.com.br\/agazeta\/estado-quer-prevenir-problemas-como-os-do-presidio-do-amazonas\/\"]}]},{\"@type\":\"ImageObject\",\"inLanguage\":\"pt-BR\",\"@id\":\"https:\/\/nk7-testes.com.br\/agazeta\/estado-quer-prevenir-problemas-como-os-do-presidio-do-amazonas\/#primaryimage\",\"url\":\"https:\/\/nk7-testes.com.br\/agazeta\/wp-content\/uploads\/2017\/01\/050117-policia-presidios-reforco.jpg\",\"contentUrl\":\"https:\/\/nk7-testes.com.br\/agazeta\/wp-content\/uploads\/2017\/01\/050117-policia-presidios-reforco.jpg\",\"width\":458,\"height\":340,\"caption\":\"050117-policia-presidios-refor\u00e7o\"},{\"@type\":\"BreadcrumbList\",\"@id\":\"https:\/\/nk7-testes.com.br\/agazeta\/estado-quer-prevenir-problemas-como-os-do-presidio-do-amazonas\/#breadcrumb\",\"itemListElement\":[{\"@type\":\"ListItem\",\"position\":1,\"name\":\"In\u00edcio\",\"item\":\"https:\/\/nk7-testes.com.br\/agazeta\/\"},{\"@type\":\"ListItem\",\"position\":2,\"name\":\"Estado quer prevenir problemas como os do pres\u00eddio do Amazonas\"}]},{\"@type\":\"WebSite\",\"@id\":\"https:\/\/nk7-testes.com.br\/agazeta\/#website\",\"url\":\"https:\/\/nk7-testes.com.br\/agazeta\/\",\"name\":\"Agazeta.net\",\"description\":\"Agazeta.net - Not\u00edcias de Rio Branco\/AC\",\"potentialAction\":[{\"@type\":\"SearchAction\",\"target\":{\"@type\":\"EntryPoint\",\"urlTemplate\":\"https:\/\/nk7-testes.com.br\/agazeta\/?s={search_term_string}\"},\"query-input\":{\"@type\":\"PropertyValueSpecification\",\"valueRequired\":true,\"valueName\":\"search_term_string\"}}],\"inLanguage\":\"pt-BR\"},{\"@type\":\"Person\",\"@id\":\"https:\/\/nk7-testes.com.br\/agazeta\/#\/schema\/person\/ff6b39d54d6973bfc57f4140f659b23f\",\"name\":\"Agazeta.Net\",\"url\":\"https:\/\/nk7-testes.com.br\/agazeta\/author\/agazeta\/\"}]}<\/script>\n<!-- \/ Yoast SEO plugin. -->","yoast_head_json":{"title":"Estado quer prevenir problemas como os do pres\u00eddio do Amazonas - Agazeta.net","robots":{"index":"index","follow":"follow","max-snippet":"max-snippet:-1","max-image-preview":"max-image-preview:large","max-video-preview":"max-video-preview:-1"},"canonical":"https:\/\/nk7-testes.com.br\/agazeta\/estado-quer-prevenir-problemas-como-os-do-presidio-do-amazonas\/","og_locale":"pt_BR","og_type":"article","og_title":"Estado quer prevenir problemas como os do pres\u00eddio do Amazonas - Agazeta.net","og_description":"Seguran\u00e7a nos pres\u00eddios do Acre ser\u00e1 refor\u00e7ada","og_url":"https:\/\/nk7-testes.com.br\/agazeta\/estado-quer-prevenir-problemas-como-os-do-presidio-do-amazonas\/","og_site_name":"Agazeta.net","article_published_time":"2017-01-05T20:33:56+00:00","og_image":[{"width":458,"height":340,"url":"https:\/\/nk7-testes.com.br\/agazeta\/wp-content\/uploads\/2017\/01\/050117-policia-presidios-reforco.jpg","type":"image\/jpeg"}],"author":"Agazeta.Net","twitter_card":"summary_large_image","twitter_misc":{"Escrito por":"Agazeta.Net","Est. tempo de leitura":"1 minuto"},"schema":{"@context":"https:\/\/schema.org","@graph":[{"@type":"WebPage","@id":"https:\/\/nk7-testes.com.br\/agazeta\/estado-quer-prevenir-problemas-como-os-do-presidio-do-amazonas\/","url":"https:\/\/nk7-testes.com.br\/agazeta\/estado-quer-prevenir-problemas-como-os-do-presidio-do-amazonas\/","name":"Estado quer prevenir problemas como os do pres\u00eddio do Amazonas - Agazeta.net","isPartOf":{"@id":"https:\/\/nk7-testes.com.br\/agazeta\/#website"},"primaryImageOfPage":{"@id":"https:\/\/nk7-testes.com.br\/agazeta\/estado-quer-prevenir-problemas-como-os-do-presidio-do-amazonas\/#primaryimage"},"image":{"@id":"https:\/\/nk7-testes.com.br\/agazeta\/estado-quer-prevenir-problemas-como-os-do-presidio-do-amazonas\/#primaryimage"},"thumbnailUrl":"https:\/\/nk7-testes.com.br\/agazeta\/wp-content\/uploads\/2017\/01\/050117-policia-presidios-reforco.jpg","datePublished":"2017-01-05T20:33:56+00:00","author":{"@id":"https:\/\/nk7-testes.com.br\/agazeta\/#\/schema\/person\/ff6b39d54d6973bfc57f4140f659b23f"},"breadcrumb":{"@id":"https:\/\/nk7-testes.com.br\/agazeta\/estado-quer-prevenir-problemas-como-os-do-presidio-do-amazonas\/#breadcrumb"},"inLanguage":"pt-BR","potentialAction":[{"@type":"ReadAction","target":["https:\/\/nk7-testes.com.br\/agazeta\/estado-quer-prevenir-problemas-como-os-do-presidio-do-amazonas\/"]}]},{"@type":"ImageObject","inLanguage":"pt-BR","@id":"https:\/\/nk7-testes.com.br\/agazeta\/estado-quer-prevenir-problemas-como-os-do-presidio-do-amazonas\/#primaryimage","url":"https:\/\/nk7-testes.com.br\/agazeta\/wp-content\/uploads\/2017\/01\/050117-policia-presidios-reforco.jpg","contentUrl":"https:\/\/nk7-testes.com.br\/agazeta\/wp-content\/uploads\/2017\/01\/050117-policia-presidios-reforco.jpg","width":458,"height":340,"caption":"050117-policia-presidios-refor\u00e7o"},{"@type":"BreadcrumbList","@id":"https:\/\/nk7-testes.com.br\/agazeta\/estado-quer-prevenir-problemas-como-os-do-presidio-do-amazonas\/#breadcrumb","itemListElement":[{"@type":"ListItem","position":1,"name":"In\u00edcio","item":"https:\/\/nk7-testes.com.br\/agazeta\/"},{"@type":"ListItem","position":2,"name":"Estado quer prevenir problemas como os do pres\u00eddio do Amazonas"}]},{"@type":"WebSite","@id":"https:\/\/nk7-testes.com.br\/agazeta\/#website","url":"https:\/\/nk7-testes.com.br\/agazeta\/","name":"Agazeta.net","description":"Agazeta.net - Not\u00edcias de Rio Branco\/AC","potentialAction":[{"@type":"SearchAction","target":{"@type":"EntryPoint","urlTemplate":"https:\/\/nk7-testes.com.br\/agazeta\/?s={search_term_string}"},"query-input":{"@type":"PropertyValueSpecification","valueRequired":true,"valueName":"search_term_string"}}],"inLanguage":"pt-BR"},{"@type":"Person","@id":"https:\/\/nk7-testes.com.br\/agazeta\/#\/schema\/person\/ff6b39d54d6973bfc57f4140f659b23f","name":"Agazeta.Net","url":"https:\/\/nk7-testes.com.br\/agazeta\/author\/agazeta\/"}]}},"_links":{"self":[{"href":"https:\/\/nk7-testes.com.br\/agazeta\/wp-json\/wp\/v2\/posts\/27275","targetHints":{"allow":["GET"]}}],"collection":[{"href":"https:\/\/nk7-testes.com.br\/agazeta\/wp-json\/wp\/v2\/posts"}],"about":[{"href":"https:\/\/nk7-testes.com.br\/agazeta\/wp-json\/wp\/v2\/types\/post"}],"author":[{"embeddable":true,"href":"https:\/\/nk7-testes.com.br\/agazeta\/wp-json\/wp\/v2\/users\/4"}],"replies":[{"embeddable":true,"href":"https:\/\/nk7-testes.com.br\/agazeta\/wp-json\/wp\/v2\/comments?post=27275"}],"version-history":[{"count":0,"href":"https:\/\/nk7-testes.com.br\/agazeta\/wp-json\/wp\/v2\/posts\/27275\/revisions"}],"wp:featuredmedia":[{"embeddable":true,"href":"https:\/\/nk7-testes.com.br\/agazeta\/wp-json\/wp\/v2\/media\/27274"}],"wp:attachment":[{"href":"https:\/\/nk7-testes.com.br\/agazeta\/wp-json\/wp\/v2\/media?parent=27275"}],"wp:term":[{"taxonomy":"category","embeddable":true,"href":"https:\/\/nk7-testes.com.br\/agazeta\/wp-json\/wp\/v2\/categories?post=27275"},{"taxonomy":"post_tag","embeddable":true,"href":"https:\/\/nk7-testes.com.br\/agazeta\/wp-json\/wp\/v2\/tags?post=27275"}],"curies":[{"name":"wp","href":"https:\/\/api.w.org\/{rel}","templated":true}]}}