{"id":27235,"date":"2017-01-04T14:44:02","date_gmt":"2017-01-04T14:44:02","guid":{"rendered":"https:\/\/abarevegan.com.br\/index.php\/2017\/01\/04\/papudinha-passa-por-reformas-apos-ataques-do-ano-passado\/"},"modified":"2017-01-04T14:44:02","modified_gmt":"2017-01-04T14:44:02","slug":"papudinha-passa-por-reformas-apos-ataques-do-ano-passado","status":"publish","type":"post","link":"https:\/\/nk7-testes.com.br\/agazeta\/papudinha-passa-por-reformas-apos-ataques-do-ano-passado\/","title":{"rendered":"Papudinha passa por reformas ap\u00f3s ataques do ano passado"},"content":{"rendered":"<p style=\"text-align: justify;\">Pol\u00edcia Militar refor\u00e7a seguran\u00e7a na entrada dos detentos<\/p>\n<p style=\"text-align: justify;\">A Unidade Prisional 4 (UP4), mais conhecida como Papudinha est\u00e1 passando por reformas que visam melhorar a seguran\u00e7a interna. Temendo novos ataques desde outubro, 160 detentos perderam o benef\u00edcio do semiaberto, porque deixaram de comparecer ao pr\u00e9dio para dormir.<\/p>\n<p style=\"text-align: justify;\">Em outubro do ano passado criminosos promoveram uma noite de terror no entorno do pr\u00e9dio da Papudinha, local onde presos do regime semiaberto pernoitam. No hor\u00e1rio de chegada dos reeducandos homens fortemente armados tentaram invadir o pr\u00e9dio para matar integrantes de fac\u00e7\u00f5es rivais.<\/p>\n<p style=\"text-align: justify;\">O caso exp\u00f4s a vulnerabilidade do local. A ju\u00edza da Vara de Execu\u00e7\u00f5es penais exigiu reformas e medidas no entorno da unidade para refor\u00e7ar a seguran\u00e7a. E por falar em seguran\u00e7a, essa foi uma das palavras mais usadas por presos, que n\u00e3o queriam retornar a UP4, por que temiam novos ataques. At\u00e9 mesmo protestos foram promovidos.<\/p>\n<p style=\"text-align: justify;\">Segundo o diretor da Papudinha, Denis P\u00edcolo, no aspecto de refor\u00e7o humano, as exig\u00eancias do poder judici\u00e1rio foram atendidas. &#8220;N\u00f3s temos hoje a Pol\u00edcia Militar dando apoio, os agentes penitenci\u00e1rios armados com armas longas, que a gente fala armas de grosso calibre&#8221;, explica.<\/p>\n<p style=\"text-align: justify;\">At\u00e9 hoje, poucas mudan\u00e7as estruturais aconteceram na UP4. A maioria delas foi atrav\u00e9s de parceria entre o judici\u00e1rio e a Federa\u00e7\u00e3o das Ind\u00fastrias do Acre (Fieac), com compra de material de constru\u00e7\u00e3o.<\/p>\n<p style=\"text-align: justify;\">No principal acesso ao p\u00fablico em geral, as grades que ficavam pr\u00f3ximas ao alojamento, foram afastadas.<\/p>\n<p style=\"text-align: justify;\">No prazo de dois meses, a meta \u00e9 colocar grades em todas as portas onde os presos dormem e o diretor explica que no acesso principal dos presos, onde no dia do ataque, dois detentos foram baleados, a grade ser\u00e1 removida, sendo substitu\u00edda por uma parede com duas portas.<\/p>\n<p style=\"text-align: justify;\">Com o aparente cessar fogo entre as fac\u00e7\u00f5es criminosas o clima na unidade \u00e9 mais tranquilo, mas n\u00e3o diminui a preocupa\u00e7\u00e3o com a seguran\u00e7a.<\/p>\n<p style=\"text-align: justify;\">Quando a noite cai, mais de 300 presos do regime semiaberto chegam para a UP4 para dormir e ficam juntos, no mesmo alojamento. Muitos fazem parte de fac\u00e7\u00f5es. A dire\u00e7\u00e3o da unidade defende que eles sejam separados. Uma parte ficaria no local e outra no pr\u00e9dio que fica aos fundos da Papudinha, onde h\u00e1 espa\u00e7o suficiente para abrigar uma boa quantidade de pessoas.<\/p>\n<p style=\"text-align: justify;\">&#8220;\u00c9 um pr\u00e9dio que foi adequado para o semiaberto, ent\u00e3o, como \u00e9 um pr\u00e9dio adequado evidentemente que n\u00e3o vai ter a arquitetura que se pense para um preso do semiaberto. Com as adequa\u00e7\u00f5es vai melhorar, n\u00e3o vai resolver, mas esse ano tem perspectivas de investimentos de recursos do governo e acredito que a partir da\u00ed a gente possa ver algum pensamento relacionado ao semiaberto&#8221;, opina.<\/p>\n<p style=\"text-align: justify;\">A \u00e1rea externa do pr\u00e9dio \u00e9 outra preocupa\u00e7\u00e3o e que ainda n\u00e3o tem uma defini\u00e7\u00e3o. &#8220;O projeto nosso total \u00e9 que ele tenha um per\u00edmetro de seguran\u00e7a. Essa parte ainda n\u00e3o est\u00e1 contemplada no projeto, n\u00e3o tem o recurso pra fazer, mas foi pedido um per\u00edmetro de seguran\u00e7a, hoje realmente a unidade n\u00e3o tem&#8221;, acrescenta o diretor.<\/p>\n<p style=\"text-align: justify;\">Entre as medidas exigidas pela ju\u00edza da Vara de Execu\u00e7\u00f5es Penais est\u00e3o a retirada das \u00e1rvores que ficam pr\u00f3ximas e a demoli\u00e7\u00e3o do pr\u00e9dio onde funcionava o Batalh\u00e3o de Opera\u00e7\u00f5es Especiais (Bope). A\u00e7\u00f5es que ampliariam o campo de vis\u00e3o, diminuindo os riscos de emboscadas. As \u00e1rvores, segundo P\u00edcolo, n\u00e3o podem ser derrubadas, de acordo com leis ambientais e por isso, est\u00e3o sendo podadas apenas. O Instituto de Traumatologia (Into) pediu ao governo o pr\u00e9dio do antigo batalh\u00e3o da PM, que deve ser fechado com tapumes.<\/p>\n<p style=\"text-align: justify;\">Desde o dia 18 de outubro, quando aconteceu a tentativa de invas\u00e3o, at\u00e9 hoje 160 detentos perderam o direito ao regime semiaberto. Regrediram ao fechado por que n\u00e3o retornaram \u00e0 Papudinha. Muitos alegaram que temiam morrer em um novo atentado. Segundo as regras, quem falta cinco noites seguidas perde o benef\u00edcio e precisa esperar nova decis\u00e3o judicial.<\/p>\n","protected":false},"excerpt":{"rendered":"<p style=\"text-align: justify;\">Pol\u00edcia Militar refor\u00e7a seguran\u00e7a na entrada dos detentos<\/p>\n","protected":false},"author":4,"featured_media":27234,"comment_status":"open","ping_status":"open","sticky":false,"template":"","format":"standard","meta":{"jnews-multi-image_gallery":[],"jnews_single_post":[],"jnews_primary_category":[],"jnews_social_meta":[],"jnews_review":[],"enable_review":"","type":"","name":"","summary":"","brand":"","sku":"","good":[],"bad":[],"score_override":"","override_value":"","rating":[],"price":[],"footnotes":""},"categories":[44],"tags":[],"class_list":["post-27235","post","type-post","status-publish","format-standard","has-post-thumbnail","hentry","category-policia"],"yoast_head":"<!-- This site is optimized with the Yoast SEO plugin v26.5 - https:\/\/yoast.com\/wordpress\/plugins\/seo\/ -->\n<title>Papudinha passa por reformas ap\u00f3s ataques do ano passado - Agazeta.net<\/title>\n<meta name=\"robots\" content=\"index, follow, max-snippet:-1, max-image-preview:large, max-video-preview:-1\" \/>\n<link rel=\"canonical\" href=\"https:\/\/nk7-testes.com.br\/agazeta\/papudinha-passa-por-reformas-apos-ataques-do-ano-passado\/\" \/>\n<meta property=\"og:locale\" content=\"pt_BR\" \/>\n<meta property=\"og:type\" content=\"article\" \/>\n<meta property=\"og:title\" content=\"Papudinha passa por reformas ap\u00f3s ataques do ano passado - Agazeta.net\" \/>\n<meta property=\"og:description\" content=\"Pol\u00edcia Militar refor\u00e7a seguran\u00e7a na entrada dos detentos\" \/>\n<meta property=\"og:url\" content=\"https:\/\/nk7-testes.com.br\/agazeta\/papudinha-passa-por-reformas-apos-ataques-do-ano-passado\/\" \/>\n<meta property=\"og:site_name\" content=\"Agazeta.net\" \/>\n<meta property=\"article:published_time\" content=\"2017-01-04T14:44:02+00:00\" \/>\n<meta property=\"og:image\" content=\"https:\/\/nk7-testes.com.br\/agazeta\/wp-content\/uploads\/2017\/01\/040117policia-papudinha-seguranca.jpg\" \/>\n\t<meta property=\"og:image:width\" content=\"458\" \/>\n\t<meta property=\"og:image:height\" content=\"340\" \/>\n\t<meta property=\"og:image:type\" content=\"image\/jpeg\" \/>\n<meta name=\"author\" content=\"Agazeta.Net\" \/>\n<meta name=\"twitter:card\" content=\"summary_large_image\" \/>\n<meta name=\"twitter:label1\" content=\"Escrito por\" \/>\n\t<meta name=\"twitter:data1\" content=\"Agazeta.Net\" \/>\n\t<meta name=\"twitter:label2\" content=\"Est. tempo de leitura\" \/>\n\t<meta name=\"twitter:data2\" content=\"4 minutos\" \/>\n<script type=\"application\/ld+json\" class=\"yoast-schema-graph\">{\"@context\":\"https:\/\/schema.org\",\"@graph\":[{\"@type\":\"WebPage\",\"@id\":\"https:\/\/nk7-testes.com.br\/agazeta\/papudinha-passa-por-reformas-apos-ataques-do-ano-passado\/\",\"url\":\"https:\/\/nk7-testes.com.br\/agazeta\/papudinha-passa-por-reformas-apos-ataques-do-ano-passado\/\",\"name\":\"Papudinha passa por reformas ap\u00f3s ataques do ano passado - Agazeta.net\",\"isPartOf\":{\"@id\":\"https:\/\/nk7-testes.com.br\/agazeta\/#website\"},\"primaryImageOfPage\":{\"@id\":\"https:\/\/nk7-testes.com.br\/agazeta\/papudinha-passa-por-reformas-apos-ataques-do-ano-passado\/#primaryimage\"},\"image\":{\"@id\":\"https:\/\/nk7-testes.com.br\/agazeta\/papudinha-passa-por-reformas-apos-ataques-do-ano-passado\/#primaryimage\"},\"thumbnailUrl\":\"https:\/\/nk7-testes.com.br\/agazeta\/wp-content\/uploads\/2017\/01\/040117policia-papudinha-seguranca.jpg\",\"datePublished\":\"2017-01-04T14:44:02+00:00\",\"author\":{\"@id\":\"https:\/\/nk7-testes.com.br\/agazeta\/#\/schema\/person\/ff6b39d54d6973bfc57f4140f659b23f\"},\"breadcrumb\":{\"@id\":\"https:\/\/nk7-testes.com.br\/agazeta\/papudinha-passa-por-reformas-apos-ataques-do-ano-passado\/#breadcrumb\"},\"inLanguage\":\"pt-BR\",\"potentialAction\":[{\"@type\":\"ReadAction\",\"target\":[\"https:\/\/nk7-testes.com.br\/agazeta\/papudinha-passa-por-reformas-apos-ataques-do-ano-passado\/\"]}]},{\"@type\":\"ImageObject\",\"inLanguage\":\"pt-BR\",\"@id\":\"https:\/\/nk7-testes.com.br\/agazeta\/papudinha-passa-por-reformas-apos-ataques-do-ano-passado\/#primaryimage\",\"url\":\"https:\/\/nk7-testes.com.br\/agazeta\/wp-content\/uploads\/2017\/01\/040117policia-papudinha-seguranca.jpg\",\"contentUrl\":\"https:\/\/nk7-testes.com.br\/agazeta\/wp-content\/uploads\/2017\/01\/040117policia-papudinha-seguranca.jpg\",\"width\":458,\"height\":340,\"caption\":\"040117pol\u00edcia-papudinha-seguranca\"},{\"@type\":\"BreadcrumbList\",\"@id\":\"https:\/\/nk7-testes.com.br\/agazeta\/papudinha-passa-por-reformas-apos-ataques-do-ano-passado\/#breadcrumb\",\"itemListElement\":[{\"@type\":\"ListItem\",\"position\":1,\"name\":\"In\u00edcio\",\"item\":\"https:\/\/nk7-testes.com.br\/agazeta\/\"},{\"@type\":\"ListItem\",\"position\":2,\"name\":\"Papudinha passa por reformas ap\u00f3s ataques do ano passado\"}]},{\"@type\":\"WebSite\",\"@id\":\"https:\/\/nk7-testes.com.br\/agazeta\/#website\",\"url\":\"https:\/\/nk7-testes.com.br\/agazeta\/\",\"name\":\"Agazeta.net\",\"description\":\"Agazeta.net - Not\u00edcias de Rio Branco\/AC\",\"potentialAction\":[{\"@type\":\"SearchAction\",\"target\":{\"@type\":\"EntryPoint\",\"urlTemplate\":\"https:\/\/nk7-testes.com.br\/agazeta\/?s={search_term_string}\"},\"query-input\":{\"@type\":\"PropertyValueSpecification\",\"valueRequired\":true,\"valueName\":\"search_term_string\"}}],\"inLanguage\":\"pt-BR\"},{\"@type\":\"Person\",\"@id\":\"https:\/\/nk7-testes.com.br\/agazeta\/#\/schema\/person\/ff6b39d54d6973bfc57f4140f659b23f\",\"name\":\"Agazeta.Net\",\"url\":\"https:\/\/nk7-testes.com.br\/agazeta\/author\/agazeta\/\"}]}<\/script>\n<!-- \/ Yoast SEO plugin. -->","yoast_head_json":{"title":"Papudinha passa por reformas ap\u00f3s ataques do ano passado - Agazeta.net","robots":{"index":"index","follow":"follow","max-snippet":"max-snippet:-1","max-image-preview":"max-image-preview:large","max-video-preview":"max-video-preview:-1"},"canonical":"https:\/\/nk7-testes.com.br\/agazeta\/papudinha-passa-por-reformas-apos-ataques-do-ano-passado\/","og_locale":"pt_BR","og_type":"article","og_title":"Papudinha passa por reformas ap\u00f3s ataques do ano passado - Agazeta.net","og_description":"Pol\u00edcia Militar refor\u00e7a seguran\u00e7a na entrada dos detentos","og_url":"https:\/\/nk7-testes.com.br\/agazeta\/papudinha-passa-por-reformas-apos-ataques-do-ano-passado\/","og_site_name":"Agazeta.net","article_published_time":"2017-01-04T14:44:02+00:00","og_image":[{"width":458,"height":340,"url":"https:\/\/nk7-testes.com.br\/agazeta\/wp-content\/uploads\/2017\/01\/040117policia-papudinha-seguranca.jpg","type":"image\/jpeg"}],"author":"Agazeta.Net","twitter_card":"summary_large_image","twitter_misc":{"Escrito por":"Agazeta.Net","Est. tempo de leitura":"4 minutos"},"schema":{"@context":"https:\/\/schema.org","@graph":[{"@type":"WebPage","@id":"https:\/\/nk7-testes.com.br\/agazeta\/papudinha-passa-por-reformas-apos-ataques-do-ano-passado\/","url":"https:\/\/nk7-testes.com.br\/agazeta\/papudinha-passa-por-reformas-apos-ataques-do-ano-passado\/","name":"Papudinha passa por reformas ap\u00f3s ataques do ano passado - Agazeta.net","isPartOf":{"@id":"https:\/\/nk7-testes.com.br\/agazeta\/#website"},"primaryImageOfPage":{"@id":"https:\/\/nk7-testes.com.br\/agazeta\/papudinha-passa-por-reformas-apos-ataques-do-ano-passado\/#primaryimage"},"image":{"@id":"https:\/\/nk7-testes.com.br\/agazeta\/papudinha-passa-por-reformas-apos-ataques-do-ano-passado\/#primaryimage"},"thumbnailUrl":"https:\/\/nk7-testes.com.br\/agazeta\/wp-content\/uploads\/2017\/01\/040117policia-papudinha-seguranca.jpg","datePublished":"2017-01-04T14:44:02+00:00","author":{"@id":"https:\/\/nk7-testes.com.br\/agazeta\/#\/schema\/person\/ff6b39d54d6973bfc57f4140f659b23f"},"breadcrumb":{"@id":"https:\/\/nk7-testes.com.br\/agazeta\/papudinha-passa-por-reformas-apos-ataques-do-ano-passado\/#breadcrumb"},"inLanguage":"pt-BR","potentialAction":[{"@type":"ReadAction","target":["https:\/\/nk7-testes.com.br\/agazeta\/papudinha-passa-por-reformas-apos-ataques-do-ano-passado\/"]}]},{"@type":"ImageObject","inLanguage":"pt-BR","@id":"https:\/\/nk7-testes.com.br\/agazeta\/papudinha-passa-por-reformas-apos-ataques-do-ano-passado\/#primaryimage","url":"https:\/\/nk7-testes.com.br\/agazeta\/wp-content\/uploads\/2017\/01\/040117policia-papudinha-seguranca.jpg","contentUrl":"https:\/\/nk7-testes.com.br\/agazeta\/wp-content\/uploads\/2017\/01\/040117policia-papudinha-seguranca.jpg","width":458,"height":340,"caption":"040117pol\u00edcia-papudinha-seguranca"},{"@type":"BreadcrumbList","@id":"https:\/\/nk7-testes.com.br\/agazeta\/papudinha-passa-por-reformas-apos-ataques-do-ano-passado\/#breadcrumb","itemListElement":[{"@type":"ListItem","position":1,"name":"In\u00edcio","item":"https:\/\/nk7-testes.com.br\/agazeta\/"},{"@type":"ListItem","position":2,"name":"Papudinha passa por reformas ap\u00f3s ataques do ano passado"}]},{"@type":"WebSite","@id":"https:\/\/nk7-testes.com.br\/agazeta\/#website","url":"https:\/\/nk7-testes.com.br\/agazeta\/","name":"Agazeta.net","description":"Agazeta.net - Not\u00edcias de Rio Branco\/AC","potentialAction":[{"@type":"SearchAction","target":{"@type":"EntryPoint","urlTemplate":"https:\/\/nk7-testes.com.br\/agazeta\/?s={search_term_string}"},"query-input":{"@type":"PropertyValueSpecification","valueRequired":true,"valueName":"search_term_string"}}],"inLanguage":"pt-BR"},{"@type":"Person","@id":"https:\/\/nk7-testes.com.br\/agazeta\/#\/schema\/person\/ff6b39d54d6973bfc57f4140f659b23f","name":"Agazeta.Net","url":"https:\/\/nk7-testes.com.br\/agazeta\/author\/agazeta\/"}]}},"_links":{"self":[{"href":"https:\/\/nk7-testes.com.br\/agazeta\/wp-json\/wp\/v2\/posts\/27235","targetHints":{"allow":["GET"]}}],"collection":[{"href":"https:\/\/nk7-testes.com.br\/agazeta\/wp-json\/wp\/v2\/posts"}],"about":[{"href":"https:\/\/nk7-testes.com.br\/agazeta\/wp-json\/wp\/v2\/types\/post"}],"author":[{"embeddable":true,"href":"https:\/\/nk7-testes.com.br\/agazeta\/wp-json\/wp\/v2\/users\/4"}],"replies":[{"embeddable":true,"href":"https:\/\/nk7-testes.com.br\/agazeta\/wp-json\/wp\/v2\/comments?post=27235"}],"version-history":[{"count":0,"href":"https:\/\/nk7-testes.com.br\/agazeta\/wp-json\/wp\/v2\/posts\/27235\/revisions"}],"wp:featuredmedia":[{"embeddable":true,"href":"https:\/\/nk7-testes.com.br\/agazeta\/wp-json\/wp\/v2\/media\/27234"}],"wp:attachment":[{"href":"https:\/\/nk7-testes.com.br\/agazeta\/wp-json\/wp\/v2\/media?parent=27235"}],"wp:term":[{"taxonomy":"category","embeddable":true,"href":"https:\/\/nk7-testes.com.br\/agazeta\/wp-json\/wp\/v2\/categories?post=27235"},{"taxonomy":"post_tag","embeddable":true,"href":"https:\/\/nk7-testes.com.br\/agazeta\/wp-json\/wp\/v2\/tags?post=27235"}],"curies":[{"name":"wp","href":"https:\/\/api.w.org\/{rel}","templated":true}]}}